{"id":5710,"date":"2026-08-31T15:51:32","date_gmt":"2026-08-31T15:51:32","guid":{"rendered":"https:\/\/mazarrononline.com\/?p=5710"},"modified":"2026-08-31T15:51:32","modified_gmt":"2026-08-31T15:51:32","slug":"que-hacer-en-mazarron-del-31-de-agosto-al-6-de-septiembre-de-2026","status":"publish","type":"post","link":"https:\/\/mazarrononline.com\/en\/que-hacer-en-mazarron-del-31-de-agosto-al-6-de-septiembre-de-2026\/","title":{"rendered":"Qu\u00e9 hacer en Mazarr\u00f3n del 31 de agosto al 6 de septiembre de 2026"},"content":{"rendered":"<h2><span style=\"color: #333399;\">Qu\u00e9 hacer en Mazarr\u00f3n del 31 de agosto al 6 de septiembre de 2026<\/span><\/h2>\n<p>\u00bfEst\u00e1s buscando <strong>qu\u00e9 hacer en Mazarr\u00f3n esta semana<\/strong>, qu\u00e9 planes hay en Puerto de Mazarr\u00f3n o c\u00f3mo disfrutar de los primeros d\u00edas de septiembre? En esta agenda de <strong>Mazarr\u00f3nOnline<\/strong> recopilamos los principales eventos, actividades y citas culturales previstas del <strong>31 de agosto al 6 de septiembre de 2026<\/strong>.<\/p>\n<p>Esta semana despedimos el cine de verano en la playa con la proyecci\u00f3n de <em>PoliCan<\/em>, iniciamos el mes con la ruta guiada por las <strong>Calas de Boletis<\/strong>, disfrutamos de los \u00faltimos d\u00edas de la gran exposici\u00f3n callejera del <strong>Museo del Prado en el Puerto Deportivo<\/strong>, vivimos el concurso audiovisual <strong>VIII Mazarr\u00f3n Supervivencia F\u00edlmica (Mares de Papel)<\/strong> y seguimos disfrutando de mercadillos, deporte en la playa y la <strong>Noria Mirador Princess<\/strong>.<\/p>\n<p>Tanto si vives en el municipio como si apuras tus vacaciones en <strong>Puerto de Mazarr\u00f3n, Bolnuevo o las pedan\u00edas<\/strong>, aqu\u00ed tienes una selecci\u00f3n actualizada de planes para organizar tu semana.<\/p>\n<div style=\"background: #fff8e5; border-left: 5px solid #ff9800; padding: 18px; margin: 30px 0; border-radius: 6px;\"><strong>\ud83d\udca1 Consejo:<\/strong> Guarda esta p\u00e1gina en favoritos. La agenda se actualiza semanalmente con nuevos eventos, cambios de horario y actividades tur\u00edsticas en Mazarr\u00f3n.<\/div>\n<h2><span style=\"color: #333399;\">\ud83d\udcd1 \u00cdndice de la agenda de Mazarr\u00f3n<\/span><\/h2>\n<ul>\n<li><a href=\"#destacados\">\u2b50 Eventos destacados<\/a><\/li>\n<li><a href=\"#hoy\">\ud83d\udcc5 Qu\u00e9 hacer hoy en Mazarr\u00f3n<\/a><\/li>\n<li><a href=\"#finsemana\">\ud83c\udf89 Qu\u00e9 hacer este fin de semana<\/a><\/li>\n<li><a href=\"#noria\">\ud83c\udfa1 Noria Mirador Princess<\/a><\/li>\n<li><a href=\"#exposicion\">\ud83d\uddbc\ufe0f Exposici\u00f3n El Museo del Prado en Mazarr\u00f3n<\/a><\/li>\n<li><a href=\"#rutas\">\ud83e\udd7e Rutas y visitas guiadas<\/a><\/li>\n<li><a href=\"#cine\">\ud83c\udfac Cine de verano (\u00daltima proyecci\u00f3n)<\/a><\/li>\n<li><a href=\"#maresdepapel\">\ud83c\udfad Mares de Papel: Supervivencia F\u00edlmica<\/a><\/li>\n<li><a href=\"#mercados\">\ud83d\udecd\ufe0f Mercadillos<\/a><\/li>\n<li><a href=\"#deporte\">\ud83c\udfd6\ufe0f Deporte en la playa<\/a><\/li>\n<li><a href=\"#piscina\">\ud83c\udfca Piscina y espacios culturales<\/a><\/li>\n<li><a href=\"#gratis\">\ud83d\udcb0 Qu\u00e9 hacer gratis en Mazarr\u00f3n<\/a><\/li>\n<li><a href=\"#faq\">\u2753 Preguntas frecuentes<\/a><\/li>\n<li><a href=\"#conclusion\">Conclusi\u00f3n<\/a><\/li>\n<\/ul>\n<h2 id=\"destacados\"><span style=\"color: #333399;\">\u2b50 Eventos destacados en Mazarr\u00f3n esta semana<\/span><\/h2>\n<p>Estos son algunos de los principales planes que puedes disfrutar en Mazarr\u00f3n y Puerto de Mazarr\u00f3n del <strong>31 de agosto al 6 de septiembre de 2026<\/strong>.<\/p>\n<div style=\"overflow-x: auto; margin: 25px 0;\">\n<table style=\"width: 100%; border-collapse: collapse; min-width: 650px;\">\n<tbody>\n<tr style=\"background: #f5f5f5;\">\n<th style=\"padding: 10px; border: 1px solid #ddd;\">D\u00eda<\/th>\n<th style=\"padding: 10px; border: 1px solid #ddd;\">Evento<\/th>\n<th style=\"padding: 10px; border: 1px solid #ddd;\">Lugar<\/th>\n<th style=\"padding: 10px; border: 1px solid #ddd;\">Acceso \/ Hora<\/th>\n<\/tr>\n<tr>\n<td style=\"padding: 10px; border: 1px solid #ddd;\"><strong>Lunes 31 (Agosto)<\/strong><\/td>\n<td style=\"padding: 10px; border: 1px solid #ddd;\">\ud83c\udfac <strong>Cine de Verano: PoliCan<\/strong> (\u00daltima sesi\u00f3n)<\/td>\n<td style=\"padding: 10px; border: 1px solid #ddd;\">Playa de La Isla<\/td>\n<td style=\"padding: 10px; border: 1px solid #ddd;\">Gratis \u00b7 21:30 h<\/td>\n<\/tr>\n<tr>\n<td style=\"padding: 10px; border: 1px solid #ddd;\"><strong>Martes 1 &#8211; Jueves 3<\/strong><\/td>\n<td style=\"padding: 10px; border: 1px solid #ddd;\">\ud83d\uddbc\ufe0f <strong>Exposici\u00f3n \u00abEl Museo del Prado en Mazarr\u00f3n\u00bb<\/strong><br \/>\n\ud83c\udfd6\ufe0f <strong>Deporte en la Playa<\/strong><\/td>\n<td style=\"padding: 10px; border: 1px solid #ddd;\">Puerto Deportivo<br \/>\nPlayas de Puerto y Reya<\/td>\n<td style=\"padding: 10px; border: 1px solid #ddd;\">Acceso libre 24h<br \/>\nMa\u00f1ana y Tarde<\/td>\n<\/tr>\n<tr>\n<td style=\"padding: 10px; border: 1px solid #ddd;\"><strong>Viernes 4<\/strong><\/td>\n<td style=\"padding: 10px; border: 1px solid #ddd;\">\ud83c\udfa5 <strong>Gala Inaugural VIII Mazarr\u00f3n Supervivencia F\u00edlmica<\/strong><\/td>\n<td style=\"padding: 10px; border: 1px solid #ddd;\">Paseo Agust\u00edn Herrer\u00edn<\/td>\n<td style=\"padding: 10px; border: 1px solid #ddd;\">19:00 h \u00b7 Entrada libre<\/td>\n<\/tr>\n<tr>\n<td style=\"padding: 10px; border: 1px solid #ddd;\"><strong>S\u00e1bado 5<\/strong><\/td>\n<td style=\"padding: 10px; border: 1px solid #ddd;\">\ud83d\udecd\ufe0f <strong>Mercadillo de Mazarr\u00f3n Pueblo<\/strong><br \/>\n\ud83c\udfac <strong>Actividades y Rodajes Supervivencia F\u00edlmica<\/strong><\/td>\n<td style=\"padding: 10px; border: 1px solid #ddd;\">Plaza del Convento<br \/>\nPaseo Agust\u00edn Herrer\u00edn \/ Varios<\/td>\n<td style=\"padding: 10px; border: 1px solid #ddd;\">08:00 &#8211; 14:00 h<br \/>\n22:00 h<\/td>\n<\/tr>\n<tr>\n<td style=\"padding: 10px; border: 1px solid #ddd;\"><strong>Domingo 6<\/strong><\/td>\n<td style=\"padding: 10px; border: 1px solid #ddd;\">\ud83d\udecd\ufe0f <strong>Mercadillo del Puerto de Mazarr\u00f3n<\/strong><br \/>\n\ud83e\udd7e <strong>Ruta Guiada: Senderismo Calas de Boletis<\/strong><br \/>\n\ud83d\uddbc\ufe0f <strong>\u00daltimo d\u00eda Exposici\u00f3n El Prado<\/strong><\/td>\n<td style=\"padding: 10px; border: 1px solid #ddd;\">Puerto de Mazarr\u00f3n<br \/>\nCalas de Boletis<br \/>\nPuerto Deportivo<\/td>\n<td style=\"padding: 10px; border: 1px solid #ddd;\">08:00 &#8211; 14:00 h<br \/>\n17:00 h \u00b7 Inscripci\u00f3n<br \/>\nTodo el d\u00eda<\/td>\n<\/tr>\n<\/tbody>\n<\/table>\n<\/div>\n<h2 id=\"hoy\"><span style=\"color: #333399;\">\ud83d\udcc5 \u00bfQu\u00e9 hacer hoy en Mazarr\u00f3n?<\/span><\/h2>\n<p>Si buscas <strong>qu\u00e9 hacer hoy en Mazarr\u00f3n<\/strong>, este lunes 31 de agosto despide el mes con una gran cita familiar al aire libre:<\/p>\n<ul>\n<li>\ud83c\udfac <strong>\u00daltima Proyecci\u00f3n del Cine de Verano:<\/strong> pel\u00edcula infantil <em>PoliCan<\/em> a las 21:30 h en la Playa de La Isla (evento gratuito, no olvides tu silla o toalla).<\/li>\n<li>\ud83d\uddbc\ufe0f <strong>El Museo del Prado en el Puerto Deportivo:<\/strong> paseo cultural al aire libre admirando las reproducciones de grandes obras maestras de la pintura.<\/li>\n<li>\ud83c\udfa1 <strong>Noria Mirador Princess:<\/strong> abierta en el Paseo del Puerto para contemplar la bah\u00eda iluminada desde las alturas.<\/li>\n<li>\ud83c\udfd6\ufe0f <strong>Deporte en la playa:<\/strong> sesiones gratuitas de mantenimiento en la Playa del Puerto y La Reya.<\/li>\n<\/ul>\n<p>Tambi\u00e9n puedes consultar nuestra secci\u00f3n de <a href=\"https:\/\/mazarrononline.com\/en\/eventos\/\">eventos de Mazarr\u00f3n<\/a> para descubrir otros planes.<\/p>\n<h2 id=\"finsemana\"><span style=\"color: #333399;\">\ud83c\udf89 \u00bfQu\u00e9 hacer este fin de semana en Mazarr\u00f3n?<\/span><\/h2>\n<p>El primer fin de semana de septiembre (del <strong>4 al 6 de septiembre<\/strong>) viene cargado de cine, naturaleza y cultura:<\/p>\n<ul>\n<li>\ud83c\udfa5 <strong>VIII Mazarr\u00f3n Supervivencia F\u00edlmica (Mares de Papel):<\/strong> el certamen de cortometrajes expr\u00e9s arranca el viernes 4 a las 19:00 h y llena las calles de cine de guerrilla con gala y actividades el fin de semana.<\/li>\n<li>\ud83e\udd7e <strong>Ruta de Senderismo Calas de Boletis:<\/strong> el domingo 6 a las 17:00 h, excursi\u00f3n guiada costera para dar la bienvenida a septiembre.<\/li>\n<li>\ud83d\uddbc\ufe0f <strong>Cierre Exposici\u00f3n Museo del Prado:<\/strong> \u00faltima oportunidad para visitar la exposici\u00f3n al aire libre en el Puerto Deportivo antes de su clausura el domingo 6 de septiembre.<\/li>\n<li>\ud83d\udecd\ufe0f <strong>Mercadillo semanal de Mazarr\u00f3n Pueblo:<\/strong> s\u00e1bado por la ma\u00f1ana en la Plaza del Convento.<\/li>\n<li>\ud83d\udecd\ufe0f <strong>Mercadillo semanal del Puerto de Mazarr\u00f3n:<\/strong> domingo por la ma\u00f1ana en la Calle Parque de Do\u00f1ana.<\/li>\n<li>\ud83c\udfa1 <strong>Noria Mirador Princess:<\/strong> paseos en cabinas climatizadas durante todo el fin de semana.<\/li>\n<\/ul>\n<h2 id=\"noria\" style=\"color: #333399; border-left: 4px solid #333399; padding-left: 10px;\">\ud83c\udfa1 Noria Mirador Princess: una de las atracciones del verano<\/h2>\n<p>La <a href=\"https:\/\/mazarrononline.com\/en\/noria-puerto-de-mazarron\/\">Noria Mirador Princess de Puerto de Mazarr\u00f3n<\/a> sigue ofreciendo una panor\u00e1mica espectacular de 360 grados sobre la costa y la bah\u00eda.<\/p>\n<p>Con sus <strong>45 metros de altura<\/strong>, es una opci\u00f3n perfecta para disfrutar en familia o en pareja tanto de d\u00eda como al anochecer.<\/p>\n<div style=\"background: #fdf6e2; border: 1px solid #f3d996; border-radius: 8px; padding: 20px; margin: 25px 0;\">\n<h3 style=\"margin-top: 0; color: #7d5a00;\">\ud83d\udccd Informaci\u00f3n pr\u00e1ctica de la Noria<\/h3>\n<ul>\n<li><strong>\ud83d\udccd Ubicaci\u00f3n:<\/strong> Paseo del Puerto de Mazarr\u00f3n.<\/li>\n<li><strong>\ud83d\udccf Altura:<\/strong> 45 metros.<\/li>\n<li><strong>\u267f Cabinas:<\/strong> climatizadas y adaptadas para personas con movilidad reducida.<\/li>\n<\/ul>\n<p><strong>Horario habitual:<\/strong><\/p>\n<ul>\n<li><strong>Lunes a viernes:<\/strong> 11:00 a 14:00 h y 18:00 a 00:00 h.<\/li>\n<li><strong>S\u00e1bados, domingos y festivos:<\/strong> 11:00 a 01:00 h.<\/li>\n<\/ul>\n<p style=\"margin-bottom: 0;\">Puedes consultar todos los detalles, tarifas y fotograf\u00edas en nuestra gu\u00eda de la <a href=\"https:\/\/mazarrononline.com\/en\/noria-puerto-de-mazarron\/\">Noria de Puerto de Mazarr\u00f3n<\/a>.<\/p>\n<\/div>\n<h2 id=\"exposicion\"><span style=\"color: #333399;\">\ud83d\uddbc\ufe0f Exposici\u00f3n \u00abEl Museo del Prado en Mazarr\u00f3n\u00bb (\u00daltimos d\u00edas)<\/span><\/h2>\n<p>Hasta este **domingo 6 de septiembre**, el Puerto Deportivo acoge la c\u00e9lebre exposici\u00f3n al aire libre **\u00bbEl Museo del Prado en Mazarr\u00f3n\u00bb**.<\/p>\n<div style=\"background: #fdf2f2; border: 1px solid #f8b4b4; border-radius: 8px; padding: 20px; margin: 25px 0;\">\n<h3 style=\"margin-top: 0; color: #9b1c1c;\">\ud83c\udfa8 Obras maestras al aire libre junto al mar<\/h3>\n<p>Una oportunidad \u00fanica para contemplar reproducciones a escala real de las obras m\u00e1s emblem\u00e1ticas de la pinacoteca madrile\u00f1a (Vel\u00e1zquez, Goya, El Greco, Rubens y m\u00e1s) en un entorno privilegiado.<\/p>\n<ul>\n<li><strong>\ud83d\udcc5 Fechas:<\/strong> Del 24 de julio al 6 de septiembre de 2026.<\/li>\n<li><strong>\ud83d\udccd Ubicaci\u00f3n:<\/strong> Puerto Deportivo de Puerto de Mazarr\u00f3n.<\/li>\n<li><strong>\ud83c\udf9f\ufe0f Acceso:<\/strong> Gratuito y de libre acceso las 24 horas del d\u00eda.<\/li>\n<\/ul>\n<\/div>\n<h2 id=\"rutas\"><span style=\"color: #333399;\">\ud83e\udd7e Rutas y visitas guiadas en Mazarr\u00f3n esta semana<\/span><\/h2>\n<p>Septiembre arranca con nuevas rutas gratuitas para descubrir el litoral y el entorno natural del municipio.<\/p>\n<div style=\"background: #f2faf2; border: 1px solid #cae8ca; border-radius: 8px; padding: 20px; margin: 25px 0;\">\n<h3 style=\"margin-top: 0; color: #1b5e20;\">\ud83e\udd7e Domingo 6 de septiembre \u00b7 Ruta de Senderismo \u00abCalas de Boletis\u00bb<\/h3>\n<p>Recorrido guiado para descubrir los paisajes v\u00edrgenes, acantilados y la belleza natural del litoral mazarronero.<\/p>\n<ul>\n<li><strong>\ud83d\udcc5 Fecha:<\/strong> domingo 6 de septiembre de 2026.<\/li>\n<li><strong>\u23f0 Hora:<\/strong> 17:00 h.<\/li>\n<li><strong>\ud83d\udccd Lugar:<\/strong> Calas de Boletis.<\/li>\n<li><strong>\ud83c\udf9f\ufe0f Acceso:<\/strong> Actividad gratuita con plazas limitadas (inscripci\u00f3n previa obligatoria).<\/li>\n<li><strong>\ud83d\udcdd Reservas:<\/strong> Las inscripciones se abren 7 d\u00edas antes del evento en <a href=\"https:\/\/www.visitamazarron.com\" target=\"_blank\" rel=\"noopener\">visitamazarron.com<\/a> o <a href=\"https:\/\/www.turismoregiondemurcia.es\" target=\"_blank\" rel=\"noopener\">turismoregiondemurcia.es<\/a>.<\/li>\n<\/ul>\n<\/div>\n<h2 id=\"cine\"><span style=\"color: #333399;\">\ud83c\udfac Cine de verano en Mazarr\u00f3n: gran fin de ciclo<\/span><\/h2>\n<p>El <strong>cine de verano gratuito<\/strong> frente al mar en la Playa de La Isla se despide esta semana con su \u00faltima Proyecci\u00f3n del verano.<\/p>\n<div style=\"background: #f7f3ff; border: 1px solid #ddd6fe; border-radius: 8px; padding: 22px; margin: 25px 0;\">\n<h3 style=\"margin-top: 0; color: #5b21b6;\">\ud83d\udc36 Lunes 31 de agosto \u00b7 PoliCan (\u00daltima Proyecci\u00f3n)<\/h3>\n<p>Proyecci\u00f3n pensada para el disfrute de los m\u00e1s peque\u00f1os y el p\u00fablico familiar sobre las olas del mar.<\/p>\n<ul>\n<li><strong>\ud83c\udfac Pel\u00edcula:<\/strong> <em>PoliCan<\/em> (Animaci\u00f3n \/ Familiar).<\/li>\n<li><strong>\u23f0 Hora:<\/strong> 21:30 h.<\/li>\n<li><strong>\ud83d\udccd Lugar:<\/strong> Playa de La Isla (Puerto de Mazarr\u00f3n).<\/li>\n<li><strong>\ud83c\udf9f\ufe0f Entrada:<\/strong> Gratuita (\u00a1recuerda traer tu toalla o silla para acomodarte!).<\/li>\n<\/ul>\n<\/div>\n<div style=\"background: #f3f0ff; border-left: 5px solid #5b21b6; border-radius: 8px; padding: 20px; margin: 25px 0;\">\n<h3 style=\"margin-top: 0; color: #5b21b6;\">\ud83c\udfac \u00bfBuscas la cartelera de cine comercial?<\/h3>\n<p>Si quieres consultar qu\u00e9 pel\u00edculas se proyectan en pantalla grande en sala, consulta nuestra gu\u00eda de <strong>cines y cartelera<\/strong> con la programaci\u00f3n del <strong>Cine Bah\u00eda de Puerto de Mazarr\u00f3n<\/strong>.<\/p>\n<p style=\"text-align: center; margin-bottom: 0;\"><a style=\"display: inline-block; background: #5b21b6; color: #ffffff; text-decoration: none; padding: 12px 22px; border-radius: 6px; font-weight: bold;\" href=\"https:\/\/mazarrononline.com\/en\/cines-en-mazarron-cartelera\/\">\ud83c\udf7f Ver cines y cartelera de Mazarr\u00f3n<\/a><\/p>\n<\/div>\n<h2 id=\"maresdepapel\"><span style=\"color: #333399;\">\ud83c\udfad Mares de Papel 2026: VIII Mazarr\u00f3n Supervivencia F\u00edlmica<\/span><\/h2>\n<p>El festival <strong>Mares de Papel (VII Edici\u00f3n)<\/strong> encara su broche final esta semana acogiendo el trepidante concurso y festival de cortometrajes expr\u00e9s.<\/p>\n<div style=\"background: #f0f4ff; border: 1px solid #c7d2fe; border-radius: 8px; padding: 20px; margin: 25px 0;\">\n<h3 style=\"margin-top: 0; color: #1e40af;\">\ud83c\udfac Del 4 al 6 de septiembre \u00b7 VIII Mazarr\u00f3n Supervivencia F\u00edlmica<\/h3>\n<p>Equipos de cineastas ruedan a contrarreloj en localizaciones del municipio.<\/p>\n<ul>\n<li><strong>\ud83d\udcc5 Viernes 4 de septiembre:<\/strong> 19:00 h &#8211; Apertura de puertas y Gala de Inauguraci\u00f3n con sorteo de grupos en Paseo Agust\u00edn Herrer\u00edn.<\/li>\n<li><strong>\ud83d\udcc5 S\u00e1bado 5 de septiembre:<\/strong> 22:00 h &#8211; Actividades abiertas al p\u00fablico y proyecciones vinculadas al s\u00e9ptimo arte.<\/li>\n<li><strong>\ud83d\udccd Lugar principal:<\/strong> Paseo Agust\u00edn Herrer\u00edn (Puerto de Mazarr\u00f3n).<\/li>\n<li><strong>\ud83c\udf9f\ufe0f Entrada:<\/strong> Libre.<\/li>\n<\/ul>\n<\/div>\n<h2 id=\"mercados\"><span style=\"color: #333399;\">\ud83d\udecd\ufe0f Mercadillos en Mazarr\u00f3n y Puerto de Mazarr\u00f3n<\/span><\/h2>\n<p>Los <strong>mercadillos semanales<\/strong> contin\u00faan siendo una visita obligada para encontrar fruta y verdura de la huerta, textil, artesan\u00eda y productos locales.<\/p>\n<div style=\"overflow-x: auto;\">\n<table style=\"width: 100%; border-collapse: collapse; margin-top: 20px;\">\n<tbody>\n<tr style=\"background: #f5f5f5;\">\n<th style=\"padding: 12px; border: 1px solid #ddd;\">Mercado<\/th>\n<th style=\"padding: 12px; border: 1px solid #ddd;\">D\u00eda<\/th>\n<th style=\"padding: 12px; border: 1px solid #ddd;\">Horario \/ Ubicaci\u00f3n<\/th>\n<\/tr>\n<tr>\n<td style=\"padding: 12px; border: 1px solid #ddd;\">Mercadillo de Mazarr\u00f3n Pueblo<\/td>\n<td style=\"padding: 12px; border: 1px solid #ddd;\"><strong>S\u00e1bado 5 de septiembre<\/strong><\/td>\n<td style=\"padding: 12px; border: 1px solid #ddd;\">08:00 &#8211; 14:00 h \u00b7 Plaza del Convento<\/td>\n<\/tr>\n<tr>\n<td style=\"padding: 12px; border: 1px solid #ddd;\">Mercadillo del Puerto de Mazarr\u00f3n<\/td>\n<td style=\"padding: 12px; border: 1px solid #ddd;\"><strong>Domingo 6 de septiembre<\/strong><\/td>\n<td style=\"padding: 12px; border: 1px solid #ddd;\">08:00 &#8211; 14:00 h \u00b7 Calle Parque de Do\u00f1ana<\/td>\n<\/tr>\n<tr>\n<td style=\"padding: 12px; border: 1px solid #ddd;\">Mercadillo Artesanal<\/td>\n<td style=\"padding: 12px; border: 1px solid #ddd;\">Fin de semana<\/td>\n<td style=\"padding: 12px; border: 1px solid #ddd;\">Plaza Campe\u00f3n Pedro Acosta (Inicio Paseo Mar\u00edtimo)<\/td>\n<\/tr>\n<\/tbody>\n<\/table>\n<\/div>\n<div style=\"background-color: #f4f6f8; border-left: 5px solid #333399; border-radius: 6px; padding: 18px 20px; margin: 25px 0;\">\n<p style=\"margin: 0 0 8px 0; font-size: 13px; font-weight: bold; color: #333399; text-transform: uppercase; letter-spacing: 0.5px;\">\ud83d\udccc Art\u00edculo relacionado<\/p>\n<p style=\"margin: 0 0 12px 0; font-size: 16px; font-weight: bold; color: #222222; line-height: 1.4;\">Descubre todos los mercadillos y mercados semanales de Mazarr\u00f3n<\/p>\n<p style=\"margin: 0 0 12px 0; font-size: 14px; color: #555555; line-height: 1.5;\">Consulta los d\u00edas de celebraci\u00f3n, ubicaciones exactas, horarios y consejos para visitar los mercadillos del Puerto, el Pueblo y los puestos artesanales.<\/p>\n<p style=\"margin: 0;\"><a style=\"display: inline-block; background-color: #333399; color: #ffffff; font-weight: bold; font-size: 14px; padding: 10px 18px; border-radius: 4px; text-decoration: none;\" href=\"https:\/\/mazarrononline.com\/en\/mercadillos-mazarron\/\">\ud83d\uded2 Gu\u00eda Completa de Mercadillos en Mazarr\u00f3n \u00bb<\/a><\/p>\n<\/div>\n<h2 id=\"gratis\"><span style=\"color: #333399;\">\ud83d\udcb0 \u00bfQu\u00e9 hacer gratis en Mazarr\u00f3n esta semana?<\/span><\/h2>\n<p>Si buscas <strong>planes gratis en Mazarr\u00f3n<\/strong> del 31 de agosto al 6 de septiembre, cuentas con multitud de opciones:<\/p>\n<div style=\"overflow-x: auto;\">\n<table style=\"width: 1022px; border-collapse: collapse; margin-top: 20px; height: 295px;\">\n<tbody>\n<tr style=\"background: #eef7ff;\">\n<th style=\"padding: 12px; border: 1px solid #ddd;\">Actividad<\/th>\n<th style=\"padding: 12px; border: 1px solid #ddd;\">Precio \/ Acceso<\/th>\n<\/tr>\n<tr>\n<td style=\"padding: 12px; border: 1px solid #ddd;\">Cine de Verano (PoliCan &#8211; 31 Ago)<\/td>\n<td style=\"padding: 12px; border: 1px solid #ddd;\">\u2705 Gratis<\/td>\n<\/tr>\n<tr>\n<td style=\"padding: 12px; border: 1px solid #ddd;\">Exposici\u00f3n El Museo del Prado en Mazarr\u00f3n<\/td>\n<td style=\"padding: 12px; border: 1px solid #ddd;\">\u2705 Gratis<\/td>\n<\/tr>\n<tr>\n<td style=\"padding: 12px; border: 1px solid #ddd;\">Mares de Papel: Supervivencia F\u00edlmica<\/td>\n<td style=\"padding: 12px; border: 1px solid #ddd;\">\u2705 Gratis<\/td>\n<\/tr>\n<tr>\n<td style=\"padding: 12px; border: 1px solid #ddd;\">Ruta Guiada Calas de Boletis (6 Sep)<\/td>\n<td style=\"padding: 12px; border: 1px solid #ddd;\">\u2705 Gratis con inscripci\u00f3n<\/td>\n<\/tr>\n<tr>\n<td style=\"padding: 12px; border: 1px solid #ddd;\"><\/td>\n<td style=\"padding: 12px; border: 1px solid #ddd;\"><\/td>\n<\/tr>\n<\/tbody>\n<\/table>\n<\/div>\n<h2 id=\"faq\"><span style=\"color: #333399;\">\u2753 Preguntas frecuentes sobre la agenda de Mazarr\u00f3n<\/span><\/h2>\n<h3>\u00bfQu\u00e9 hacer en Mazarr\u00f3n esta semana?<\/h3>\n<p>Del 31 de agosto al 6 de septiembre puedes asistir a la \u00faltima noche de cine de verano en la playa, recorrer la exposici\u00f3n del Museo del Prado en el Puerto Deportivo, disfrutar del festival audiovisual Supervivencia F\u00edlmica, realizar senderismo por las Calas de Boletis y visitar los mercadillos habituales.<\/p>\n<h3>\u00bfHasta cu\u00e1ndo est\u00e1 la exposici\u00f3n del Museo del Prado en Mazarr\u00f3n?<\/h3>\n<p>La exposici\u00f3n al aire libre instalada en el Puerto Deportivo de Puerto de Mazarr\u00f3n finaliza este <strong>domingo 6 de septiembre de 2026<\/strong>.<\/p>\n<h3>\u00bfCu\u00e1ndo se proyecta PoliCan en el cine de verano?<\/h3>\n<p>La proyecci\u00f3n de <em>PoliCan<\/em> se celebra el <strong>lunes 31 de agosto a las 21:30 h<\/strong> en la Playa de La Isla con acceso libre.<\/p>\n<h3>\u00bfC\u00f3mo inscribirse en la ruta de senderismo de Calas de Boletis?<\/h3>\n<p>Se celebra el <strong>domingo 6 de septiembre a las 17:00 h<\/strong>. Las plazas son limitadas y la reserva previa se gestiona a trav\u00e9s de la web oficial de turismo (visitamazarron.com o turismoregiondemurcia.es).<\/p>\n<div style=\"background: #eefaf1; border-left: 6px solid #28a745; padding: 25px; margin: 35px 0; border-radius: 6px;\">\n<h2 style=\"margin-top: 0;\">\ud83d\udcf2 No te pierdas ning\u00fan evento en Mazarr\u00f3n<\/h2>\n<p>En <strong>Mazarr\u00f3nOnline<\/strong> actualizamos continuamente nuestra <a href=\"https:\/\/mazarrononline.com\/en\/agenda-mazarron\/\">agenda de Mazarr\u00f3n<\/a> y la secci\u00f3n de <a href=\"https:\/\/mazarrononline.com\/en\/eventos\/\">eventos<\/a> con novedades y nuevas propuestas tur\u00edsticas.<\/p>\n<p><strong>Guarda esta p\u00e1gina entre tus favoritos<\/strong> para estar al d\u00eda de todos los planes en Mazarr\u00f3n y Puerto de Mazarr\u00f3n.<\/p>\n<\/div>\n<p>La semana del <strong>31 de agosto al 6 de septiembre de 2026<\/strong> marca el inicio de septiembre con una atractiva combinaci\u00f3n de cine, arte en la calle, patrimonio natural y ocio costero.<\/p>\n<p>\u00a1Elige tu plan preferido y disfruta de Mazarr\u00f3n esta semana!<\/p>\n<div style=\"background: #eefaf2; border-left: 6px solid #28a745; padding: 18px; margin: 25px 0; border-radius: 6px;\">\n<h3 style=\"margin-top: 0; color: #198754;\">\ud83d\udd04 \u00daltima actualizaci\u00f3n de la agenda<\/h3>\n<ul>\n<li>\u2705 Actualizado: <strong>31 de agosto de 2026<\/strong>.<\/li>\n<\/ul>\n<\/div>","protected":false},"excerpt":{"rendered":"<p>Qu\u00e9 hacer en Mazarr\u00f3n del 31 de agosto al 6 de septiembre de 2026 \u00bfEst\u00e1s buscando qu\u00e9 hacer en Mazarr\u00f3n esta semana, qu\u00e9 planes hay en Puerto de Mazarr\u00f3n o [&hellip;]<\/p>\n","protected":false},"author":1,"featured_media":5712,"comment_status":"open","ping_status":"open","sticky":false,"template":"","format":"standard","meta":{"footnotes":""},"categories":[87],"tags":[],"class_list":["post-5710","post","type-post","status-publish","format-standard","has-post-thumbnail","hentry","category-agenda"],"blocksy_meta":[],"yoast_head":"<!-- This site is optimized with the Yoast SEO plugin v28.3 - https:\/\/yoast.com\/product\/yoast-seo-wordpress\/ -->\n<title>Qu\u00e9 hacer en Mazarr\u00f3n del 31 de agosto al 6 de septiembre de 2026<\/title>\n<meta name=\"description\" content=\"Descubre los mejores planes en Mazarr\u00f3n y Puerto de Mazarr\u00f3n del 31 de agosto al 6 de septiembre: cine de verano, senderismo, exposici\u00f3n El Prado y festival de cine.\" \/>\n<meta name=\"robots\" content=\"index, follow, max-snippet:-1, max-image-preview:large, max-video-preview:-1\" \/>\n<link rel=\"canonical\" href=\"https:\/\/mazarrononline.com\/en\/que-hacer-en-mazarron-del-31-de-agosto-al-6-de-septiembre-de-2026\/\" \/>\n<meta property=\"og:locale\" content=\"en_GB\" \/>\n<meta property=\"og:type\" content=\"article\" \/>\n<meta property=\"og:title\" content=\"Qu\u00e9 hacer en Mazarr\u00f3n del 31 de agosto al 6 de septiembre de 2026\" \/>\n<meta property=\"og:description\" content=\"Descubre los mejores planes en Mazarr\u00f3n y Puerto de Mazarr\u00f3n del 31 de agosto al 6 de septiembre: cine de verano, senderismo, exposici\u00f3n El Prado y festival de cine.\" \/>\n<meta property=\"og:url\" content=\"https:\/\/mazarrononline.com\/en\/que-hacer-en-mazarron-del-31-de-agosto-al-6-de-septiembre-de-2026\/\" \/>\n<meta property=\"og:site_name\" content=\"Mazarron Online\" \/>\n<meta property=\"article:published_time\" content=\"2026-08-31T15:51:32+00:00\" \/>\n<meta property=\"og:image\" content=\"https:\/\/mazarrononline.com\/wp-content\/uploads\/2026\/08\/que-hacer-en-mazarron-del-31-de-agosto-al-6-de-septiembre-de-2026.jpg\" \/>\n\t<meta property=\"og:image:width\" content=\"1408\" \/>\n\t<meta property=\"og:image:height\" content=\"768\" \/>\n\t<meta property=\"og:image:type\" content=\"image\/jpeg\" \/>\n<meta name=\"author\" content=\"Leyre\" \/>\n<meta name=\"twitter:card\" content=\"summary_large_image\" \/>\n<meta name=\"twitter:label1\" content=\"Written by\" \/>\n\t<meta name=\"twitter:data1\" content=\"Leyre\" \/>\n\t<meta name=\"twitter:label2\" content=\"Estimated reading time\" \/>\n\t<meta name=\"twitter:data2\" content=\"9 minutes\" \/>\n<script type=\"application\/ld+json\" class=\"yoast-schema-graph\">{\"@context\":\"https:\\\/\\\/schema.org\",\"@graph\":[{\"@type\":\"Article\",\"@id\":\"https:\\\/\\\/mazarrononline.com\\\/que-hacer-en-mazarron-del-31-de-agosto-al-6-de-septiembre-de-2026\\\/#article\",\"isPartOf\":{\"@id\":\"https:\\\/\\\/mazarrononline.com\\\/que-hacer-en-mazarron-del-31-de-agosto-al-6-de-septiembre-de-2026\\\/\"},\"author\":{\"name\":\"Leyre\",\"@id\":\"https:\\\/\\\/mazarrononline.com\\\/#\\\/schema\\\/person\\\/d9631cc872d8c011f835a190d882e76d\"},\"headline\":\"Qu\u00e9 hacer en Mazarr\u00f3n del 31 de agosto al 6 de septiembre de 2026\",\"datePublished\":\"2026-08-31T15:51:32+00:00\",\"mainEntityOfPage\":{\"@id\":\"https:\\\/\\\/mazarrononline.com\\\/que-hacer-en-mazarron-del-31-de-agosto-al-6-de-septiembre-de-2026\\\/\"},\"wordCount\":1766,\"commentCount\":0,\"publisher\":{\"@id\":\"https:\\\/\\\/mazarrononline.com\\\/#organization\"},\"image\":{\"@id\":\"https:\\\/\\\/mazarrononline.com\\\/que-hacer-en-mazarron-del-31-de-agosto-al-6-de-septiembre-de-2026\\\/#primaryimage\"},\"thumbnailUrl\":\"https:\\\/\\\/mazarrononline.com\\\/wp-content\\\/uploads\\\/2026\\\/08\\\/que-hacer-en-mazarron-del-31-de-agosto-al-6-de-septiembre-de-2026.jpg\",\"articleSection\":[\"Agenda\"],\"inLanguage\":\"en-GB\",\"potentialAction\":[{\"@type\":\"CommentAction\",\"name\":\"Comment\",\"target\":[\"https:\\\/\\\/mazarrononline.com\\\/que-hacer-en-mazarron-del-31-de-agosto-al-6-de-septiembre-de-2026\\\/#respond\"]}]},{\"@type\":\"WebPage\",\"@id\":\"https:\\\/\\\/mazarrononline.com\\\/que-hacer-en-mazarron-del-31-de-agosto-al-6-de-septiembre-de-2026\\\/\",\"url\":\"https:\\\/\\\/mazarrononline.com\\\/que-hacer-en-mazarron-del-31-de-agosto-al-6-de-septiembre-de-2026\\\/\",\"name\":\"Qu\u00e9 hacer en Mazarr\u00f3n del 31 de agosto al 6 de septiembre de 2026\",\"isPartOf\":{\"@id\":\"https:\\\/\\\/mazarrononline.com\\\/#website\"},\"primaryImageOfPage\":{\"@id\":\"https:\\\/\\\/mazarrononline.com\\\/que-hacer-en-mazarron-del-31-de-agosto-al-6-de-septiembre-de-2026\\\/#primaryimage\"},\"image\":{\"@id\":\"https:\\\/\\\/mazarrononline.com\\\/que-hacer-en-mazarron-del-31-de-agosto-al-6-de-septiembre-de-2026\\\/#primaryimage\"},\"thumbnailUrl\":\"https:\\\/\\\/mazarrononline.com\\\/wp-content\\\/uploads\\\/2026\\\/08\\\/que-hacer-en-mazarron-del-31-de-agosto-al-6-de-septiembre-de-2026.jpg\",\"datePublished\":\"2026-08-31T15:51:32+00:00\",\"description\":\"Descubre los mejores planes en Mazarr\u00f3n y Puerto de Mazarr\u00f3n del 31 de agosto al 6 de septiembre: cine de verano, senderismo, exposici\u00f3n El Prado y festival de cine.\",\"breadcrumb\":{\"@id\":\"https:\\\/\\\/mazarrononline.com\\\/que-hacer-en-mazarron-del-31-de-agosto-al-6-de-septiembre-de-2026\\\/#breadcrumb\"},\"inLanguage\":\"en-GB\",\"potentialAction\":[{\"@type\":\"ReadAction\",\"target\":[\"https:\\\/\\\/mazarrononline.com\\\/que-hacer-en-mazarron-del-31-de-agosto-al-6-de-septiembre-de-2026\\\/\"]}]},{\"@type\":\"ImageObject\",\"inLanguage\":\"en-GB\",\"@id\":\"https:\\\/\\\/mazarrononline.com\\\/que-hacer-en-mazarron-del-31-de-agosto-al-6-de-septiembre-de-2026\\\/#primaryimage\",\"url\":\"https:\\\/\\\/mazarrononline.com\\\/wp-content\\\/uploads\\\/2026\\\/08\\\/que-hacer-en-mazarron-del-31-de-agosto-al-6-de-septiembre-de-2026.jpg\",\"contentUrl\":\"https:\\\/\\\/mazarrononline.com\\\/wp-content\\\/uploads\\\/2026\\\/08\\\/que-hacer-en-mazarron-del-31-de-agosto-al-6-de-septiembre-de-2026.jpg\",\"width\":1408,\"height\":768,\"caption\":\"que-hacer-en-mazarron-del-31-de-agosto-al-6-de-septiembre-de-2026\"},{\"@type\":\"BreadcrumbList\",\"@id\":\"https:\\\/\\\/mazarrononline.com\\\/que-hacer-en-mazarron-del-31-de-agosto-al-6-de-septiembre-de-2026\\\/#breadcrumb\",\"itemListElement\":[{\"@type\":\"ListItem\",\"position\":1,\"name\":\"Portada\",\"item\":\"https:\\\/\\\/mazarrononline.com\\\/\"},{\"@type\":\"ListItem\",\"position\":2,\"name\":\"Qu\u00e9 hacer en Mazarr\u00f3n del 31 de agosto al 6 de septiembre de 2026\"}]},{\"@type\":\"WebSite\",\"@id\":\"https:\\\/\\\/mazarrononline.com\\\/#website\",\"url\":\"https:\\\/\\\/mazarrononline.com\\\/\",\"name\":\"Mazarron Online\",\"description\":\"\",\"publisher\":{\"@id\":\"https:\\\/\\\/mazarrononline.com\\\/#organization\"},\"potentialAction\":[{\"@type\":\"SearchAction\",\"target\":{\"@type\":\"EntryPoint\",\"urlTemplate\":\"https:\\\/\\\/mazarrononline.com\\\/?s={search_term_string}\"},\"query-input\":{\"@type\":\"PropertyValueSpecification\",\"valueRequired\":true,\"valueName\":\"search_term_string\"}}],\"inLanguage\":\"en-GB\"},{\"@type\":\"Organization\",\"@id\":\"https:\\\/\\\/mazarrononline.com\\\/#organization\",\"name\":\"Mazarron Online\",\"url\":\"https:\\\/\\\/mazarrononline.com\\\/\",\"logo\":{\"@type\":\"ImageObject\",\"inLanguage\":\"en-GB\",\"@id\":\"https:\\\/\\\/mazarrononline.com\\\/#\\\/schema\\\/logo\\\/image\\\/\",\"url\":\"https:\\\/\\\/mazarrononline.com\\\/wp-content\\\/uploads\\\/2026\\\/03\\\/mazarrononline.com_.png\",\"contentUrl\":\"https:\\\/\\\/mazarrononline.com\\\/wp-content\\\/uploads\\\/2026\\\/03\\\/mazarrononline.com_.png\",\"width\":891,\"height\":340,\"caption\":\"Mazarron Online\"},\"image\":{\"@id\":\"https:\\\/\\\/mazarrononline.com\\\/#\\\/schema\\\/logo\\\/image\\\/\"}},{\"@type\":\"Person\",\"@id\":\"https:\\\/\\\/mazarrononline.com\\\/#\\\/schema\\\/person\\\/d9631cc872d8c011f835a190d882e76d\",\"name\":\"Leyre\",\"image\":{\"@type\":\"ImageObject\",\"inLanguage\":\"en-GB\",\"@id\":\"https:\\\/\\\/secure.gravatar.com\\\/avatar\\\/3c782ce00e025f94599c550917c21e50e8a575481f274333674068bc26c1b3ff?s=96&d=mm&r=g\",\"url\":\"https:\\\/\\\/secure.gravatar.com\\\/avatar\\\/3c782ce00e025f94599c550917c21e50e8a575481f274333674068bc26c1b3ff?s=96&d=mm&r=g\",\"contentUrl\":\"https:\\\/\\\/secure.gravatar.com\\\/avatar\\\/3c782ce00e025f94599c550917c21e50e8a575481f274333674068bc26c1b3ff?s=96&d=mm&r=g\",\"caption\":\"Leyre\"},\"description\":\"Apasionada del periodismo de viajes y la cultura local, de Mazarr\u00f3n, donde recorro cada d\u00eda los rincones, playas y eventos. Estoy Especializada en gu\u00edas de turismo, ocio y gastronom\u00eda de Mazarr\u00f3n, comparto consejos pr\u00e1cticos y recomendaciones de primera mano para ayudar a vecinos y visitantes a disfrutar al m\u00e1ximo del municipio.\",\"sameAs\":[\"https:\\\/\\\/mazarrononline.com\"],\"url\":\"https:\\\/\\\/mazarrononline.com\\\/en\\\/author\\\/todalainformacionweb\\\/\"}]}<\/script>\n<!-- \/ Yoast SEO plugin. -->","yoast_head_json":{"title":"Qu\u00e9 hacer en Mazarr\u00f3n del 31 de agosto al 6 de septiembre de 2026","description":"Descubre los mejores planes en Mazarr\u00f3n y Puerto de Mazarr\u00f3n del 31 de agosto al 6 de septiembre: cine de verano, senderismo, exposici\u00f3n El Prado y festival de cine.","robots":{"index":"index","follow":"follow","max-snippet":"max-snippet:-1","max-image-preview":"max-image-preview:large","max-video-preview":"max-video-preview:-1"},"canonical":"https:\/\/mazarrononline.com\/en\/que-hacer-en-mazarron-del-31-de-agosto-al-6-de-septiembre-de-2026\/","og_locale":"en_GB","og_type":"article","og_title":"Qu\u00e9 hacer en Mazarr\u00f3n del 31 de agosto al 6 de septiembre de 2026","og_description":"Descubre los mejores planes en Mazarr\u00f3n y Puerto de Mazarr\u00f3n del 31 de agosto al 6 de septiembre: cine de verano, senderismo, exposici\u00f3n El Prado y festival de cine.","og_url":"https:\/\/mazarrononline.com\/en\/que-hacer-en-mazarron-del-31-de-agosto-al-6-de-septiembre-de-2026\/","og_site_name":"Mazarron Online","article_published_time":"2026-08-31T15:51:32+00:00","og_image":[{"width":1408,"height":768,"url":"https:\/\/mazarrononline.com\/wp-content\/uploads\/2026\/08\/que-hacer-en-mazarron-del-31-de-agosto-al-6-de-septiembre-de-2026.jpg","type":"image\/jpeg"}],"author":"Leyre","twitter_card":"summary_large_image","twitter_misc":{"Written by":"Leyre","Estimated reading time":"9 minutes"},"schema":{"@context":"https:\/\/schema.org","@graph":[{"@type":"Article","@id":"https:\/\/mazarrononline.com\/que-hacer-en-mazarron-del-31-de-agosto-al-6-de-septiembre-de-2026\/#article","isPartOf":{"@id":"https:\/\/mazarrononline.com\/que-hacer-en-mazarron-del-31-de-agosto-al-6-de-septiembre-de-2026\/"},"author":{"name":"Leyre","@id":"https:\/\/mazarrononline.com\/#\/schema\/person\/d9631cc872d8c011f835a190d882e76d"},"headline":"Qu\u00e9 hacer en Mazarr\u00f3n del 31 de agosto al 6 de septiembre de 2026","datePublished":"2026-08-31T15:51:32+00:00","mainEntityOfPage":{"@id":"https:\/\/mazarrononline.com\/que-hacer-en-mazarron-del-31-de-agosto-al-6-de-septiembre-de-2026\/"},"wordCount":1766,"commentCount":0,"publisher":{"@id":"https:\/\/mazarrononline.com\/#organization"},"image":{"@id":"https:\/\/mazarrononline.com\/que-hacer-en-mazarron-del-31-de-agosto-al-6-de-septiembre-de-2026\/#primaryimage"},"thumbnailUrl":"https:\/\/mazarrononline.com\/wp-content\/uploads\/2026\/08\/que-hacer-en-mazarron-del-31-de-agosto-al-6-de-septiembre-de-2026.jpg","articleSection":["Agenda"],"inLanguage":"en-GB","potentialAction":[{"@type":"CommentAction","name":"Comment","target":["https:\/\/mazarrononline.com\/que-hacer-en-mazarron-del-31-de-agosto-al-6-de-septiembre-de-2026\/#respond"]}]},{"@type":"WebPage","@id":"https:\/\/mazarrononline.com\/que-hacer-en-mazarron-del-31-de-agosto-al-6-de-septiembre-de-2026\/","url":"https:\/\/mazarrononline.com\/que-hacer-en-mazarron-del-31-de-agosto-al-6-de-septiembre-de-2026\/","name":"Qu\u00e9 hacer en Mazarr\u00f3n del 31 de agosto al 6 de septiembre de 2026","isPartOf":{"@id":"https:\/\/mazarrononline.com\/#website"},"primaryImageOfPage":{"@id":"https:\/\/mazarrononline.com\/que-hacer-en-mazarron-del-31-de-agosto-al-6-de-septiembre-de-2026\/#primaryimage"},"image":{"@id":"https:\/\/mazarrononline.com\/que-hacer-en-mazarron-del-31-de-agosto-al-6-de-septiembre-de-2026\/#primaryimage"},"thumbnailUrl":"https:\/\/mazarrononline.com\/wp-content\/uploads\/2026\/08\/que-hacer-en-mazarron-del-31-de-agosto-al-6-de-septiembre-de-2026.jpg","datePublished":"2026-08-31T15:51:32+00:00","description":"Descubre los mejores planes en Mazarr\u00f3n y Puerto de Mazarr\u00f3n del 31 de agosto al 6 de septiembre: cine de verano, senderismo, exposici\u00f3n El Prado y festival de cine.","breadcrumb":{"@id":"https:\/\/mazarrononline.com\/que-hacer-en-mazarron-del-31-de-agosto-al-6-de-septiembre-de-2026\/#breadcrumb"},"inLanguage":"en-GB","potentialAction":[{"@type":"ReadAction","target":["https:\/\/mazarrononline.com\/que-hacer-en-mazarron-del-31-de-agosto-al-6-de-septiembre-de-2026\/"]}]},{"@type":"ImageObject","inLanguage":"en-GB","@id":"https:\/\/mazarrononline.com\/que-hacer-en-mazarron-del-31-de-agosto-al-6-de-septiembre-de-2026\/#primaryimage","url":"https:\/\/mazarrononline.com\/wp-content\/uploads\/2026\/08\/que-hacer-en-mazarron-del-31-de-agosto-al-6-de-septiembre-de-2026.jpg","contentUrl":"https:\/\/mazarrononline.com\/wp-content\/uploads\/2026\/08\/que-hacer-en-mazarron-del-31-de-agosto-al-6-de-septiembre-de-2026.jpg","width":1408,"height":768,"caption":"que-hacer-en-mazarron-del-31-de-agosto-al-6-de-septiembre-de-2026"},{"@type":"BreadcrumbList","@id":"https:\/\/mazarrononline.com\/que-hacer-en-mazarron-del-31-de-agosto-al-6-de-septiembre-de-2026\/#breadcrumb","itemListElement":[{"@type":"ListItem","position":1,"name":"Portada","item":"https:\/\/mazarrononline.com\/"},{"@type":"ListItem","position":2,"name":"Qu\u00e9 hacer en Mazarr\u00f3n del 31 de agosto al 6 de septiembre de 2026"}]},{"@type":"WebSite","@id":"https:\/\/mazarrononline.com\/#website","url":"https:\/\/mazarrononline.com\/","name":"Mazarron Online","description":"","publisher":{"@id":"https:\/\/mazarrononline.com\/#organization"},"potentialAction":[{"@type":"SearchAction","target":{"@type":"EntryPoint","urlTemplate":"https:\/\/mazarrononline.com\/?s={search_term_string}"},"query-input":{"@type":"PropertyValueSpecification","valueRequired":true,"valueName":"search_term_string"}}],"inLanguage":"en-GB"},{"@type":"Organization","@id":"https:\/\/mazarrononline.com\/#organization","name":"Mazarron Online","url":"https:\/\/mazarrononline.com\/","logo":{"@type":"ImageObject","inLanguage":"en-GB","@id":"https:\/\/mazarrononline.com\/#\/schema\/logo\/image\/","url":"https:\/\/mazarrononline.com\/wp-content\/uploads\/2026\/03\/mazarrononline.com_.png","contentUrl":"https:\/\/mazarrononline.com\/wp-content\/uploads\/2026\/03\/mazarrononline.com_.png","width":891,"height":340,"caption":"Mazarron Online"},"image":{"@id":"https:\/\/mazarrononline.com\/#\/schema\/logo\/image\/"}},{"@type":"Person","@id":"https:\/\/mazarrononline.com\/#\/schema\/person\/d9631cc872d8c011f835a190d882e76d","name":"Leyre","image":{"@type":"ImageObject","inLanguage":"en-GB","@id":"https:\/\/secure.gravatar.com\/avatar\/3c782ce00e025f94599c550917c21e50e8a575481f274333674068bc26c1b3ff?s=96&d=mm&r=g","url":"https:\/\/secure.gravatar.com\/avatar\/3c782ce00e025f94599c550917c21e50e8a575481f274333674068bc26c1b3ff?s=96&d=mm&r=g","contentUrl":"https:\/\/secure.gravatar.com\/avatar\/3c782ce00e025f94599c550917c21e50e8a575481f274333674068bc26c1b3ff?s=96&d=mm&r=g","caption":"Leyre"},"description":"Apasionada del periodismo de viajes y la cultura local, de Mazarr\u00f3n, donde recorro cada d\u00eda los rincones, playas y eventos. Estoy Especializada en gu\u00edas de turismo, ocio y gastronom\u00eda de Mazarr\u00f3n, comparto consejos pr\u00e1cticos y recomendaciones de primera mano para ayudar a vecinos y visitantes a disfrutar al m\u00e1ximo del municipio.","sameAs":["https:\/\/mazarrononline.com"],"url":"https:\/\/mazarrononline.com\/en\/author\/todalainformacionweb\/"}]}},"_links":{"self":[{"href":"https:\/\/mazarrononline.com\/en\/wp-json\/wp\/v2\/posts\/5710","targetHints":{"allow":["GET"]}}],"collection":[{"href":"https:\/\/mazarrononline.com\/en\/wp-json\/wp\/v2\/posts"}],"about":[{"href":"https:\/\/mazarrononline.com\/en\/wp-json\/wp\/v2\/types\/post"}],"author":[{"embeddable":true,"href":"https:\/\/mazarrononline.com\/en\/wp-json\/wp\/v2\/users\/1"}],"replies":[{"embeddable":true,"href":"https:\/\/mazarrononline.com\/en\/wp-json\/wp\/v2\/comments?post=5710"}],"version-history":[{"count":2,"href":"https:\/\/mazarrononline.com\/en\/wp-json\/wp\/v2\/posts\/5710\/revisions"}],"predecessor-version":[{"id":5713,"href":"https:\/\/mazarrononline.com\/en\/wp-json\/wp\/v2\/posts\/5710\/revisions\/5713"}],"wp:featuredmedia":[{"embeddable":true,"href":"https:\/\/mazarrononline.com\/en\/wp-json\/wp\/v2\/media\/5712"}],"wp:attachment":[{"href":"https:\/\/mazarrononline.com\/en\/wp-json\/wp\/v2\/media?parent=5710"}],"wp:term":[{"taxonomy":"category","embeddable":true,"href":"https:\/\/mazarrononline.com\/en\/wp-json\/wp\/v2\/categories?post=5710"},{"taxonomy":"post_tag","embeddable":true,"href":"https:\/\/mazarrononline.com\/en\/wp-json\/wp\/v2\/tags?post=5710"}],"curies":[{"name":"wp","href":"https:\/\/api.w.org\/{rel}","templated":true}]}}