{"id":5609,"date":"2026-08-28T15:28:39","date_gmt":"2026-08-28T15:28:39","guid":{"rendered":"https:\/\/mazarrononline.com\/?p=5609"},"modified":"2026-08-28T15:28:39","modified_gmt":"2026-08-28T15:28:39","slug":"agenda-mazarron-septiembre","status":"publish","type":"post","link":"https:\/\/mazarrononline.com\/en\/agenda-mazarron-septiembre\/","title":{"rendered":"Agenda de Mazarr\u00f3n en septiembre 2026: eventos y planes"},"content":{"rendered":"<p>\u00bfBuscas <strong>qu\u00e9 hacer en Mazarr\u00f3n en septiembre de 2026<\/strong>? El final del verano llega con una agenda repleta de actividades en Mazarr\u00f3n y Puerto de Mazarr\u00f3n. Durante el mes encontrar\u00e1s <strong>rutas de senderismo, visitas culturales, actividades deportivas, exposiciones y grandes eventos junto al mar<\/strong>.<\/p>\n<p>Entre las citas m\u00e1s destacadas de septiembre se encuentran el <strong>II Acuatl\u00f3n Desaf\u00edo Pecio Fenicio<\/strong>, el <strong>Campeonato del Mundo de Hydrofly<\/strong>, diferentes rutas por el entorno natural de Mazarr\u00f3n y actividades culturales como las visitas al <strong>Cabezo del Plomo<\/strong> y la <strong>Torre de los Caballos<\/strong>.<\/p>\n<div style=\"background: #f0f7ff; border-left: 5px solid #1683d8; padding: 18px; margin: 25px 0; border-radius: 6px;\"><strong>\ud83d\udcc5 AGENDA DE MAZARR\u00d3N SEPTIEMBRE 2026<\/strong><br \/>\nConsulta aqu\u00ed las principales actividades y eventos previstos para septiembre. La programaci\u00f3n puede incorporar nuevas actividades o sufrir cambios.<\/div>\n<p>Para consultar la programaci\u00f3n completa y las nuevas actividades que se vayan incorporando, puedes visitar nuestra <a href=\"\/en\/agenda-mazarron\/\"><strong>Agenda de Mazarr\u00f3n<\/strong><\/a>, donde vamos actualizando los eventos del municipio.<\/p>\n<h2><span style=\"color: #333399;\">Qu\u00e9 hacer en Mazarr\u00f3n en septiembre de 2026<\/span><\/h2>\n<p>Septiembre es uno de los mejores meses para seguir disfrutando de Mazarr\u00f3n. Las temperaturas suelen ser m\u00e1s agradables que durante las semanas centrales del verano y la agenda comienza a combinar propuestas culturales y de naturaleza con grandes acontecimientos deportivos.<\/p>\n<p>Si est\u00e1s buscando <strong>planes para hacer en Mazarr\u00f3n en septiembre<\/strong>, estas son algunas de las citas que destacan en el calendario.<\/p>\n<h2><span style=\"color: #333399;\">Eventos destacados en Mazarr\u00f3n en septiembre<\/span><\/h2>\n<h3>\ud83c\udfac Mazarr\u00f3n Supervivencia F\u00edlmica 2026<\/h3>\n<p><strong>Del 4 al 6 de septiembre de 2026<\/strong><\/p>\n<p>Los amantes del cine tienen una cita con <strong>Mazarr\u00f3n Supervivencia F\u00edlmica 2026<\/strong>, un desaf\u00edo audiovisual en el que los equipos participantes tienen que crear un cortometraje completo en solamente 45 horas.<\/p>\n<p>El reto comienza el viernes 4 de septiembre con la gala inicial y el sorteo de las condiciones obligatorias que deber\u00e1n aparecer en las pel\u00edculas. A partir de ese momento comienza una carrera contrarreloj para escribir, grabar y editar el cortometraje.<\/p>\n<p>El domingo 6 de septiembre finaliza el plazo de entrega de los trabajos para su posterior proyecci\u00f3n y deliberaci\u00f3n del jurado.<\/p>\n<div style=\"background: #fff7e6; border-left: 5px solid #f0a000; padding: 18px; margin: 20px 0; border-radius: 6px;\"><strong>\ud83c\udfac MAZARR\u00d3N SUPERVIVENCIA F\u00cdLMICA<\/strong><br \/>\n<strong>Fecha:<\/strong> 4 al 6 de septiembre de 2026<br \/>\n<strong>Duraci\u00f3n del reto:<\/strong> 45 horas<br \/>\n<strong>Participantes:<\/strong> equipos amateur y profesionales del sector audiovisual<\/div>\n<h3>\ud83e\udd7e Senderismo por las Calas de Boletes<\/h3>\n<p><strong>Domingo 6 de septiembre \u2013 17:00 h<\/strong><\/p>\n<p>Septiembre tambi\u00e9n es un buen momento para descubrir el paisaje natural de la costa de Mazarr\u00f3n. Una de las primeras propuestas del mes es la ruta de senderismo por <strong>las Calas de Boletes<\/strong>, dentro del espacio natural de Sierra de la Muela, Cabo Ti\u00f1oso y Rold\u00e1n.<\/p>\n<p>La ruta recorre los pies de la Morra del Garabito, el antiguo cuartel de Bolete, las calas de Bolete Chico y Bolete Grande y la rambla de Bolete.<\/p>\n<div style=\"background: #eef8ee; border-left: 5px solid #39a852; padding: 18px; margin: 20px 0; border-radius: 6px;\"><strong>\ud83e\udd7e DATOS DE LA RUTA<\/strong><br \/>\n<strong>Fecha:<\/strong> 6 de septiembre<br \/>\n<strong>Hora:<\/strong> 17:00 h<br \/>\n<strong>Distancia:<\/strong> aproximadamente 11,5 km<br \/>\n<strong>Desnivel positivo:<\/strong> 402 m<br \/>\n<strong>Duraci\u00f3n:<\/strong> unas 4 horas<br \/>\n<strong>Dificultad:<\/strong> media-alta<\/div>\n<p>La organizaci\u00f3n recomienda llevar agua, calzado cerrado adecuado para terreno abrupto y protecci\u00f3n solar. La actividad requiere inscripci\u00f3n previa y veh\u00edculo propio. No se admiten mascotas.<\/p>\n<h3>\ud83c\udfdb\ufe0f El Museo del Prado en Mazarr\u00f3n<\/h3>\n<p><strong>Hasta el 6 de septiembre de 2026<\/strong><\/p>\n<p>Los primeros d\u00edas de septiembre todav\u00eda permiten visitar la exposici\u00f3n <strong>El Museo del Prado en Mazarr\u00f3n<\/strong>, instalada al aire libre en el Puerto Deportivo de Puerto de Mazarr\u00f3n.<\/p>\n<p>La muestra acerca al p\u00fablico reproducciones de algunas de las obras m\u00e1s representativas de una de las pinacotecas m\u00e1s importantes del mundo.<\/p>\n<div style=\"background: #f5f0ff; border-left: 5px solid #805ad5; padding: 18px; margin: 20px 0; border-radius: 6px;\"><strong>\ud83c\udfa8 EL MUSEO DEL PRADO EN MAZARR\u00d3N<\/strong><br \/>\n<strong>Hasta:<\/strong> 6 de septiembre de 2026<br \/>\n<strong>Lugar:<\/strong> Puerto Deportivo de Puerto de Mazarr\u00f3n<br \/>\n<strong>Entrada:<\/strong> gratuita<\/div>\n<h3>\ud83c\udffa Visita cultural al Cabezo del Plomo<\/h3>\n<p><strong>S\u00e1bado 12 de septiembre \u2013 18:00 h<\/strong><\/p>\n<p>El <strong>Cabezo del Plomo<\/strong> ser\u00e1 protagonista de una de las visitas culturales de septiembre. La actividad permite conocer uno de los principales asentamientos del Neol\u00edtico final-Calcol\u00edtico en el \u00e1mbito peninsular.<\/p>\n<p>La visita tiene una duraci\u00f3n aproximada de una hora. Es necesario realizar inscripci\u00f3n previa, llevar agua y utilizar calzado apropiado para caminar. Tambi\u00e9n se requiere veh\u00edculo propio y el punto de encuentro se comunica a las personas inscritas.<\/p>\n<div style=\"background: #f0f7ff; border-left: 5px solid #1683d8; padding: 18px; margin: 20px 0; border-radius: 6px;\"><strong>\ud83c\udffa CABEZO DEL PLOMO<\/strong><br \/>\n<strong>Fecha:<\/strong> s\u00e1bado 12 de septiembre<br \/>\n<strong>Hora:<\/strong> 18:00 h<br \/>\n<strong>Inscripciones:<\/strong> del 5 al 10 de septiembre<br \/>\n<strong>Duraci\u00f3n:<\/strong> aproximadamente 1 hora<\/div>\n<h3>\ud83c\udfca\u200d\u2642\ufe0f II Acuatl\u00f3n Desaf\u00edo Pecio Fenicio 2026<\/h3>\n<p><strong>Domingo 13 de septiembre de 2026<\/strong><\/p>\n<p>El deporte tendr\u00e1 un gran protagonismo durante septiembre con la celebraci\u00f3n del <strong>II Acuatl\u00f3n Desaf\u00edo Pecio Fenicio<\/strong>, que adem\u00e1s acoger\u00e1 el Campeonato Regional de Acuatl\u00f3n.<\/p>\n<p>La prueba combina <strong>nataci\u00f3n en aguas abiertas y carrera a pie<\/strong> y est\u00e1 dirigida tanto a las categor\u00edas absolutas como a las categor\u00edas menores.<\/p>\n<div style=\"background: #eaf8ff; border-left: 5px solid #0099cc; padding: 18px; margin: 20px 0; border-radius: 6px;\"><strong>\ud83c\udfca II ACUATL\u00d3N DESAF\u00cdO PECIO FENICIO<\/strong><br \/>\n<strong>Fecha:<\/strong> domingo 13 de septiembre<br \/>\n<strong>Lugar:<\/strong> Puerto de Mazarr\u00f3n<br \/>\n<strong>Menores:<\/strong> salida desde las 09:30 h<br \/>\n<strong>Categor\u00eda absoluta:<\/strong> salida prevista a las 11:00 h<br \/>\n<strong>Entrega de trofeos:<\/strong> aproximadamente a las 13:00 h<\/div>\n<p>Las distancias dependen de la categor\u00eda. En la prueba absoluta est\u00e1n previstas <strong>1.000 metros de nataci\u00f3n y 5 kil\u00f3metros de carrera<\/strong>.<\/p>\n<p>Si quieres conocer horarios, distancias, precios, reglamento e inscripciones, puedes consultar nuestra <a href=\"\/en\/eventos\/acuatlon-desafio-pecio-fenicio-2026-mazarron\/\"><strong>gu\u00eda completa del II Acuatl\u00f3n Desaf\u00edo Pecio Fenicio 2026<\/strong><\/a>.<\/p>\n<h3>\ud83e\udd7e Sierra del Algarrobo desde Los Rincones<\/h3>\n<p><strong>Domingo 20 de septiembre \u2013 17:00 h<\/strong><\/p>\n<p>Otra de las propuestas para los aficionados al senderismo ser\u00e1 la ruta por la <strong>Sierra del Algarrobo desde Los Rincones y la rambla de La Perdiz<\/strong>.<\/p>\n<p>El recorrido se adentra en la sierra desde la rambla de Los Rincones y pasa por la rambla de La Perdiz, la pista forestal de acceso al pico del Algarrobo y la zona de la Tetica de Pe\u00f1arrodada.<\/p>\n<div style=\"background: #eef8ee; border-left: 5px solid #39a852; padding: 18px; margin: 20px 0; border-radius: 6px;\"><strong>\ud83c\udf3f SIERRA DEL ALGARROBO<\/strong><br \/>\n<strong>Fecha:<\/strong> domingo 20 de septiembre<br \/>\n<strong>Hora:<\/strong> 17:00 h<br \/>\n<strong>Distancia:<\/strong> 9,5 km<br \/>\n<strong>Desnivel positivo:<\/strong> 250 m<br \/>\n<strong>Duraci\u00f3n:<\/strong> unas 3 horas y 30 minutos<br \/>\n<strong>Dificultad:<\/strong> baja para senderistas habituados \/ media para personas poco acostumbradas<\/div>\n<p>Es necesario llevar agua y calzado cerrado apropiado para caminar por terreno abrupto. Tambi\u00e9n se requiere veh\u00edculo propio e inscripci\u00f3n previa.<\/p>\n<h3>\ud83c\udf0a Campeonato del Mundo de Hydrofly en Mazarr\u00f3n<\/h3>\n<p><strong>Del 24 al 27 de septiembre de 2026<\/strong><\/p>\n<p>Sin duda, uno de los grandes acontecimientos de la <strong>agenda de Mazarr\u00f3n en septiembre<\/strong> ser\u00e1 el <strong>Campeonato del Mundo de Hydrofly 2026<\/strong>.<\/p>\n<p>El <strong>Puerto Deportivo de Mazarr\u00f3n<\/strong> ser\u00e1 escenario durante cuatro d\u00edas de una competici\u00f3n internacional de moton\u00e1utica en la que riders de diferentes pa\u00edses competir\u00e1n realizando espectaculares maniobras sobre el agua.<\/p>\n<div style=\"background: #fff0f0; border-left: 5px solid #e63946; padding: 18px; margin: 25px 0; border-radius: 6px;\"><strong>\ud83c\udf0a CAMPEONATO DEL MUNDO DE HYDROFLY<\/strong><br \/>\n<strong>\ud83d\udcc5 Fecha:<\/strong> 24 al 27 de septiembre de 2026<br \/>\n<strong>\ud83d\udccd Lugar:<\/strong> Puerto Deportivo de Mazarr\u00f3n<br \/>\n<strong>\ud83c\udfc6 Categor\u00edas:<\/strong> PRO, PRO WOMEN, JUNIOR y VETERANS<br \/>\n<strong>\ud83d\udcb0 Premios:<\/strong> m\u00e1s de 14.000 \u20ac anunciados por la organizaci\u00f3n<\/div>\n<p>El programa previsto incluye entrenamientos y clasificaciones el viernes, calificaciones y semifinales el s\u00e1bado y las finales y entrega de trofeos el domingo.<\/p>\n<p>Las finales est\u00e1n previstas para el domingo 27 de septiembre y ser\u00e1n uno de los momentos m\u00e1s espectaculares del fin de semana.<\/p>\n<p>Puedes consultar todos los detalles en nuestra <a href=\"\/en\/eventos\/campeonato-mundo-hydrofly-mazarron\/\"><strong>gu\u00eda del Campeonato del Mundo de Hydrofly en Mazarr\u00f3n 2026<\/strong><\/a>.<\/p>\n<h3>\ud83c\udff0 Visita cultural a la Torre de los Caballos<\/h3>\n<p><strong>S\u00e1bado 26 de septiembre \u2013 18:30 h<\/strong><\/p>\n<p>La programaci\u00f3n cultural de septiembre tambi\u00e9n incluye una visita a la <strong>Torre de los Caballos<\/strong>, antigua torre vig\u00eda del siglo XVI situada en Bolnuevo.<\/p>\n<p>La actividad permitir\u00e1 conocer la historia de esta construcci\u00f3n y su relaci\u00f3n con la <strong>Pur\u00edsima Concepci\u00f3n, patrona de Mazarr\u00f3n<\/strong>, adem\u00e1s de acercarse a la leyenda del conocido como <strong>Milagro de Bolnuevo<\/strong>.<\/p>\n<div style=\"background: #f5f0ff; border-left: 5px solid #805ad5; padding: 18px; margin: 20px 0; border-radius: 6px;\"><strong>\ud83c\udff0 TORRE DE LOS CABALLOS<\/strong><br \/>\n<strong>Fecha:<\/strong> s\u00e1bado 26 de septiembre<br \/>\n<strong>Hora:<\/strong> 18:30 h<br \/>\n<strong>Inscripciones:<\/strong> del 19 al 24 de septiembre<br \/>\n<strong>Duraci\u00f3n:<\/strong> aproximadamente 1 hora<\/div>\n<p>La actividad requiere inscripci\u00f3n previa y veh\u00edculo propio. El punto de encuentro se comunica a las personas inscritas.<\/p>\n<h2><span style=\"color: #333399;\">\ud83c\udfa1 La Noria de Mazarr\u00f3n, otro plan para septiembre<\/span><\/h2>\n<p>Si buscas un plan m\u00e1s relajado para hacer en <strong>Puerto de Mazarr\u00f3n<\/strong>, la <strong>Noria Mirador Princess<\/strong> contin\u00faa siendo una de las atracciones destacadas de la zona durante la temporada.<\/p>\n<p>Con sus <strong>45 metros de altura<\/strong> y sus cabinas cerradas y climatizadas, ofrece una panor\u00e1mica de 360 grados sobre el Puerto de Mazarr\u00f3n y la costa.<\/p>\n<div style=\"background: #fff7e6; border-left: 5px solid #f0a000; padding: 18px; margin: 20px 0; border-radius: 6px;\"><strong>\ud83c\udfa1 NORIA MIRADOR PRINCESS<\/strong><br \/>\n<strong>Altura:<\/strong> 45 metros<br \/>\n<strong>Cabinas:<\/strong> 14<br \/>\n<strong>Capacidad:<\/strong> hasta 8 personas por cabina<br \/>\n<strong>Precio publicado:<\/strong> 7 \u20ac adultos \/ 5 \u20ac ni\u00f1os menores de 1,20 m<\/div>\n<p>Seg\u00fan la informaci\u00f3n disponible, la noria permanecer\u00e1 instalada durante la temporada estival y su funcionamiento se prolongar\u00e1 hasta finales de septiembre o principios de octubre.<\/p>\n<p>Consulta antes de acudir los <a href=\"\/en\/noria-puerto-de-mazarron\/\"><strong>horarios, precios y ubicaci\u00f3n de la Noria de Mazarr\u00f3n<\/strong><\/a>, ya que pueden producirse cambios.<\/p>\n<h2><span style=\"color: #333399;\">\u26bd Escuelas deportivas de Mazarr\u00f3n<\/span><\/h2>\n<p>Septiembre tambi\u00e9n supone el comienzo de una nueva temporada para muchas actividades deportivas. Las <strong>escuelas deportivas de Mazarr\u00f3n<\/strong> son una opci\u00f3n especialmente interesante para familias que buscan actividades para ni\u00f1os y j\u00f3venes.<\/p>\n<p>La oferta deportiva municipal incluye diferentes modalidades y actividades, por lo que conviene consultar la programaci\u00f3n, los plazos de inscripci\u00f3n y las plazas disponibles.<\/p>\n<p>Puedes consultar nuestra informaci\u00f3n sobre las <a href=\"\/en\/escuelas-deportivas-mazarron\/\"><strong>Escuelas Deportivas de Mazarr\u00f3n<\/strong><\/a> para conocer las actividades disponibles.<\/p>\n<h2><span style=\"color: #333399;\">\ud83d\udcc5 Calendario de eventos de Mazarr\u00f3n en septiembre 2026<\/span><\/h2>\n<table style=\"width: 100%; border-collapse: collapse; margin: 25px 0;\">\n<thead>\n<tr>\n<th style=\"border: 1px solid #ddd; padding: 10px; text-align: left;\">Fecha<\/th>\n<th style=\"border: 1px solid #ddd; padding: 10px; text-align: left;\">Actividad<\/th>\n<\/tr>\n<\/thead>\n<tbody>\n<tr>\n<td style=\"border: 1px solid #ddd; padding: 10px;\">4-6 septiembre<\/td>\n<td style=\"border: 1px solid #ddd; padding: 10px;\">Mazarr\u00f3n Supervivencia F\u00edlmica 2026<\/td>\n<\/tr>\n<tr>\n<td style=\"border: 1px solid #ddd; padding: 10px;\">6 septiembre<\/td>\n<td style=\"border: 1px solid #ddd; padding: 10px;\">Senderismo: Las Calas de Boletes<\/td>\n<\/tr>\n<tr>\n<td style=\"border: 1px solid #ddd; padding: 10px;\">Hasta 6 septiembre<\/td>\n<td style=\"border: 1px solid #ddd; padding: 10px;\">El Museo del Prado en Mazarr\u00f3n<\/td>\n<\/tr>\n<tr>\n<td style=\"border: 1px solid #ddd; padding: 10px;\">12 septiembre<\/td>\n<td style=\"border: 1px solid #ddd; padding: 10px;\">Visita cultural al Cabezo del Plomo<\/td>\n<\/tr>\n<tr>\n<td style=\"border: 1px solid #ddd; padding: 10px;\">13 septiembre<\/td>\n<td style=\"border: 1px solid #ddd; padding: 10px;\">II Acuatl\u00f3n Desaf\u00edo Pecio Fenicio 2026<\/td>\n<\/tr>\n<tr>\n<td style=\"border: 1px solid #ddd; padding: 10px;\">20 septiembre<\/td>\n<td style=\"border: 1px solid #ddd; padding: 10px;\">Senderismo: Sierra del Algarrobo desde Los Rincones<\/td>\n<\/tr>\n<tr>\n<td style=\"border: 1px solid #ddd; padding: 10px;\">24-27 septiembre<\/td>\n<td style=\"border: 1px solid #ddd; padding: 10px;\">Campeonato del Mundo de Hydrofly 2026<\/td>\n<\/tr>\n<tr>\n<td style=\"border: 1px solid #ddd; padding: 10px;\">26 septiembre<\/td>\n<td style=\"border: 1px solid #ddd; padding: 10px;\">Visita cultural a la Torre de los Caballos<\/td>\n<\/tr>\n<\/tbody>\n<\/table>\n<h2><span style=\"color: #333399;\">\ud83c\udf05 \u00bfQu\u00e9 hacer en Mazarr\u00f3n en septiembre si no quieres ir a un evento?<\/span><\/h2>\n<p>La agenda de eventos es solo una parte de todo lo que puedes hacer en Mazarr\u00f3n durante septiembre.<\/p>\n<p>Si visitas el municipio, puedes aprovechar el mes para disfrutar de sus <strong>playas y calas, pasear por Puerto de Mazarr\u00f3n, conocer el patrimonio hist\u00f3rico de Mazarr\u00f3n, recorrer las antiguas zonas mineras o realizar alguna de las rutas de naturaleza disponibles<\/strong>.<\/p>\n<p>Adem\u00e1s, septiembre puede ser un buen momento para disfrutar de la costa con menos afluencia que durante las semanas centrales de agosto.<\/p>\n<div style=\"background: #f0f7ff; border-left: 5px solid #1683d8; padding: 20px; margin: 25px 0; border-radius: 6px;\"><strong>\ud83d\udca1 IDEA PARA UN FIN DE SEMANA EN MAZARR\u00d3N<\/strong><\/p>\n<p><strong>Viernes:<\/strong> paseo por Puerto de Mazarr\u00f3n y cena junto al mar.<br \/>\n<strong>S\u00e1bado:<\/strong> visita cultural o ruta por el entorno de Mazarr\u00f3n.<br \/>\n<strong>Domingo:<\/strong> playa, paseo mar\u00edtimo y alguno de los eventos deportivos programados.<\/div>\n<h2><span style=\"color: #333399;\">\ud83d\udccd \u00bfD\u00f3nde consultar todos los eventos de Mazarr\u00f3n?<\/span><\/h2>\n<p>La programaci\u00f3n de septiembre puede cambiar y durante el mes pueden incorporarse nuevos eventos, actividades culturales, fiestas, conciertos o propuestas deportivas.<\/p>\n<p>Por eso, si est\u00e1s buscando <strong>la agenda de Mazarr\u00f3n actualizada<\/strong>, te recomendamos consultar nuestra p\u00e1gina principal:<\/p>\n<p style=\"text-align: center; margin: 30px 0;\"><a style=\"display: inline-block; background: #1683d8; color: #ffffff; padding: 14px 24px; text-decoration: none; border-radius: 6px; font-weight: bold;\" href=\"\/en\/agenda-mazarron\/\">\ud83d\udc49 VER LA AGENDA DE MAZARR\u00d3N<\/a><\/p>\n<p>En <strong>Mazarr\u00f3n Online<\/strong> recopilamos los principales eventos y planes para que puedas saber r\u00e1pidamente <strong>qu\u00e9 hacer en Mazarr\u00f3n hoy, este fin de semana o durante el mes<\/strong>.<\/p>\n<h2><span style=\"color: #333399;\">\u2753 Preguntas frecuentes sobre la agenda de Mazarr\u00f3n en septiembre<\/span><\/h2>\n<h3>\u00bfQu\u00e9 hacer en Mazarr\u00f3n en septiembre de 2026?<\/h3>\n<p>En septiembre de 2026 puedes disfrutar de rutas de senderismo, visitas culturales, actividades deportivas y grandes eventos como el II Acuatl\u00f3n Desaf\u00edo Pecio Fenicio y el Campeonato del Mundo de Hydrofly.<\/p>\n<h3>\u00bfQu\u00e9 eventos hay en Mazarr\u00f3n en septiembre?<\/h3>\n<p>Entre los eventos destacados est\u00e1n Mazarr\u00f3n Supervivencia F\u00edlmica, las rutas de senderismo por las Calas de Boletes y la Sierra del Algarrobo, la visita al Cabezo del Plomo, el II Acuatl\u00f3n Desaf\u00edo Pecio Fenicio, el Campeonato del Mundo de Hydrofly y la visita a la Torre de los Caballos.<\/p>\n<h3>\u00bfHay eventos deportivos en Mazarr\u00f3n en septiembre?<\/h3>\n<p>S\u00ed. El calendario incluye el II Acuatl\u00f3n Desaf\u00edo Pecio Fenicio el 13 de septiembre y el Campeonato del Mundo de Hydrofly del 24 al 27 de septiembre, adem\u00e1s de las actividades de las escuelas deportivas.<\/p>\n<h3>\u00bfQu\u00e9 hacer en Puerto de Mazarr\u00f3n en septiembre?<\/h3>\n<p>En Puerto de Mazarr\u00f3n puedes disfrutar de la playa, el paseo mar\u00edtimo, el puerto deportivo, la Noria Mirador Princess y diferentes actividades y eventos programados durante el mes.<\/p>\n<h3>\u00bfHay rutas de senderismo en Mazarr\u00f3n en septiembre?<\/h3>\n<p>S\u00ed. La programaci\u00f3n incluye, entre otras, la ruta de las Calas de Boletes el 6 de septiembre y la ruta por la Sierra del Algarrobo desde Los Rincones el 20 de septiembre.<\/p>\n<h3>\u00bfD\u00f3nde puedo consultar la agenda actualizada de Mazarr\u00f3n?<\/h3>\n<p>Puedes consultar la <a href=\"\/en\/agenda-mazarron\/\"><strong>Agenda de Mazarr\u00f3n de Mazarr\u00f3n Online<\/strong><\/a>, donde iremos incorporando nuevas actividades y actualizaciones de la programaci\u00f3n.<\/p>\n<div style=\"background: #eeeeee; border-left: 5px solid #555; padding: 18px; margin: 30px 0; border-radius: 6px;\"><strong>\u2139\ufe0f IMPORTANTE<\/strong><br \/>\nLas fechas, horarios, lugares y condiciones de las actividades pueden cambiar por decisi\u00f3n de la organizaci\u00f3n o por causas meteorol\u00f3gicas. Antes de acudir a una actividad con inscripci\u00f3n previa, recomendamos comprobar la informaci\u00f3n oficial y confirmar que quedan plazas disponibles.<\/div>\n<h2><span style=\"color: #333399;\">Septiembre llega con mucho que hacer en Mazarr\u00f3n<\/span><\/h2>\n<p>La <strong>agenda de Mazarr\u00f3n en septiembre de 2026<\/strong> demuestra que la actividad del municipio no termina con el verano. El mes combina naturaleza, patrimonio, deporte, cultura y ocio junto al Mediterr\u00e1neo.<\/p>\n<p>Desde las rutas por las monta\u00f1as y calas de Mazarr\u00f3n hasta grandes acontecimientos como el <strong>Campeonato del Mundo de Hydrofly<\/strong>, septiembre ofrece numerosas alternativas tanto para quienes viven en el municipio como para quienes buscan una escapada a la costa de la Regi\u00f3n de Murcia.<\/p>\n<p><strong>Guarda esta p\u00e1gina<\/strong> y vuelve a consultarla durante el mes, porque iremos actualizando la agenda de Mazarr\u00f3n a medida que se anuncien nuevos eventos y actividades.<\/p>","protected":false},"excerpt":{"rendered":"<p>\u00bfBuscas qu\u00e9 hacer en Mazarr\u00f3n en septiembre de 2026? El final del verano llega con una agenda repleta de actividades en Mazarr\u00f3n y Puerto de Mazarr\u00f3n. Durante el mes encontrar\u00e1s [&hellip;]<\/p>\n","protected":false},"author":1,"featured_media":5610,"comment_status":"open","ping_status":"open","sticky":false,"template":"","format":"standard","meta":{"footnotes":""},"categories":[87],"tags":[],"class_list":["post-5609","post","type-post","status-publish","format-standard","has-post-thumbnail","hentry","category-agenda"],"blocksy_meta":[],"yoast_head":"<!-- This site is optimized with the Yoast SEO plugin v28.3 - https:\/\/yoast.com\/product\/yoast-seo-wordpress\/ -->\n<title>Agenda de Mazarr\u00f3n en Septiembre 2026: Planes y Eventos<\/title>\n<meta name=\"description\" content=\"Descubre la agenda de Mazarr\u00f3n en septiembre: eventos deportivos de nivel mundial, rutas culturales, senderismo y diversi\u00f3n infantil en Puerto de Mazarr\u00f3n.\" \/>\n<meta name=\"robots\" content=\"index, follow, max-snippet:-1, max-image-preview:large, max-video-preview:-1\" \/>\n<link rel=\"canonical\" href=\"https:\/\/mazarrononline.com\/en\/agenda-mazarron-septiembre\/\" \/>\n<meta property=\"og:locale\" content=\"en_GB\" \/>\n<meta property=\"og:type\" content=\"article\" \/>\n<meta property=\"og:title\" content=\"Agenda de Mazarr\u00f3n en Septiembre 2026: Planes y Eventos\" \/>\n<meta property=\"og:description\" content=\"Descubre la agenda de Mazarr\u00f3n en septiembre: eventos deportivos de nivel mundial, rutas culturales, senderismo y diversi\u00f3n infantil en Puerto de Mazarr\u00f3n.\" \/>\n<meta property=\"og:url\" content=\"https:\/\/mazarrononline.com\/en\/agenda-mazarron-septiembre\/\" \/>\n<meta property=\"og:site_name\" content=\"Mazarron Online\" \/>\n<meta property=\"article:published_time\" content=\"2026-08-28T15:28:39+00:00\" \/>\n<meta property=\"og:image\" content=\"https:\/\/mazarrononline.com\/wp-content\/uploads\/2026\/08\/agenda-mazarron-septiembre-1024x683.png\" \/>\n\t<meta property=\"og:image:width\" content=\"1024\" \/>\n\t<meta property=\"og:image:height\" content=\"683\" \/>\n\t<meta property=\"og:image:type\" content=\"image\/png\" \/>\n<meta name=\"author\" content=\"Leyre\" \/>\n<meta name=\"twitter:card\" content=\"summary_large_image\" \/>\n<meta name=\"twitter:label1\" content=\"Written by\" \/>\n\t<meta name=\"twitter:data1\" content=\"Leyre\" \/>\n\t<meta name=\"twitter:label2\" content=\"Estimated reading time\" \/>\n\t<meta name=\"twitter:data2\" content=\"10 minutes\" \/>\n<script type=\"application\/ld+json\" class=\"yoast-schema-graph\">{\"@context\":\"https:\\\/\\\/schema.org\",\"@graph\":[{\"@type\":\"Article\",\"@id\":\"https:\\\/\\\/mazarrononline.com\\\/agenda-mazarron-septiembre\\\/#article\",\"isPartOf\":{\"@id\":\"https:\\\/\\\/mazarrononline.com\\\/agenda-mazarron-septiembre\\\/\"},\"author\":{\"name\":\"Leyre\",\"@id\":\"https:\\\/\\\/mazarrononline.com\\\/#\\\/schema\\\/person\\\/d9631cc872d8c011f835a190d882e76d\"},\"headline\":\"Agenda de Mazarr\u00f3n en septiembre 2026: eventos y planes\",\"datePublished\":\"2026-08-28T15:28:39+00:00\",\"mainEntityOfPage\":{\"@id\":\"https:\\\/\\\/mazarrononline.com\\\/agenda-mazarron-septiembre\\\/\"},\"wordCount\":2216,\"commentCount\":0,\"publisher\":{\"@id\":\"https:\\\/\\\/mazarrononline.com\\\/#organization\"},\"image\":{\"@id\":\"https:\\\/\\\/mazarrononline.com\\\/agenda-mazarron-septiembre\\\/#primaryimage\"},\"thumbnailUrl\":\"https:\\\/\\\/mazarrononline.com\\\/wp-content\\\/uploads\\\/2026\\\/08\\\/agenda-mazarron-septiembre.png\",\"articleSection\":[\"Agenda\"],\"inLanguage\":\"en-GB\",\"potentialAction\":[{\"@type\":\"CommentAction\",\"name\":\"Comment\",\"target\":[\"https:\\\/\\\/mazarrononline.com\\\/agenda-mazarron-septiembre\\\/#respond\"]}]},{\"@type\":\"WebPage\",\"@id\":\"https:\\\/\\\/mazarrononline.com\\\/agenda-mazarron-septiembre\\\/\",\"url\":\"https:\\\/\\\/mazarrononline.com\\\/agenda-mazarron-septiembre\\\/\",\"name\":\"Agenda de Mazarr\u00f3n en Septiembre 2026: Planes y Eventos\",\"isPartOf\":{\"@id\":\"https:\\\/\\\/mazarrononline.com\\\/#website\"},\"primaryImageOfPage\":{\"@id\":\"https:\\\/\\\/mazarrononline.com\\\/agenda-mazarron-septiembre\\\/#primaryimage\"},\"image\":{\"@id\":\"https:\\\/\\\/mazarrononline.com\\\/agenda-mazarron-septiembre\\\/#primaryimage\"},\"thumbnailUrl\":\"https:\\\/\\\/mazarrononline.com\\\/wp-content\\\/uploads\\\/2026\\\/08\\\/agenda-mazarron-septiembre.png\",\"datePublished\":\"2026-08-28T15:28:39+00:00\",\"description\":\"Descubre la agenda de Mazarr\u00f3n en septiembre: eventos deportivos de nivel mundial, rutas culturales, senderismo y diversi\u00f3n infantil en Puerto de Mazarr\u00f3n.\",\"breadcrumb\":{\"@id\":\"https:\\\/\\\/mazarrononline.com\\\/agenda-mazarron-septiembre\\\/#breadcrumb\"},\"inLanguage\":\"en-GB\",\"potentialAction\":[{\"@type\":\"ReadAction\",\"target\":[\"https:\\\/\\\/mazarrononline.com\\\/agenda-mazarron-septiembre\\\/\"]}]},{\"@type\":\"ImageObject\",\"inLanguage\":\"en-GB\",\"@id\":\"https:\\\/\\\/mazarrononline.com\\\/agenda-mazarron-septiembre\\\/#primaryimage\",\"url\":\"https:\\\/\\\/mazarrononline.com\\\/wp-content\\\/uploads\\\/2026\\\/08\\\/agenda-mazarron-septiembre.png\",\"contentUrl\":\"https:\\\/\\\/mazarrononline.com\\\/wp-content\\\/uploads\\\/2026\\\/08\\\/agenda-mazarron-septiembre.png\",\"width\":1536,\"height\":1024,\"caption\":\"agenda-mazarron-septiembre\"},{\"@type\":\"BreadcrumbList\",\"@id\":\"https:\\\/\\\/mazarrononline.com\\\/agenda-mazarron-septiembre\\\/#breadcrumb\",\"itemListElement\":[{\"@type\":\"ListItem\",\"position\":1,\"name\":\"Portada\",\"item\":\"https:\\\/\\\/mazarrononline.com\\\/\"},{\"@type\":\"ListItem\",\"position\":2,\"name\":\"Agenda de Mazarr\u00f3n en septiembre 2026: eventos y planes\"}]},{\"@type\":\"WebSite\",\"@id\":\"https:\\\/\\\/mazarrononline.com\\\/#website\",\"url\":\"https:\\\/\\\/mazarrononline.com\\\/\",\"name\":\"Mazarron Online\",\"description\":\"\",\"publisher\":{\"@id\":\"https:\\\/\\\/mazarrononline.com\\\/#organization\"},\"potentialAction\":[{\"@type\":\"SearchAction\",\"target\":{\"@type\":\"EntryPoint\",\"urlTemplate\":\"https:\\\/\\\/mazarrononline.com\\\/?s={search_term_string}\"},\"query-input\":{\"@type\":\"PropertyValueSpecification\",\"valueRequired\":true,\"valueName\":\"search_term_string\"}}],\"inLanguage\":\"en-GB\"},{\"@type\":\"Organization\",\"@id\":\"https:\\\/\\\/mazarrononline.com\\\/#organization\",\"name\":\"Mazarron Online\",\"url\":\"https:\\\/\\\/mazarrononline.com\\\/\",\"logo\":{\"@type\":\"ImageObject\",\"inLanguage\":\"en-GB\",\"@id\":\"https:\\\/\\\/mazarrononline.com\\\/#\\\/schema\\\/logo\\\/image\\\/\",\"url\":\"https:\\\/\\\/mazarrononline.com\\\/wp-content\\\/uploads\\\/2026\\\/03\\\/mazarrononline.com_.png\",\"contentUrl\":\"https:\\\/\\\/mazarrononline.com\\\/wp-content\\\/uploads\\\/2026\\\/03\\\/mazarrononline.com_.png\",\"width\":891,\"height\":340,\"caption\":\"Mazarron Online\"},\"image\":{\"@id\":\"https:\\\/\\\/mazarrononline.com\\\/#\\\/schema\\\/logo\\\/image\\\/\"}},{\"@type\":\"Person\",\"@id\":\"https:\\\/\\\/mazarrononline.com\\\/#\\\/schema\\\/person\\\/d9631cc872d8c011f835a190d882e76d\",\"name\":\"Leyre\",\"image\":{\"@type\":\"ImageObject\",\"inLanguage\":\"en-GB\",\"@id\":\"https:\\\/\\\/secure.gravatar.com\\\/avatar\\\/3c782ce00e025f94599c550917c21e50e8a575481f274333674068bc26c1b3ff?s=96&d=mm&r=g\",\"url\":\"https:\\\/\\\/secure.gravatar.com\\\/avatar\\\/3c782ce00e025f94599c550917c21e50e8a575481f274333674068bc26c1b3ff?s=96&d=mm&r=g\",\"contentUrl\":\"https:\\\/\\\/secure.gravatar.com\\\/avatar\\\/3c782ce00e025f94599c550917c21e50e8a575481f274333674068bc26c1b3ff?s=96&d=mm&r=g\",\"caption\":\"Leyre\"},\"description\":\"Apasionada del periodismo de viajes y la cultura local, de Mazarr\u00f3n, donde recorro cada d\u00eda los rincones, playas y eventos. Estoy Especializada en gu\u00edas de turismo, ocio y gastronom\u00eda de Mazarr\u00f3n, comparto consejos pr\u00e1cticos y recomendaciones de primera mano para ayudar a vecinos y visitantes a disfrutar al m\u00e1ximo del municipio.\",\"sameAs\":[\"https:\\\/\\\/mazarrononline.com\"],\"url\":\"https:\\\/\\\/mazarrononline.com\\\/en\\\/author\\\/todalainformacionweb\\\/\"}]}<\/script>\n<!-- \/ Yoast SEO plugin. -->","yoast_head_json":{"title":"Agenda de Mazarr\u00f3n en Septiembre 2026: Planes y Eventos","description":"Descubre la agenda de Mazarr\u00f3n en septiembre: eventos deportivos de nivel mundial, rutas culturales, senderismo y diversi\u00f3n infantil en Puerto de Mazarr\u00f3n.","robots":{"index":"index","follow":"follow","max-snippet":"max-snippet:-1","max-image-preview":"max-image-preview:large","max-video-preview":"max-video-preview:-1"},"canonical":"https:\/\/mazarrononline.com\/en\/agenda-mazarron-septiembre\/","og_locale":"en_GB","og_type":"article","og_title":"Agenda de Mazarr\u00f3n en Septiembre 2026: Planes y Eventos","og_description":"Descubre la agenda de Mazarr\u00f3n en septiembre: eventos deportivos de nivel mundial, rutas culturales, senderismo y diversi\u00f3n infantil en Puerto de Mazarr\u00f3n.","og_url":"https:\/\/mazarrononline.com\/en\/agenda-mazarron-septiembre\/","og_site_name":"Mazarron Online","article_published_time":"2026-08-28T15:28:39+00:00","og_image":[{"width":1024,"height":683,"url":"https:\/\/mazarrononline.com\/wp-content\/uploads\/2026\/08\/agenda-mazarron-septiembre-1024x683.png","type":"image\/png"}],"author":"Leyre","twitter_card":"summary_large_image","twitter_misc":{"Written by":"Leyre","Estimated reading time":"10 minutes"},"schema":{"@context":"https:\/\/schema.org","@graph":[{"@type":"Article","@id":"https:\/\/mazarrononline.com\/agenda-mazarron-septiembre\/#article","isPartOf":{"@id":"https:\/\/mazarrononline.com\/agenda-mazarron-septiembre\/"},"author":{"name":"Leyre","@id":"https:\/\/mazarrononline.com\/#\/schema\/person\/d9631cc872d8c011f835a190d882e76d"},"headline":"Agenda de Mazarr\u00f3n en septiembre 2026: eventos y planes","datePublished":"2026-08-28T15:28:39+00:00","mainEntityOfPage":{"@id":"https:\/\/mazarrononline.com\/agenda-mazarron-septiembre\/"},"wordCount":2216,"commentCount":0,"publisher":{"@id":"https:\/\/mazarrononline.com\/#organization"},"image":{"@id":"https:\/\/mazarrononline.com\/agenda-mazarron-septiembre\/#primaryimage"},"thumbnailUrl":"https:\/\/mazarrononline.com\/wp-content\/uploads\/2026\/08\/agenda-mazarron-septiembre.png","articleSection":["Agenda"],"inLanguage":"en-GB","potentialAction":[{"@type":"CommentAction","name":"Comment","target":["https:\/\/mazarrononline.com\/agenda-mazarron-septiembre\/#respond"]}]},{"@type":"WebPage","@id":"https:\/\/mazarrononline.com\/agenda-mazarron-septiembre\/","url":"https:\/\/mazarrononline.com\/agenda-mazarron-septiembre\/","name":"Agenda de Mazarr\u00f3n en Septiembre 2026: Planes y Eventos","isPartOf":{"@id":"https:\/\/mazarrononline.com\/#website"},"primaryImageOfPage":{"@id":"https:\/\/mazarrononline.com\/agenda-mazarron-septiembre\/#primaryimage"},"image":{"@id":"https:\/\/mazarrononline.com\/agenda-mazarron-septiembre\/#primaryimage"},"thumbnailUrl":"https:\/\/mazarrononline.com\/wp-content\/uploads\/2026\/08\/agenda-mazarron-septiembre.png","datePublished":"2026-08-28T15:28:39+00:00","description":"Descubre la agenda de Mazarr\u00f3n en septiembre: eventos deportivos de nivel mundial, rutas culturales, senderismo y diversi\u00f3n infantil en Puerto de Mazarr\u00f3n.","breadcrumb":{"@id":"https:\/\/mazarrononline.com\/agenda-mazarron-septiembre\/#breadcrumb"},"inLanguage":"en-GB","potentialAction":[{"@type":"ReadAction","target":["https:\/\/mazarrononline.com\/agenda-mazarron-septiembre\/"]}]},{"@type":"ImageObject","inLanguage":"en-GB","@id":"https:\/\/mazarrononline.com\/agenda-mazarron-septiembre\/#primaryimage","url":"https:\/\/mazarrononline.com\/wp-content\/uploads\/2026\/08\/agenda-mazarron-septiembre.png","contentUrl":"https:\/\/mazarrononline.com\/wp-content\/uploads\/2026\/08\/agenda-mazarron-septiembre.png","width":1536,"height":1024,"caption":"agenda-mazarron-septiembre"},{"@type":"BreadcrumbList","@id":"https:\/\/mazarrononline.com\/agenda-mazarron-septiembre\/#breadcrumb","itemListElement":[{"@type":"ListItem","position":1,"name":"Portada","item":"https:\/\/mazarrononline.com\/"},{"@type":"ListItem","position":2,"name":"Agenda de Mazarr\u00f3n en septiembre 2026: eventos y planes"}]},{"@type":"WebSite","@id":"https:\/\/mazarrononline.com\/#website","url":"https:\/\/mazarrononline.com\/","name":"Mazarron Online","description":"","publisher":{"@id":"https:\/\/mazarrononline.com\/#organization"},"potentialAction":[{"@type":"SearchAction","target":{"@type":"EntryPoint","urlTemplate":"https:\/\/mazarrononline.com\/?s={search_term_string}"},"query-input":{"@type":"PropertyValueSpecification","valueRequired":true,"valueName":"search_term_string"}}],"inLanguage":"en-GB"},{"@type":"Organization","@id":"https:\/\/mazarrononline.com\/#organization","name":"Mazarron Online","url":"https:\/\/mazarrononline.com\/","logo":{"@type":"ImageObject","inLanguage":"en-GB","@id":"https:\/\/mazarrononline.com\/#\/schema\/logo\/image\/","url":"https:\/\/mazarrononline.com\/wp-content\/uploads\/2026\/03\/mazarrononline.com_.png","contentUrl":"https:\/\/mazarrononline.com\/wp-content\/uploads\/2026\/03\/mazarrononline.com_.png","width":891,"height":340,"caption":"Mazarron Online"},"image":{"@id":"https:\/\/mazarrononline.com\/#\/schema\/logo\/image\/"}},{"@type":"Person","@id":"https:\/\/mazarrononline.com\/#\/schema\/person\/d9631cc872d8c011f835a190d882e76d","name":"Leyre","image":{"@type":"ImageObject","inLanguage":"en-GB","@id":"https:\/\/secure.gravatar.com\/avatar\/3c782ce00e025f94599c550917c21e50e8a575481f274333674068bc26c1b3ff?s=96&d=mm&r=g","url":"https:\/\/secure.gravatar.com\/avatar\/3c782ce00e025f94599c550917c21e50e8a575481f274333674068bc26c1b3ff?s=96&d=mm&r=g","contentUrl":"https:\/\/secure.gravatar.com\/avatar\/3c782ce00e025f94599c550917c21e50e8a575481f274333674068bc26c1b3ff?s=96&d=mm&r=g","caption":"Leyre"},"description":"Apasionada del periodismo de viajes y la cultura local, de Mazarr\u00f3n, donde recorro cada d\u00eda los rincones, playas y eventos. Estoy Especializada en gu\u00edas de turismo, ocio y gastronom\u00eda de Mazarr\u00f3n, comparto consejos pr\u00e1cticos y recomendaciones de primera mano para ayudar a vecinos y visitantes a disfrutar al m\u00e1ximo del municipio.","sameAs":["https:\/\/mazarrononline.com"],"url":"https:\/\/mazarrononline.com\/en\/author\/todalainformacionweb\/"}]}},"_links":{"self":[{"href":"https:\/\/mazarrononline.com\/en\/wp-json\/wp\/v2\/posts\/5609","targetHints":{"allow":["GET"]}}],"collection":[{"href":"https:\/\/mazarrononline.com\/en\/wp-json\/wp\/v2\/posts"}],"about":[{"href":"https:\/\/mazarrononline.com\/en\/wp-json\/wp\/v2\/types\/post"}],"author":[{"embeddable":true,"href":"https:\/\/mazarrononline.com\/en\/wp-json\/wp\/v2\/users\/1"}],"replies":[{"embeddable":true,"href":"https:\/\/mazarrononline.com\/en\/wp-json\/wp\/v2\/comments?post=5609"}],"version-history":[{"count":1,"href":"https:\/\/mazarrononline.com\/en\/wp-json\/wp\/v2\/posts\/5609\/revisions"}],"predecessor-version":[{"id":5611,"href":"https:\/\/mazarrononline.com\/en\/wp-json\/wp\/v2\/posts\/5609\/revisions\/5611"}],"wp:featuredmedia":[{"embeddable":true,"href":"https:\/\/mazarrononline.com\/en\/wp-json\/wp\/v2\/media\/5610"}],"wp:attachment":[{"href":"https:\/\/mazarrononline.com\/en\/wp-json\/wp\/v2\/media?parent=5609"}],"wp:term":[{"taxonomy":"category","embeddable":true,"href":"https:\/\/mazarrononline.com\/en\/wp-json\/wp\/v2\/categories?post=5609"},{"taxonomy":"post_tag","embeddable":true,"href":"https:\/\/mazarrononline.com\/en\/wp-json\/wp\/v2\/tags?post=5609"}],"curies":[{"name":"wp","href":"https:\/\/api.w.org\/{rel}","templated":true}]}}