{"id":5598,"date":"2026-08-27T16:43:37","date_gmt":"2026-08-27T16:43:37","guid":{"rendered":"https:\/\/mazarrononline.com\/?p=5598"},"modified":"2026-08-27T16:43:37","modified_gmt":"2026-08-27T16:43:37","slug":"fiestas-patronales-la-majada-mazarron","status":"publish","type":"post","link":"https:\/\/mazarrononline.com\/en\/fiestas-patronales-la-majada-mazarron\/","title":{"rendered":"Fiestas Patronales de La Majada 2026 (Mazarr\u00f3n): Programa Oficial"},"content":{"rendered":"<p><!-- METADATOS Y FICHA T\u00c9CNICA SEO --><\/p>\n<div style=\"background-color: #f4f6f8; border-left: 5px solid #d9534f; padding: 15px; margin-bottom: 25px; border-radius: 4px;\">\n<h2 style=\"margin: 0 0 5px 0;\"><span style=\"background-color: #ffffff; color: #333399;\">Fiestas Patronales de La Majada 2026 (Mazarr\u00f3n): Programa Completo, Fechas y Actividades<\/span><\/h2>\n<\/div>\n<p>The <strong>Fiestas Patronales de La Majada 2026<\/strong>, pedan\u00eda del municipio de <strong>Mazarr\u00f3n (Regi\u00f3n de Murcia)<\/strong>, se celebran del <strong>29 de agosto al 8 de septiembre de 2026<\/strong> en honor a la <strong>Pur\u00edsima Concepci\u00f3n<\/strong>. Durante m\u00e1s de una semana, vecinos y visitantes disfrutan de un variado calendario de eventos festivos, culturales, gastron\u00f3micos y religiosos organizados por la Comisi\u00f3n de Fiestas y la Asociaci\u00f3n de Vecinos.<\/p>\n<p>A continuaci\u00f3n, detallamos toda la informaci\u00f3n sobre el programa diario, los platos fuertes de las fiestas (como las Noches Tem\u00e1ticas, el Concurso de Autos Locos o la Paella Popular) y los actos religiosos tradicionales.<\/p>\n<h2><span style=\"color: #333399;\">Ficha General de las Fiestas<\/span><\/h2>\n<table style=\"width: 100%; border-collapse: collapse; margin-top: 15px; margin-bottom: 25px;\">\n<thead>\n<tr style=\"background-color: #d9534f; color: #ffffff;\">\n<th style=\"padding: 10px; border: 1px solid #dddddd; text-align: left;\">Concepto<\/th>\n<th style=\"padding: 10px; border: 1px solid #dddddd; text-align: left;\">Detalle Oficial<\/th>\n<\/tr>\n<\/thead>\n<tbody>\n<tr style=\"background-color: #ffffff;\">\n<td style=\"padding: 10px; border: 1px solid #dddddd;\"><strong>Evento<\/strong><\/td>\n<td style=\"padding: 10px; border: 1px solid #dddddd;\">Fiestas Patronales de La Majada 2026<\/td>\n<\/tr>\n<tr style=\"background-color: #f9f9f9;\">\n<td style=\"padding: 10px; border: 1px solid #dddddd;\"><strong>Ubicaci\u00f3n<\/strong><\/td>\n<td style=\"padding: 10px; border: 1px solid #dddddd;\">La Majada, Mazarr\u00f3n (Regi\u00f3n de Murcia)<\/td>\n<\/tr>\n<tr style=\"background-color: #ffffff;\">\n<td style=\"padding: 10px; border: 1px solid #dddddd;\"><strong>Fechas<\/strong><\/td>\n<td style=\"padding: 10px; border: 1px solid #dddddd;\">Del s\u00e1bado 29 de agosto al martes 8 de septiembre de 2026<\/td>\n<\/tr>\n<tr style=\"background-color: #f9f9f9;\">\n<td style=\"padding: 10px; border: 1px solid #dddddd;\"><strong>Advocaci\u00f3n \/ Patrona<\/strong><\/td>\n<td style=\"padding: 10px; border: 1px solid #dddddd;\">Pur\u00edsima Concepci\u00f3n<\/td>\n<\/tr>\n<tr style=\"background-color: #ffffff;\">\n<td style=\"padding: 10px; border: 1px solid #dddddd;\"><strong>Pregonero 2026<\/strong><\/td>\n<td style=\"padding: 10px; border: 1px solid #dddddd;\">D. Jos\u00e9 Antonio Gonz\u00e1lez Mart\u00ednez (vecino de La Majada)<\/td>\n<\/tr>\n<\/tbody>\n<\/table>\n<p><!-- RECUADRO DESTACADO: EVENTOS IMPERDIBLES --><\/p>\n<div style=\"background-color: #fff3cd; border: 1px solid #ffeeba; border-left: 5px solid #ffc107; padding: 15px; margin-bottom: 25px; border-radius: 4px;\">\n<h3 style=\"margin-top: 0; color: #856404;\">\u2b50 Eventos Destacados de las Fiestas 2026<\/h3>\n<ul style=\"margin-bottom: 0; color: #856404; padding-left: 20px;\">\n<li><strong>S\u00e1bado 29 de agosto (22:00 h):<\/strong> Preg\u00f3n oficial y Gala de Elecci\u00f3n de Reyes de las Fiestas.<\/li>\n<li><strong>Jueves 3 de septiembre (22:30 h):<\/strong> Noche Majaera y Noche de Migas.<\/li>\n<li><strong>S\u00e1bado 5 de septiembre (18:00 h):<\/strong> Concurso de Autos Locos (Premios al m\u00e1s veloz y original).<\/li>\n<li><strong>Domingo 6 de septiembre (14:00 h):<\/strong> Paella Popular ben\u00e9fica (1 \u20ac\/raci\u00f3n).<\/li>\n<li><strong>Martes 8 de septiembre (19:00 h):<\/strong> Misa Huertana y Procesi\u00f3n de la Pur\u00edsima Concepci\u00f3n.<\/li>\n<\/ul>\n<\/div>\n<h2><span style=\"color: #333399;\">Programa Oficial de Actividades por D\u00edas<\/span><\/h2>\n<p>Consulta el cronograma completo de actos organizados para las Fiestas Patronales de La Majada 2026:<\/p>\n<table style=\"width: 100%; border-collapse: collapse; margin-top: 15px; margin-bottom: 25px;\">\n<thead>\n<tr style=\"background-color: #0056b3; color: #ffffff;\">\n<th style=\"padding: 10px; border: 1px solid #dddddd; text-align: left; width: 25%;\">D\u00eda y Fecha<\/th>\n<th style=\"padding: 10px; border: 1px solid #dddddd; text-align: left;\">Hora<\/th>\n<th style=\"padding: 10px; border: 1px solid #dddddd; text-align: left;\">Actividad \/ Evento<\/th>\n<\/tr>\n<\/thead>\n<tbody><!-- S\u00c1BADO 29 --><\/p>\n<tr style=\"background-color: #ffffff;\">\n<td style=\"padding: 10px; border: 1px solid #dddddd;\" rowspan=\"5\"><strong>S\u00e1bado 29 de Agosto<\/strong><\/td>\n<td style=\"padding: 10px; border: 1px solid #dddddd;\">13:30 h<\/td>\n<td style=\"padding: 10px; border: 1px solid #dddddd;\">Invitaci\u00f3n a vermut (Bar El Puente) y comida con reserva previa (649171229).<\/td>\n<\/tr>\n<tr style=\"background-color: #ffffff;\">\n<td style=\"padding: 10px; border: 1px solid #dddddd;\">17:30 h<\/td>\n<td style=\"padding: 10px; border: 1px solid #dddddd;\">IV Partido de F\u00fatbol en Familia.<\/td>\n<\/tr>\n<tr style=\"background-color: #ffffff;\">\n<td style=\"padding: 10px; border: 1px solid #dddddd;\">18:00 h<\/td>\n<td style=\"padding: 10px; border: 1px solid #dddddd;\">Torneo de Petanca femenina e infantil.<\/td>\n<\/tr>\n<tr style=\"background-color: #ffffff;\">\n<td style=\"padding: 10px; border: 1px solid #dddddd;\">22:00 h<\/td>\n<td style=\"padding: 10px; border: 1px solid #dddddd;\"><strong>Preg\u00f3n de Fiestas<\/strong> por D. Jos\u00e9 Antonio Gonz\u00e1lez Mart\u00ednez, Elecci\u00f3n de Miss, M\u00edster y Reina 2026, y actuaci\u00f3n en directo de <em>The Walkman Band<\/em>.<\/td>\n<\/tr>\n<tr style=\"background-color: #ffffff;\">\n<td style=\"padding: 10px; border: 1px solid #dddddd;\">01:30 h<\/td>\n<td style=\"padding: 10px; border: 1px solid #dddddd;\">Sesi\u00f3n de DJ Ruby Rodr\u00edguez.<\/td>\n<\/tr>\n<p><!-- DOMINGO 30 --><\/p>\n<tr style=\"background-color: #f9f9f9;\">\n<td style=\"padding: 10px; border: 1px solid #dddddd;\" rowspan=\"3\"><strong>Domingo 30 de Agosto<\/strong><\/td>\n<td style=\"padding: 10px; border: 1px solid #dddddd;\">11:00 h<\/td>\n<td style=\"padding: 10px; border: 1px solid #dddddd;\">IV Encuentro Motero \u00abLa Majada 2026\u00bb y pantalla gigante para el Gran Premio de Arag\u00f3n de Moto GP.<\/td>\n<\/tr>\n<tr style=\"background-color: #f9f9f9;\">\n<td style=\"padding: 10px; border: 1px solid #dddddd;\">17:00 h<\/td>\n<td style=\"padding: 10px; border: 1px solid #dddddd;\">Tarde infantil: Hinchables acu\u00e1ticos y Fiesta de la Espuma.<\/td>\n<\/tr>\n<tr style=\"background-color: #f9f9f9;\">\n<td style=\"padding: 10px; border: 1px solid #dddddd;\">22:00 h<\/td>\n<td style=\"padding: 10px; border: 1px solid #dddddd;\">Campeonato de Chinch\u00f3n y bingos musicales.<\/td>\n<\/tr>\n<p><!-- LUNES 31 Y MARTES 1 --><\/p>\n<tr style=\"background-color: #ffffff;\">\n<td style=\"padding: 10px; border: 1px solid #dddddd;\"><strong>Lunes 31 de Agosto<\/strong><\/td>\n<td style=\"padding: 10px; border: 1px solid #dddddd;\">22:00 h<\/td>\n<td style=\"padding: 10px; border: 1px solid #dddddd;\">Campeonatos de Brisca (adulto\/infantil) y Truque.<\/td>\n<\/tr>\n<tr style=\"background-color: #f9f9f9;\">\n<td style=\"padding: 10px; border: 1px solid #dddddd;\"><strong>Martes 1 de Septiembre<\/strong><\/td>\n<td style=\"padding: 10px; border: 1px solid #dddddd;\">22:00 h<\/td>\n<td style=\"padding: 10px; border: 1px solid #dddddd;\">Campeonato de Parch\u00eds (infantil y adultos).<\/td>\n<\/tr>\n<tr style=\"background-color: #ffffff;\">\n<td style=\"padding: 10px; border: 1px solid #dddddd;\"><strong>Mi\u00e9rcoles 2 de Septiembre<\/strong><\/td>\n<td style=\"padding: 10px; border: 1px solid #dddddd;\">22:00 h<\/td>\n<td style=\"padding: 10px; border: 1px solid #dddddd;\">Grandes finales de los campeonatos de juegos de mesa.<\/td>\n<\/tr>\n<p><!-- JUEVES 3 --><\/p>\n<tr style=\"background-color: #f9f9f9;\">\n<td style=\"padding: 10px; border: 1px solid #dddddd;\" rowspan=\"2\"><strong>Jueves 3 de Septiembre<\/strong><\/td>\n<td style=\"padding: 10px; border: 1px solid #dddddd;\">21:30 h<\/td>\n<td style=\"padding: 10px; border: 1px solid #dddddd;\">Inauguraci\u00f3n de la exposici\u00f3n \u00abSol y Sal, una oda a la vida salvaje\u00bb de Mar\u00eda Trit\u00f3n y Sra. Lau (Sal\u00f3n de Teatro).<\/td>\n<\/tr>\n<tr style=\"background-color: #f9f9f9;\">\n<td style=\"padding: 10px; border: 1px solid #dddddd;\">22:30 h<\/td>\n<td style=\"padding: 10px; border: 1px solid #dddddd;\"><strong>Noche Majaera y Noche de Migas<\/strong> con la actuaci\u00f3n de David Andreu y DJ local.<\/td>\n<\/tr>\n<p><!-- VIERNES 4 --><\/p>\n<tr style=\"background-color: #ffffff;\">\n<td style=\"padding: 10px; border: 1px solid #dddddd;\" rowspan=\"2\"><strong>Viernes 4 de Septiembre<\/strong><\/td>\n<td style=\"padding: 10px; border: 1px solid #dddddd;\">22:30 h<\/td>\n<td style=\"padding: 10px; border: 1px solid #dddddd;\">Concierto de la banda <em>V\u00e9rtigo<\/em>, Gran Pi\u00f1ata de regalos y Elecci\u00f3n de Miss y M\u00edster Visitante.<\/td>\n<\/tr>\n<tr style=\"background-color: #ffffff;\">\n<td style=\"padding: 10px; border: 1px solid #dddddd;\">01:30 h<\/td>\n<td style=\"padding: 10px; border: 1px solid #dddddd;\">Sesi\u00f3n de Sergio Salinas DJ.<\/td>\n<\/tr>\n<p><!-- S\u00c1BADO 5 --><\/p>\n<tr style=\"background-color: #f9f9f9;\">\n<td style=\"padding: 10px; border: 1px solid #dddddd;\" rowspan=\"3\"><strong>S\u00e1bado 5 de Septiembre<\/strong><\/td>\n<td style=\"padding: 10px; border: 1px solid #dddddd;\">18:00 h<\/td>\n<td style=\"padding: 10px; border: 1px solid #dddddd;\"><strong>Concurso de Autos Locos<\/strong> (premios a la velocidad y a la originalidad).<\/td>\n<\/tr>\n<tr style=\"background-color: #f9f9f9;\">\n<td style=\"padding: 10px; border: 1px solid #dddddd;\">22:30 h<\/td>\n<td style=\"padding: 10px; border: 1px solid #dddddd;\">Gran Baile y Concurso de Disfraces con el grupo <em>FyV Band<\/em>.<\/td>\n<\/tr>\n<tr style=\"background-color: #f9f9f9;\">\n<td style=\"padding: 10px; border: 1px solid #dddddd;\">01:30 h<\/td>\n<td style=\"padding: 10px; border: 1px solid #dddddd;\">DJ DCarlo y DJ Horacio.<\/td>\n<\/tr>\n<p><!-- DOMINGO 6 --><\/p>\n<tr style=\"background-color: #ffffff;\">\n<td style=\"padding: 10px; border: 1px solid #dddddd;\" rowspan=\"3\"><strong>Domingo 6 de Septiembre<\/strong><\/td>\n<td style=\"padding: 10px; border: 1px solid #dddddd;\">14:00 h<\/td>\n<td style=\"padding: 10px; border: 1px solid #dddddd;\"><strong>Paella Popular<\/strong> (1 \u20ac la raci\u00f3n a beneficio de la Comisi\u00f3n de Fiestas con derecho a rifa).<\/td>\n<\/tr>\n<tr style=\"background-color: #ffffff;\">\n<td style=\"padding: 10px; border: 1px solid #dddddd;\">18:00 h<\/td>\n<td style=\"padding: 10px; border: 1px solid #dddddd;\">Tardeo infantil con pintacaras y juegos tradicionales por Zoe Socioeducativo.<\/td>\n<\/tr>\n<tr style=\"background-color: #ffffff;\">\n<td style=\"padding: 10px; border: 1px solid #dddddd;\">22:00 h<\/td>\n<td style=\"padding: 10px; border: 1px solid #dddddd;\">Noche Ochentera con el concierto del grupo <em>Ciudad Canalla<\/em>.<\/td>\n<\/tr>\n<p><!-- LUNES 7 --><\/p>\n<tr style=\"background-color: #f9f9f9;\">\n<td style=\"padding: 10px; border: 1px solid #dddddd;\" rowspan=\"2\"><strong>Lunes 7 de Septiembre<\/strong><\/td>\n<td style=\"padding: 10px; border: 1px solid #dddddd;\">22:00 h<\/td>\n<td style=\"padding: 10px; border: 1px solid #dddddd;\">Noche de Chiringuitos y teatro con el grupo <em>Tragedia Moderna<\/em> (\u00abLa Familia Fuerte\u00bb).<\/td>\n<\/tr>\n<tr style=\"background-color: #f9f9f9;\">\n<td style=\"padding: 10px; border: 1px solid #dddddd;\">23:00 h<\/td>\n<td style=\"padding: 10px; border: 1px solid #dddddd;\">Concierto ac\u00fastico con DOF y Paula Zamora.<\/td>\n<\/tr>\n<p><!-- MARTES 8 --><\/p>\n<tr style=\"background-color: #ffffff;\">\n<td style=\"padding: 10px; border: 1px solid #dddddd;\" rowspan=\"3\"><strong>Martes 8 de Septiembre (D\u00eda Grande)<\/strong><\/td>\n<td style=\"padding: 10px; border: 1px solid #dddddd;\">14:00 h<\/td>\n<td style=\"padding: 10px; border: 1px solid #dddddd;\">Comida de convivencia con corte de jam\u00f3n y Concurso de Gastronom\u00eda Tradicional y Reposter\u00eda.<\/td>\n<\/tr>\n<tr style=\"background-color: #ffffff;\">\n<td style=\"padding: 10px; border: 1px solid #dddddd;\">19:00 h<\/td>\n<td style=\"padding: 10px; border: 1px solid #dddddd;\"><strong>Misa Huertana en Honor a la Pur\u00edsima Concepci\u00f3n<\/strong> y solemne procesi\u00f3n de la Patrona.<\/td>\n<\/tr>\n<tr style=\"background-color: #ffffff;\">\n<td style=\"padding: 10px; border: 1px solid #dddddd;\">22:30 h<\/td>\n<td style=\"padding: 10px; border: 1px solid #dddddd;\">Degustaci\u00f3n de pesti\u00f1os con chocolate y Fin de Fiestas 2026.<\/td>\n<\/tr>\n<\/tbody>\n<\/table>\n<p><!-- RECUADRO DESTACADO: D\u00cdA GRANDE DE LA PATRONA --><\/p>\n<div style=\"background-color: #d4edda; border: 1px solid #c3e6cb; border-left: 5px solid #28a745; padding: 15px; margin-bottom: 25px; border-radius: 4px;\">\n<h3 style=\"margin-top: 0; color: #155724;\">\ud83c\udf3f El D\u00eda Grande: Martes 8 de Septiembre<\/h3>\n<p style=\"color: #155724;\">El momento cumbre de las celebraciones tiene lugar el martes 8 de septiembre con la tradicional <strong>Misa Huertana (19:00 h)<\/strong>. Se invita a todos los asistentes a vestir el traje t\u00edpico de huertano\/a para acompa\u00f1ar en procesi\u00f3n a la imagen de la Pur\u00edsima Concepci\u00f3n por las calles de La Majada.<\/p>\n<p style=\"margin-bottom: 0; color: #155724;\">Como broche final, a las 22:30 h la Comisi\u00f3n de Fiestas ofrecer\u00e1 una tradicional degustaci\u00f3n de <strong>chocolate con pesti\u00f1os<\/strong> para todos los vecinos y asistentes.<\/p>\n<\/div>\n<h2><span style=\"color: #333399;\">Preguntas Frecuentes (FAQ)<\/span><\/h2>\n<div style=\"background-color: #f8f9fa; border: 1px solid #e9ecef; padding: 15px; margin-bottom: 15px; border-radius: 4px;\">\n<h3 style=\"margin-top: 0;\">\u00bfCu\u00e1ndo son las Fiestas Patronales de La Majada 2026?<\/h3>\n<p style=\"margin-bottom: 0;\">Las fiestas se extienden desde el s\u00e1bado 29 de agosto hasta el martes 8 de septiembre de 2026 en la pedan\u00eda mazarronera de La Majada.<\/p>\n<\/div>\n<div style=\"background-color: #f8f9fa; border: 1px solid #e9ecef; padding: 15px; margin-bottom: 15px; border-radius: 4px;\">\n<h3 style=\"margin-top: 0;\">\u00bfC\u00f3mo participar en la comida o paella popular?<\/h3>\n<p style=\"margin-bottom: 0;\">Para la Paella Popular del domingo 6 de septiembre se puede adquirir el ticket por 1 \u20ac directamente en el recinto. Para la comida inaugural del vermut del 29 de agosto es preciso reservar con antelaci\u00f3n en el tel\u00e9fono 649 17 12 29.<\/p>\n<\/div>","protected":false},"excerpt":{"rendered":"<p>Fiestas Patronales de La Majada 2026 (Mazarr\u00f3n): Programa Completo, Fechas y Actividades Las Fiestas Patronales de La Majada 2026, pedan\u00eda del municipio de Mazarr\u00f3n (Regi\u00f3n de Murcia), se celebran del [&hellip;]<\/p>\n","protected":false},"author":1,"featured_media":5600,"comment_status":"open","ping_status":"open","sticky":false,"template":"","format":"standard","meta":{"footnotes":""},"categories":[71,27],"tags":[],"class_list":["post-5598","post","type-post","status-publish","format-standard","has-post-thumbnail","hentry","category-festividades","category-fiestas-patronales"],"blocksy_meta":[],"yoast_head":"<!-- This site is optimized with the Yoast SEO plugin v28.4 - https:\/\/yoast.com\/product\/yoast-seo-wordpress\/ -->\n<title>Fiestas Patronales de La Majada 2026 (Mazarr\u00f3n): Programa<\/title>\n<meta name=\"description\" content=\"Gu\u00eda de las Fiestas Patronales de La Majada 2026 en Mazarr\u00f3n: fechas del 29 de agosto al 8 de septiembre, programa por d\u00edas, autos locos, paella y misa huertana.\" \/>\n<meta name=\"robots\" content=\"index, follow, max-snippet:-1, max-image-preview:large, max-video-preview:-1\" \/>\n<link rel=\"canonical\" href=\"https:\/\/mazarrononline.com\/en\/fiestas-patronales-la-majada-mazarron\/\" \/>\n<meta property=\"og:locale\" content=\"en_GB\" \/>\n<meta property=\"og:type\" content=\"article\" \/>\n<meta property=\"og:title\" content=\"Fiestas Patronales de La Majada 2026 (Mazarr\u00f3n): Programa\" \/>\n<meta property=\"og:description\" content=\"Gu\u00eda de las Fiestas Patronales de La Majada 2026 en Mazarr\u00f3n: fechas del 29 de agosto al 8 de septiembre, programa por d\u00edas, autos locos, paella y misa huertana.\" \/>\n<meta property=\"og:url\" content=\"https:\/\/mazarrononline.com\/en\/fiestas-patronales-la-majada-mazarron\/\" \/>\n<meta property=\"og:site_name\" content=\"Mazarron Online\" \/>\n<meta property=\"article:published_time\" content=\"2026-08-27T16:43:37+00:00\" \/>\n<meta property=\"og:image\" content=\"https:\/\/mazarrononline.com\/wp-content\/uploads\/2026\/08\/fiestas-patronales-la-majada-mazarron-e1787848999591.jpg\" \/>\n\t<meta property=\"og:image:width\" content=\"829\" \/>\n\t<meta property=\"og:image:height\" content=\"646\" \/>\n\t<meta property=\"og:image:type\" content=\"image\/jpeg\" \/>\n<meta name=\"author\" content=\"Leyre\" \/>\n<meta name=\"twitter:card\" content=\"summary_large_image\" \/>\n<meta name=\"twitter:label1\" content=\"Written by\" \/>\n\t<meta name=\"twitter:data1\" content=\"Leyre\" \/>\n\t<meta name=\"twitter:label2\" content=\"Estimated reading time\" \/>\n\t<meta name=\"twitter:data2\" content=\"4 minutes\" \/>\n<script type=\"application\/ld+json\" class=\"yoast-schema-graph\">{\"@context\":\"https:\\\/\\\/schema.org\",\"@graph\":[{\"@type\":\"Article\",\"@id\":\"https:\\\/\\\/mazarrononline.com\\\/fiestas-patronales-la-majada-mazarron\\\/#article\",\"isPartOf\":{\"@id\":\"https:\\\/\\\/mazarrononline.com\\\/fiestas-patronales-la-majada-mazarron\\\/\"},\"author\":{\"name\":\"Leyre\",\"@id\":\"https:\\\/\\\/mazarrononline.com\\\/#\\\/schema\\\/person\\\/d9631cc872d8c011f835a190d882e76d\"},\"headline\":\"Fiestas Patronales de La Majada 2026 (Mazarr\u00f3n): Programa Oficial\",\"datePublished\":\"2026-08-27T16:43:37+00:00\",\"mainEntityOfPage\":{\"@id\":\"https:\\\/\\\/mazarrononline.com\\\/fiestas-patronales-la-majada-mazarron\\\/\"},\"wordCount\":836,\"commentCount\":0,\"publisher\":{\"@id\":\"https:\\\/\\\/mazarrononline.com\\\/#organization\"},\"image\":{\"@id\":\"https:\\\/\\\/mazarrononline.com\\\/fiestas-patronales-la-majada-mazarron\\\/#primaryimage\"},\"thumbnailUrl\":\"https:\\\/\\\/mazarrononline.com\\\/wp-content\\\/uploads\\\/2026\\\/08\\\/fiestas-patronales-la-majada-mazarron-e1787848999591.jpg\",\"articleSection\":[\"Festividades\",\"Fiestas Patronales\"],\"inLanguage\":\"en-GB\",\"potentialAction\":[{\"@type\":\"CommentAction\",\"name\":\"Comment\",\"target\":[\"https:\\\/\\\/mazarrononline.com\\\/fiestas-patronales-la-majada-mazarron\\\/#respond\"]}]},{\"@type\":\"WebPage\",\"@id\":\"https:\\\/\\\/mazarrononline.com\\\/fiestas-patronales-la-majada-mazarron\\\/\",\"url\":\"https:\\\/\\\/mazarrononline.com\\\/fiestas-patronales-la-majada-mazarron\\\/\",\"name\":\"Fiestas Patronales de La Majada 2026 (Mazarr\u00f3n): Programa\",\"isPartOf\":{\"@id\":\"https:\\\/\\\/mazarrononline.com\\\/#website\"},\"primaryImageOfPage\":{\"@id\":\"https:\\\/\\\/mazarrononline.com\\\/fiestas-patronales-la-majada-mazarron\\\/#primaryimage\"},\"image\":{\"@id\":\"https:\\\/\\\/mazarrononline.com\\\/fiestas-patronales-la-majada-mazarron\\\/#primaryimage\"},\"thumbnailUrl\":\"https:\\\/\\\/mazarrononline.com\\\/wp-content\\\/uploads\\\/2026\\\/08\\\/fiestas-patronales-la-majada-mazarron-e1787848999591.jpg\",\"datePublished\":\"2026-08-27T16:43:37+00:00\",\"description\":\"Gu\u00eda de las Fiestas Patronales de La Majada 2026 en Mazarr\u00f3n: fechas del 29 de agosto al 8 de septiembre, programa por d\u00edas, autos locos, paella y misa huertana.\",\"breadcrumb\":{\"@id\":\"https:\\\/\\\/mazarrononline.com\\\/fiestas-patronales-la-majada-mazarron\\\/#breadcrumb\"},\"inLanguage\":\"en-GB\",\"potentialAction\":[{\"@type\":\"ReadAction\",\"target\":[\"https:\\\/\\\/mazarrononline.com\\\/fiestas-patronales-la-majada-mazarron\\\/\"]}]},{\"@type\":\"ImageObject\",\"inLanguage\":\"en-GB\",\"@id\":\"https:\\\/\\\/mazarrononline.com\\\/fiestas-patronales-la-majada-mazarron\\\/#primaryimage\",\"url\":\"https:\\\/\\\/mazarrononline.com\\\/wp-content\\\/uploads\\\/2026\\\/08\\\/fiestas-patronales-la-majada-mazarron-e1787848999591.jpg\",\"contentUrl\":\"https:\\\/\\\/mazarrononline.com\\\/wp-content\\\/uploads\\\/2026\\\/08\\\/fiestas-patronales-la-majada-mazarron-e1787848999591.jpg\",\"width\":829,\"height\":646,\"caption\":\"fiestas-patronales-la-majada-mazarron\"},{\"@type\":\"BreadcrumbList\",\"@id\":\"https:\\\/\\\/mazarrononline.com\\\/fiestas-patronales-la-majada-mazarron\\\/#breadcrumb\",\"itemListElement\":[{\"@type\":\"ListItem\",\"position\":1,\"name\":\"Portada\",\"item\":\"https:\\\/\\\/mazarrononline.com\\\/\"},{\"@type\":\"ListItem\",\"position\":2,\"name\":\"Fiestas Patronales de La Majada 2026 (Mazarr\u00f3n): Programa Oficial\"}]},{\"@type\":\"WebSite\",\"@id\":\"https:\\\/\\\/mazarrononline.com\\\/#website\",\"url\":\"https:\\\/\\\/mazarrononline.com\\\/\",\"name\":\"Mazarron Online\",\"description\":\"\",\"publisher\":{\"@id\":\"https:\\\/\\\/mazarrononline.com\\\/#organization\"},\"potentialAction\":[{\"@type\":\"SearchAction\",\"target\":{\"@type\":\"EntryPoint\",\"urlTemplate\":\"https:\\\/\\\/mazarrononline.com\\\/?s={search_term_string}\"},\"query-input\":{\"@type\":\"PropertyValueSpecification\",\"valueRequired\":true,\"valueName\":\"search_term_string\"}}],\"inLanguage\":\"en-GB\"},{\"@type\":\"Organization\",\"@id\":\"https:\\\/\\\/mazarrononline.com\\\/#organization\",\"name\":\"Mazarron Online\",\"url\":\"https:\\\/\\\/mazarrononline.com\\\/\",\"logo\":{\"@type\":\"ImageObject\",\"inLanguage\":\"en-GB\",\"@id\":\"https:\\\/\\\/mazarrononline.com\\\/#\\\/schema\\\/logo\\\/image\\\/\",\"url\":\"https:\\\/\\\/mazarrononline.com\\\/wp-content\\\/uploads\\\/2026\\\/03\\\/mazarrononline.com_.png\",\"contentUrl\":\"https:\\\/\\\/mazarrononline.com\\\/wp-content\\\/uploads\\\/2026\\\/03\\\/mazarrononline.com_.png\",\"width\":891,\"height\":340,\"caption\":\"Mazarron Online\"},\"image\":{\"@id\":\"https:\\\/\\\/mazarrononline.com\\\/#\\\/schema\\\/logo\\\/image\\\/\"}},{\"@type\":\"Person\",\"@id\":\"https:\\\/\\\/mazarrononline.com\\\/#\\\/schema\\\/person\\\/d9631cc872d8c011f835a190d882e76d\",\"name\":\"Leyre\",\"image\":{\"@type\":\"ImageObject\",\"inLanguage\":\"en-GB\",\"@id\":\"https:\\\/\\\/secure.gravatar.com\\\/avatar\\\/3c782ce00e025f94599c550917c21e50e8a575481f274333674068bc26c1b3ff?s=96&d=mm&r=g\",\"url\":\"https:\\\/\\\/secure.gravatar.com\\\/avatar\\\/3c782ce00e025f94599c550917c21e50e8a575481f274333674068bc26c1b3ff?s=96&d=mm&r=g\",\"contentUrl\":\"https:\\\/\\\/secure.gravatar.com\\\/avatar\\\/3c782ce00e025f94599c550917c21e50e8a575481f274333674068bc26c1b3ff?s=96&d=mm&r=g\",\"caption\":\"Leyre\"},\"description\":\"Apasionada del periodismo de viajes y la cultura local, de Mazarr\u00f3n, donde recorro cada d\u00eda los rincones, playas y eventos. Estoy Especializada en gu\u00edas de turismo, ocio y gastronom\u00eda de Mazarr\u00f3n, comparto consejos pr\u00e1cticos y recomendaciones de primera mano para ayudar a vecinos y visitantes a disfrutar al m\u00e1ximo del municipio.\",\"sameAs\":[\"https:\\\/\\\/mazarrononline.com\"],\"url\":\"https:\\\/\\\/mazarrononline.com\\\/en\\\/author\\\/todalainformacionweb\\\/\"}]}<\/script>\n<!-- \/ Yoast SEO plugin. -->","yoast_head_json":{"title":"Fiestas Patronales de La Majada 2026 (Mazarr\u00f3n): Programa","description":"Gu\u00eda de las Fiestas Patronales de La Majada 2026 en Mazarr\u00f3n: fechas del 29 de agosto al 8 de septiembre, programa por d\u00edas, autos locos, paella y misa huertana.","robots":{"index":"index","follow":"follow","max-snippet":"max-snippet:-1","max-image-preview":"max-image-preview:large","max-video-preview":"max-video-preview:-1"},"canonical":"https:\/\/mazarrononline.com\/en\/fiestas-patronales-la-majada-mazarron\/","og_locale":"en_GB","og_type":"article","og_title":"Fiestas Patronales de La Majada 2026 (Mazarr\u00f3n): Programa","og_description":"Gu\u00eda de las Fiestas Patronales de La Majada 2026 en Mazarr\u00f3n: fechas del 29 de agosto al 8 de septiembre, programa por d\u00edas, autos locos, paella y misa huertana.","og_url":"https:\/\/mazarrononline.com\/en\/fiestas-patronales-la-majada-mazarron\/","og_site_name":"Mazarron Online","article_published_time":"2026-08-27T16:43:37+00:00","og_image":[{"width":829,"height":646,"url":"https:\/\/mazarrononline.com\/wp-content\/uploads\/2026\/08\/fiestas-patronales-la-majada-mazarron-e1787848999591.jpg","type":"image\/jpeg"}],"author":"Leyre","twitter_card":"summary_large_image","twitter_misc":{"Written by":"Leyre","Estimated reading time":"4 minutes"},"schema":{"@context":"https:\/\/schema.org","@graph":[{"@type":"Article","@id":"https:\/\/mazarrononline.com\/fiestas-patronales-la-majada-mazarron\/#article","isPartOf":{"@id":"https:\/\/mazarrononline.com\/fiestas-patronales-la-majada-mazarron\/"},"author":{"name":"Leyre","@id":"https:\/\/mazarrononline.com\/#\/schema\/person\/d9631cc872d8c011f835a190d882e76d"},"headline":"Fiestas Patronales de La Majada 2026 (Mazarr\u00f3n): Programa Oficial","datePublished":"2026-08-27T16:43:37+00:00","mainEntityOfPage":{"@id":"https:\/\/mazarrononline.com\/fiestas-patronales-la-majada-mazarron\/"},"wordCount":836,"commentCount":0,"publisher":{"@id":"https:\/\/mazarrononline.com\/#organization"},"image":{"@id":"https:\/\/mazarrononline.com\/fiestas-patronales-la-majada-mazarron\/#primaryimage"},"thumbnailUrl":"https:\/\/mazarrononline.com\/wp-content\/uploads\/2026\/08\/fiestas-patronales-la-majada-mazarron-e1787848999591.jpg","articleSection":["Festividades","Fiestas Patronales"],"inLanguage":"en-GB","potentialAction":[{"@type":"CommentAction","name":"Comment","target":["https:\/\/mazarrononline.com\/fiestas-patronales-la-majada-mazarron\/#respond"]}]},{"@type":"WebPage","@id":"https:\/\/mazarrononline.com\/fiestas-patronales-la-majada-mazarron\/","url":"https:\/\/mazarrononline.com\/fiestas-patronales-la-majada-mazarron\/","name":"Fiestas Patronales de La Majada 2026 (Mazarr\u00f3n): Programa","isPartOf":{"@id":"https:\/\/mazarrononline.com\/#website"},"primaryImageOfPage":{"@id":"https:\/\/mazarrononline.com\/fiestas-patronales-la-majada-mazarron\/#primaryimage"},"image":{"@id":"https:\/\/mazarrononline.com\/fiestas-patronales-la-majada-mazarron\/#primaryimage"},"thumbnailUrl":"https:\/\/mazarrononline.com\/wp-content\/uploads\/2026\/08\/fiestas-patronales-la-majada-mazarron-e1787848999591.jpg","datePublished":"2026-08-27T16:43:37+00:00","description":"Gu\u00eda de las Fiestas Patronales de La Majada 2026 en Mazarr\u00f3n: fechas del 29 de agosto al 8 de septiembre, programa por d\u00edas, autos locos, paella y misa huertana.","breadcrumb":{"@id":"https:\/\/mazarrononline.com\/fiestas-patronales-la-majada-mazarron\/#breadcrumb"},"inLanguage":"en-GB","potentialAction":[{"@type":"ReadAction","target":["https:\/\/mazarrononline.com\/fiestas-patronales-la-majada-mazarron\/"]}]},{"@type":"ImageObject","inLanguage":"en-GB","@id":"https:\/\/mazarrononline.com\/fiestas-patronales-la-majada-mazarron\/#primaryimage","url":"https:\/\/mazarrononline.com\/wp-content\/uploads\/2026\/08\/fiestas-patronales-la-majada-mazarron-e1787848999591.jpg","contentUrl":"https:\/\/mazarrononline.com\/wp-content\/uploads\/2026\/08\/fiestas-patronales-la-majada-mazarron-e1787848999591.jpg","width":829,"height":646,"caption":"fiestas-patronales-la-majada-mazarron"},{"@type":"BreadcrumbList","@id":"https:\/\/mazarrononline.com\/fiestas-patronales-la-majada-mazarron\/#breadcrumb","itemListElement":[{"@type":"ListItem","position":1,"name":"Portada","item":"https:\/\/mazarrononline.com\/"},{"@type":"ListItem","position":2,"name":"Fiestas Patronales de La Majada 2026 (Mazarr\u00f3n): Programa Oficial"}]},{"@type":"WebSite","@id":"https:\/\/mazarrononline.com\/#website","url":"https:\/\/mazarrononline.com\/","name":"Mazarron Online","description":"","publisher":{"@id":"https:\/\/mazarrononline.com\/#organization"},"potentialAction":[{"@type":"SearchAction","target":{"@type":"EntryPoint","urlTemplate":"https:\/\/mazarrononline.com\/?s={search_term_string}"},"query-input":{"@type":"PropertyValueSpecification","valueRequired":true,"valueName":"search_term_string"}}],"inLanguage":"en-GB"},{"@type":"Organization","@id":"https:\/\/mazarrononline.com\/#organization","name":"Mazarron Online","url":"https:\/\/mazarrononline.com\/","logo":{"@type":"ImageObject","inLanguage":"en-GB","@id":"https:\/\/mazarrononline.com\/#\/schema\/logo\/image\/","url":"https:\/\/mazarrononline.com\/wp-content\/uploads\/2026\/03\/mazarrononline.com_.png","contentUrl":"https:\/\/mazarrononline.com\/wp-content\/uploads\/2026\/03\/mazarrononline.com_.png","width":891,"height":340,"caption":"Mazarron Online"},"image":{"@id":"https:\/\/mazarrononline.com\/#\/schema\/logo\/image\/"}},{"@type":"Person","@id":"https:\/\/mazarrononline.com\/#\/schema\/person\/d9631cc872d8c011f835a190d882e76d","name":"Leyre","image":{"@type":"ImageObject","inLanguage":"en-GB","@id":"https:\/\/secure.gravatar.com\/avatar\/3c782ce00e025f94599c550917c21e50e8a575481f274333674068bc26c1b3ff?s=96&d=mm&r=g","url":"https:\/\/secure.gravatar.com\/avatar\/3c782ce00e025f94599c550917c21e50e8a575481f274333674068bc26c1b3ff?s=96&d=mm&r=g","contentUrl":"https:\/\/secure.gravatar.com\/avatar\/3c782ce00e025f94599c550917c21e50e8a575481f274333674068bc26c1b3ff?s=96&d=mm&r=g","caption":"Leyre"},"description":"Apasionada del periodismo de viajes y la cultura local, de Mazarr\u00f3n, donde recorro cada d\u00eda los rincones, playas y eventos. Estoy Especializada en gu\u00edas de turismo, ocio y gastronom\u00eda de Mazarr\u00f3n, comparto consejos pr\u00e1cticos y recomendaciones de primera mano para ayudar a vecinos y visitantes a disfrutar al m\u00e1ximo del municipio.","sameAs":["https:\/\/mazarrononline.com"],"url":"https:\/\/mazarrononline.com\/en\/author\/todalainformacionweb\/"}]}},"_links":{"self":[{"href":"https:\/\/mazarrononline.com\/en\/wp-json\/wp\/v2\/posts\/5598","targetHints":{"allow":["GET"]}}],"collection":[{"href":"https:\/\/mazarrononline.com\/en\/wp-json\/wp\/v2\/posts"}],"about":[{"href":"https:\/\/mazarrononline.com\/en\/wp-json\/wp\/v2\/types\/post"}],"author":[{"embeddable":true,"href":"https:\/\/mazarrononline.com\/en\/wp-json\/wp\/v2\/users\/1"}],"replies":[{"embeddable":true,"href":"https:\/\/mazarrononline.com\/en\/wp-json\/wp\/v2\/comments?post=5598"}],"version-history":[{"count":1,"href":"https:\/\/mazarrononline.com\/en\/wp-json\/wp\/v2\/posts\/5598\/revisions"}],"predecessor-version":[{"id":5601,"href":"https:\/\/mazarrononline.com\/en\/wp-json\/wp\/v2\/posts\/5598\/revisions\/5601"}],"wp:featuredmedia":[{"embeddable":true,"href":"https:\/\/mazarrononline.com\/en\/wp-json\/wp\/v2\/media\/5600"}],"wp:attachment":[{"href":"https:\/\/mazarrononline.com\/en\/wp-json\/wp\/v2\/media?parent=5598"}],"wp:term":[{"taxonomy":"category","embeddable":true,"href":"https:\/\/mazarrononline.com\/en\/wp-json\/wp\/v2\/categories?post=5598"},{"taxonomy":"post_tag","embeddable":true,"href":"https:\/\/mazarrononline.com\/en\/wp-json\/wp\/v2\/tags?post=5598"}],"curies":[{"name":"wp","href":"https:\/\/api.w.org\/{rel}","templated":true}]}}