{"id":5356,"date":"2026-08-19T14:04:28","date_gmt":"2026-08-19T14:04:28","guid":{"rendered":"https:\/\/mazarrononline.com\/?p=5356"},"modified":"2026-08-19T14:20:58","modified_gmt":"2026-08-19T14:20:58","slug":"torre-santa-isabel-mazarron","status":"publish","type":"post","link":"https:\/\/mazarrononline.com\/en\/torre-santa-isabel-mazarron\/","title":{"rendered":"Torre de Santa Isabel en Mazarr\u00f3n: historia, ubicaci\u00f3n y qu\u00e9 ver"},"content":{"rendered":"<p data-start=\"1233\" data-end=\"1576\">La <strong data-start=\"1236\" data-end=\"1261\">Torre de Santa Isabel<\/strong> es uno de los monumentos hist\u00f3ricos m\u00e1s caracter\u00edsticos del Puerto de Mazarr\u00f3n. Tambi\u00e9n conocida como <strong data-start=\"1364\" data-end=\"1386\">Torre de la Cumbre<\/strong> o <strong data-start=\"1389\" data-end=\"1415\">Torre Vieja del Puerto<\/strong>, esta antigua torre de vigilancia forma parte del sistema defensivo que protegi\u00f3 durante siglos el litoral de Mazarr\u00f3n frente a las incursiones de la pirater\u00eda.<\/p>\n<p data-start=\"1578\" data-end=\"1893\">Construida en el <strong data-start=\"1595\" data-end=\"1608\">siglo XVI<\/strong>, se encuentra sobre un promontorio de la actual zona de La Cumbre, desde donde antiguamente dominaba visualmente el Puerto de Mazarr\u00f3n y su entorno. Hoy est\u00e1 integrada dentro del casco urbano, pero conserva su car\u00e1cter de antigua torre defensiva.<\/p>\n<p data-start=\"1895\" data-end=\"2107\">La Torre de Santa Isabel est\u00e1 declarada <strong data-start=\"1935\" data-end=\"1996\">Bien de Inter\u00e9s Cultural (BIC) con categor\u00eda de Monumento<\/strong>, por lo que forma parte del importante patrimonio hist\u00f3rico de Mazarr\u00f3n.<\/p>\n<h2 data-section-id=\"iuregl\" data-start=\"2114\" data-end=\"2154\"><span style=\"color: #333399;\">\u00bfD\u00f3nde est\u00e1 la Torre de Santa Isabel?<\/span><\/h2>\n<p data-start=\"2156\" data-end=\"2332\">La Torre de Santa Isabel se encuentra en la <strong data-start=\"2200\" data-end=\"2252\">Urbanizaci\u00f3n La Cumbre, en el Puerto de Mazarr\u00f3n<\/strong>, sobre una elevaci\u00f3n que antiguamente permit\u00eda controlar visualmente el puerto.<\/p>\n<p data-start=\"2334\" data-end=\"2497\">La direcci\u00f3n que facilita Turismo de la Regi\u00f3n de Murcia es <strong data-start=\"2394\" data-end=\"2458\">Calle Teide, 213, Urbanizaci\u00f3n La Cumbre, Puerto de Mazarr\u00f3n<\/strong>.<\/p>\n<p data-start=\"2499\" data-end=\"2758\">Su ubicaci\u00f3n no es casual. Cuando fue construida, la elevaci\u00f3n sobre la que se encuentra ofrec\u00eda una posici\u00f3n estrat\u00e9gica para vigilar la costa y las zonas relacionadas con la actividad pesquera y las salinas de Mazarr\u00f3n.<\/p>\n<h2 data-section-id=\"3me8fk\" data-start=\"2765\" data-end=\"2815\"><span style=\"color: #333399;\">\u00bfPor qu\u00e9 se construy\u00f3 la Torre de Santa Isabel?<\/span><\/h2>\n<p data-start=\"2817\" data-end=\"2943\">Durante los siglos XV y XVI, las poblaciones costeras del Mediterr\u00e1neo estaban expuestas a incursiones de piratas berberiscos.<\/p>\n<p data-start=\"2945\" data-end=\"3250\">Mazarr\u00f3n necesitaba proteger su litoral y garantizar la continuidad de actividades como la pesca y la agricultura. Por este motivo se levant\u00f3 un sistema de <strong data-start=\"3101\" data-end=\"3133\">torres de vigilancia costera<\/strong> que permit\u00eda controlar los movimientos en el mar y avisar de posibles ataques.<\/p>\n<p data-start=\"3252\" data-end=\"3453\">La Torre de Santa Isabel formaba parte de este sistema defensivo junto a otras torres hist\u00f3ricas del municipio, como la <strong data-start=\"3372\" data-end=\"3397\">Torre de los Caballos<\/strong>, en Bolnuevo, y la <strong data-start=\"3417\" data-end=\"3439\">Torre del Molinete<\/strong>, en Mazarr\u00f3n.<\/p>\n<p data-start=\"3455\" data-end=\"3564\">Las tres constituyen algunos de los ejemplos m\u00e1s interesantes del patrimonio defensivo hist\u00f3rico de Mazarr\u00f3n.<\/p>\n<h2 data-section-id=\"zm67sh\" data-start=\"3571\" data-end=\"3613\"><span style=\"color: #333399;\">La historia de la Torre de Santa Isabel<\/span><\/h2>\n<p data-start=\"3615\" data-end=\"3822\">La torre data del <strong data-start=\"3633\" data-end=\"3646\">siglo XVI<\/strong>. Seg\u00fan la documentaci\u00f3n municipal, fue construida a instancias de <strong data-start=\"3713\" data-end=\"3729\">Baltasar Rey<\/strong>, un genov\u00e9s relacionado con el tr\u00e1fico de mercanc\u00edas en el puerto y las salinas de Mazarr\u00f3n.<\/p>\n<p data-start=\"3824\" data-end=\"3948\">Su funci\u00f3n original estaba relacionada con la vigilancia de las salinas y del litoral.<\/p>\n<p data-start=\"3950\" data-end=\"4073\">La elecci\u00f3n de un promontorio elevado permit\u00eda disponer de una posici\u00f3n privilegiada para controlar visualmente el entorno.<\/p>\n<p data-start=\"4075\" data-end=\"4211\">Con el paso del tiempo, la torre perdi\u00f3 su funci\u00f3n defensiva original y el crecimiento urbano del Puerto de Mazarr\u00f3n termin\u00f3 rode\u00e1ndola.<\/p>\n<p data-start=\"4213\" data-end=\"4431\">Seg\u00fan la Asociaci\u00f3n Espa\u00f1ola de Amigos de los Castillos, la torre lleg\u00f3 a contar con guarnici\u00f3n y artiller\u00eda hasta <strong data-start=\"4328\" data-end=\"4336\">1769<\/strong>, cuando se construy\u00f3 la llamada Torre Nueva de Mazarr\u00f3n.<\/p>\n<h2 data-section-id=\"zwr2y2\" data-start=\"4438\" data-end=\"4475\"><span style=\"color: #333399;\">\u00bfC\u00f3mo es la Torre de Santa Isabel?<\/span><\/h2>\n<p data-start=\"4477\" data-end=\"4558\">Uno de los elementos que m\u00e1s f\u00e1cilmente permite reconocerla es su peculiar forma.<\/p>\n<p data-start=\"4560\" data-end=\"4575\">La torre tiene:<\/p>\n<ul data-start=\"4577\" data-end=\"4789\">\n<li data-section-id=\"15dc9a7\" data-start=\"4577\" data-end=\"4598\"><strong data-start=\"4579\" data-end=\"4598\">Planta circular<\/strong><\/li>\n<li data-section-id=\"17ggrk2\" data-start=\"4599\" data-end=\"4635\"><strong data-start=\"4601\" data-end=\"4635\">Forma ligeramente troncoc\u00f3nica<\/strong><\/li>\n<li data-section-id=\"c4sk2f\" data-start=\"4636\" data-end=\"4669\">Construcci\u00f3n en <strong data-start=\"4654\" data-end=\"4669\">mamposter\u00eda<\/strong><\/li>\n<li data-section-id=\"1ws6zt0\" data-start=\"4670\" data-end=\"4711\">Aproximadamente <strong data-start=\"4688\" data-end=\"4711\">12 metros de altura<\/strong><\/li>\n<li data-section-id=\"d2er2r\" data-start=\"4712\" data-end=\"4753\">Muros de hasta <strong data-start=\"4729\" data-end=\"4753\">0,8 metros de grosor<\/strong><\/li>\n<li data-section-id=\"1xqioux\" data-start=\"4754\" data-end=\"4789\">Dos cuerpos interiores abovedados<\/li>\n<\/ul>\n<p data-start=\"4791\" data-end=\"4929\">Estos datos aparecen recogidos en la documentaci\u00f3n de protecci\u00f3n patrimonial de la Regi\u00f3n de Murcia.<\/p>\n<p data-start=\"4931\" data-end=\"5016\">Su dise\u00f1o responde a la funci\u00f3n defensiva y de vigilancia para la que fue construida.<\/p>\n<h2 data-section-id=\"n6yfc3\" data-start=\"5023\" data-end=\"5078\"><span style=\"color: #333399;\">La Torre de Santa Isabel es Bien de Inter\u00e9s Cultural<\/span><\/h2>\n<p data-start=\"5080\" data-end=\"5209\">La importancia hist\u00f3rica de la torre hizo que fuera protegida como <strong data-start=\"5147\" data-end=\"5181\">Bien de Inter\u00e9s Cultural (BIC)<\/strong> con categor\u00eda de Monumento.<\/p>\n<p data-start=\"5211\" data-end=\"5442\">Adem\u00e1s de proteger la propia construcci\u00f3n, la declaraci\u00f3n establece un entorno de protecci\u00f3n destinado a conservar el espacio que la rodea y, especialmente, su perspectiva visual y ambiental.<\/p>\n<p data-start=\"5444\" data-end=\"5621\">Esto permite entender que la importancia de la torre no se limita a sus muros: <strong data-start=\"5523\" data-end=\"5620\">su ubicaci\u00f3n y su relaci\u00f3n visual con el entorno tambi\u00e9n forman parte de su valor patrimonial<\/strong>.<\/p>\n<h2 data-section-id=\"4345u8\" data-start=\"5628\" data-end=\"5685\"><span style=\"color: #333399;\">\u00bfSe puede visitar la Torre de Santa Isabel por dentro?<\/span><\/h2>\n<p data-start=\"5687\" data-end=\"5746\"><strong data-start=\"5687\" data-end=\"5746\">Actualmente no est\u00e1 habilitada para visitas interiores.<\/strong><\/p>\n<p data-start=\"5748\" data-end=\"5970\">La informaci\u00f3n tur\u00edstica oficial de la Regi\u00f3n de Murcia indica que la Torre de Santa Isabel <strong data-start=\"5840\" data-end=\"5929\">no est\u00e1 habilitada para visitas y que \u00fanicamente puede contemplarse desde el exterior<\/strong>.<\/p>\n<p data-start=\"5972\" data-end=\"6182\">Por tanto, si quieres conocerla, puedes acercarte hasta su entorno y observar la torre, pero <strong data-start=\"6065\" data-end=\"6121\">no debes planificar una visita tur\u00edstica al interior<\/strong> salvo que las autoridades anuncien expresamente la apertura.<\/p>\n<blockquote data-start=\"6184\" data-end=\"6461\">\n<p data-start=\"6186\" data-end=\"6461\"><strong data-start=\"6186\" data-end=\"6204\">\ud83d\udccd Importante:<\/strong> las condiciones de acceso pueden cambiar si se llevan a cabo actuaciones de restauraci\u00f3n o puesta en valor. El Ayuntamiento ha impulsado un proyecto para la restauraci\u00f3n y puesta en valor de la Torre de Santa Isabel.<\/p>\n<\/blockquote>\n<h2 data-section-id=\"1mhw99x\" data-start=\"6468\" data-end=\"6514\"><span style=\"color: #333399;\">\u00bfQu\u00e9 ver cerca de la Torre de Santa Isabel?<\/span><\/h2>\n<p data-start=\"6516\" data-end=\"6643\">Una de las ventajas de visitar este monumento es que puedes combinarlo con otros lugares de inter\u00e9s del <strong data-start=\"6620\" data-end=\"6642\">Puerto de Mazarr\u00f3n<\/strong>.<\/p>\n<p data-start=\"6645\" data-end=\"6676\">Puedes aprovechar para conocer:<\/p>\n<h3 data-section-id=\"3fuxua\" data-start=\"6678\" data-end=\"6703\">\ud83c\udf0a Puerto de Mazarr\u00f3n<\/h3>\n<p data-start=\"6705\" data-end=\"6854\">El paseo mar\u00edtimo, las playas, el puerto y la zona comercial y gastron\u00f3mica hacen del Puerto uno de los principales centros tur\u00edsticos del municipio.<\/p>\n<h3 data-section-id=\"znjzt8\" data-start=\"6856\" data-end=\"6891\">\ud83c\udffa Factor\u00eda Romana de Salazones<\/h3>\n<p data-start=\"6893\" data-end=\"7041\">Muy cerca de la zona costera puedes conocer los restos de una antigua instalaci\u00f3n romana dedicada a la elaboraci\u00f3n de salazones y salsas de pescado.<\/p>\n<blockquote class=\"wp-embedded-content\" data-secret=\"fT7qJyfnWn\"><p><a href=\"https:\/\/mazarrononline.com\/en\/factoria-romana-salazones-mazarron\/\">Factor\u00eda Romana de Salazones de Mazarr\u00f3n: historia, garum y visita<\/a><\/p><\/blockquote>\n<p><iframe class=\"wp-embedded-content\" sandbox=\"allow-scripts\" security=\"restricted\" style=\"position: absolute; visibility: hidden;\" title=\"\u00abFactor\u00eda Romana de Salazones de Mazarr\u00f3n: historia, garum y visita\u00bb \u2014 Mazarron Online\" src=\"https:\/\/mazarrononline.com\/factoria-romana-salazones-mazarron\/embed\/#?secret=6ROToWCzs5#?secret=fT7qJyfnWn\" data-secret=\"fT7qJyfnWn\" width=\"600\" height=\"338\" frameborder=\"0\" marginwidth=\"0\" marginheight=\"0\" scrolling=\"no\"><\/iframe><\/p>\n<h3 data-section-id=\"yaf5mx\" data-start=\"7114\" data-end=\"7135\">\u2693 Barcos fenicios<\/h3>\n<p data-start=\"7137\" data-end=\"7249\">La bah\u00eda de Mazarr\u00f3n es tambi\u00e9n conocida por sus importantes restos arqueol\u00f3gicos subacu\u00e1ticos de \u00e9poca fenicia.<\/p>\n<blockquote class=\"wp-embedded-content\" data-secret=\"wvGeveuETz\"><p><a href=\"https:\/\/mazarrononline.com\/en\/centro-de-interpretacion-del-barco-fenicio-mazarron\/\">Centro de Interpretaci\u00f3n del Barco Fenicio en Mazarr\u00f3n: historia y visita<\/a><\/p><\/blockquote>\n<p><iframe class=\"wp-embedded-content\" sandbox=\"allow-scripts\" security=\"restricted\" style=\"position: absolute; visibility: hidden;\" title=\"\u00abCentro de Interpretaci\u00f3n del Barco Fenicio en Mazarr\u00f3n: historia y visita\u00bb \u2014 Mazarron Online\" src=\"https:\/\/mazarrononline.com\/centro-de-interpretacion-del-barco-fenicio-mazarron\/embed\/#?secret=9PjwGzmCq4#?secret=wvGeveuETz\" data-secret=\"wvGeveuETz\" width=\"600\" height=\"338\" frameborder=\"0\" marginwidth=\"0\" marginheight=\"0\" scrolling=\"no\"><\/iframe><\/p>\n<h3 data-section-id=\"1k6q0ls\" data-start=\"7251\" data-end=\"7273\">\ud83c\udfd6\ufe0f Playas y calas<\/h3>\n<p data-start=\"7275\" data-end=\"7384\">Despu\u00e9s de conocer el patrimonio hist\u00f3rico puedes continuar hacia las playas y calas del litoral de Mazarr\u00f3n.<\/p>\n<blockquote class=\"wp-embedded-content\" data-secret=\"zsPO0NZJem\"><p><a href=\"https:\/\/mazarrononline.com\/en\/playas\/\">Beaches<\/a><\/p><\/blockquote>\n<p><iframe class=\"wp-embedded-content\" sandbox=\"allow-scripts\" security=\"restricted\" style=\"position: absolute; visibility: hidden;\" title=\"\u00abPlayas\u00bb \u2014 Mazarron Online\" src=\"https:\/\/mazarrononline.com\/playas\/embed\/#?secret=pfkq7J8eLP#?secret=zsPO0NZJem\" data-secret=\"zsPO0NZJem\" width=\"600\" height=\"338\" frameborder=\"0\" marginwidth=\"0\" marginheight=\"0\" scrolling=\"no\"><\/iframe><\/p>\n<h3 data-section-id=\"nqnlq0\" data-start=\"7386\" data-end=\"7414\">\ud83c\udff0 Torre de los Caballos<\/h3>\n<p data-start=\"7416\" data-end=\"7549\">En Bolnuevo encontrar\u00e1s otra de las torres defensivas hist\u00f3ricas del municipio, relacionada con el sistema de vigilancia de la costa.<\/p>\n<blockquote class=\"wp-embedded-content\" data-secret=\"NwbOQsrr1g\"><p><a href=\"https:\/\/mazarrononline.com\/en\/torre-de-los-cabalos-bolnuevo\/\">Torre de los Caballos en Bolnuevo: historia, qu\u00e9 ver y visitar<\/a><\/p><\/blockquote>\n<p><iframe class=\"wp-embedded-content\" sandbox=\"allow-scripts\" security=\"restricted\" style=\"position: absolute; visibility: hidden;\" title=\"\u00abTorre de los Caballos en Bolnuevo: historia, qu\u00e9 ver y visitar\u00bb \u2014 Mazarron Online\" src=\"https:\/\/mazarrononline.com\/torre-de-los-cabalos-bolnuevo\/embed\/#?secret=sxtnueOqBo#?secret=NwbOQsrr1g\" data-secret=\"NwbOQsrr1g\" width=\"600\" height=\"338\" frameborder=\"0\" marginwidth=\"0\" marginheight=\"0\" scrolling=\"no\"><\/iframe><\/p>\n<h3 data-section-id=\"1tbep49\" data-start=\"7551\" data-end=\"7576\">\ud83d\uddfc Torre del Molinete<\/h3>\n<p data-start=\"7578\" data-end=\"7692\">En el n\u00facleo de Mazarr\u00f3n se encuentra otra torre hist\u00f3rica que formaba parte del sistema defensivo del territorio.<\/p>\n<blockquote class=\"wp-embedded-content\" data-secret=\"FNuxE4Aj7H\"><p><a href=\"https:\/\/mazarrononline.com\/en\/torre-del-molinete-mazarron\/\">Torre del Molinete de Mazarr\u00f3n: historia, ubicaci\u00f3n y qu\u00e9 ver<\/a><\/p><\/blockquote>\n<p><iframe class=\"wp-embedded-content\" sandbox=\"allow-scripts\" security=\"restricted\" style=\"position: absolute; visibility: hidden;\" title=\"\u00abTorre del Molinete de Mazarr\u00f3n: historia, ubicaci\u00f3n y qu\u00e9 ver\u00bb \u2014 Mazarron Online\" src=\"https:\/\/mazarrononline.com\/torre-del-molinete-mazarron\/embed\/#?secret=awG0qifJRr#?secret=FNuxE4Aj7H\" data-secret=\"FNuxE4Aj7H\" width=\"600\" height=\"338\" frameborder=\"0\" marginwidth=\"0\" marginheight=\"0\" scrolling=\"no\"><\/iframe><\/p>\n<h2 data-section-id=\"1p10otb\" data-start=\"7699\" data-end=\"7740\"><span style=\"color: #333399;\">Las tres torres defensivas de Mazarr\u00f3n<\/span><\/h2>\n<p data-start=\"7742\" data-end=\"7877\">La Torre de Santa Isabel se entiende mucho mejor cuando se contempla dentro del conjunto de torres defensivas hist\u00f3ricas del municipio.<\/p>\n<h3 data-section-id=\"toah40\" data-start=\"7879\" data-end=\"7904\">Torre de Santa Isabel<\/h3>\n<p data-start=\"7905\" data-end=\"7927\"><strong data-start=\"7905\" data-end=\"7927\">Puerto de Mazarr\u00f3n<\/strong><\/p>\n<h3 data-section-id=\"115g5as\" data-start=\"7929\" data-end=\"7954\">Torre de los Caballos<\/h3>\n<p data-start=\"7955\" data-end=\"7967\"><strong data-start=\"7955\" data-end=\"7967\">Bolnuevo<\/strong><\/p>\n<h3 data-section-id=\"h9vnk8\" data-start=\"7969\" data-end=\"7991\">Torre del Molinete<\/h3>\n<p data-start=\"7992\" data-end=\"8004\"><strong data-start=\"7992\" data-end=\"8004\">Mazarr\u00f3n<\/strong><\/p>\n<p data-start=\"8006\" data-end=\"8324\">Las tres est\u00e1n relacionadas con la necesidad de proteger el territorio frente a las incursiones que afectaban al litoral mediterr\u00e1neo durante los siglos XV y XVI. La documentaci\u00f3n tur\u00edstica municipal las identifica como elementos destacados del patrimonio defensivo de Mazarr\u00f3n.<\/p>\n<p data-start=\"8326\" data-end=\"8447\">Esto te da adem\u00e1s una <strong data-start=\"8348\" data-end=\"8393\">muy buena oportunidad de enlazado interno<\/strong> con tus futuros art\u00edculos sobre las otras dos torres.<\/p>\n<h2 data-section-id=\"1hn2jmp\" data-start=\"8454\" data-end=\"8502\"><span style=\"color: #333399;\">\u00bfMerece la pena ver la Torre de Santa Isabel?<\/span><\/h2>\n<p data-start=\"8504\" data-end=\"8581\"><strong data-start=\"8504\" data-end=\"8581\">S\u00ed, especialmente si te interesa la historia y el patrimonio de Mazarr\u00f3n.<\/strong><\/p>\n<p data-start=\"8583\" data-end=\"8753\">Aunque actualmente no se puede acceder al interior, la torre es un elemento hist\u00f3rico singular y permite comprender c\u00f3mo se organizaba la defensa de la costa de Mazarr\u00f3n.<\/p>\n<p data-start=\"8755\" data-end=\"8881\">Adem\u00e1s, su ubicaci\u00f3n en el Puerto de Mazarr\u00f3n hace que puedas incorporarla f\u00e1cilmente a una ruta por otros lugares de inter\u00e9s.<\/p>\n<p data-start=\"8883\" data-end=\"9057\">Si est\u00e1s preparando una visita, puedes combinarla con el <strong data-start=\"8940\" data-end=\"9056\">paseo mar\u00edtimo, las playas, la Factor\u00eda Romana de Salazones y otros puntos del patrimonio del Puerto de Mazarr\u00f3n<\/strong>.<\/p>\n<h2 data-section-id=\"1wdjkfo\" data-start=\"9064\" data-end=\"9118\"><span style=\"color: #333399;\">Preguntas frecuentes sobre la Torre de Santa Isabel<\/span><\/h2>\n<h3 data-section-id=\"1up8ql9\" data-start=\"9120\" data-end=\"9173\">\u00bfD\u00f3nde est\u00e1 la Torre de Santa Isabel de Mazarr\u00f3n?<\/h3>\n<p data-start=\"9175\" data-end=\"9414\">Est\u00e1 en la <strong data-start=\"9186\" data-end=\"9235\">Urbanizaci\u00f3n La Cumbre del Puerto de Mazarr\u00f3n<\/strong>, en un promontorio situado dentro del actual casco urbano. La direcci\u00f3n facilitada por Turismo de la Regi\u00f3n de Murcia es Calle Teide, 213.<\/p>\n<h3 data-section-id=\"eby9v4\" data-start=\"9416\" data-end=\"9468\">\u00bfC\u00f3mo se llama tambi\u00e9n la Torre de Santa Isabel?<\/h3>\n<p data-start=\"9470\" data-end=\"9592\">Tambi\u00e9n recibe los nombres de <strong data-start=\"9500\" data-end=\"9522\">Torre de la Cumbre<\/strong> y <strong data-start=\"9525\" data-end=\"9551\">Torre Vieja del Puerto<\/strong>.<\/p>\n<h3 data-section-id=\"18x8m89\" data-start=\"9594\" data-end=\"9640\">\u00bfDe qu\u00e9 siglo es la Torre de Santa Isabel?<\/h3>\n<p data-start=\"9642\" data-end=\"9742\">La Torre de Santa Isabel fue construida en el <strong data-start=\"9688\" data-end=\"9701\">siglo XVI<\/strong>.<\/p>\n<h3 data-section-id=\"1pl241o\" data-start=\"9744\" data-end=\"9790\">\u00bfPara qu\u00e9 serv\u00eda la Torre de Santa Isabel?<\/h3>\n<p data-start=\"9792\" data-end=\"10055\">Su funci\u00f3n era principalmente <strong data-start=\"9822\" data-end=\"9855\">vigilar y proteger el litoral<\/strong>, dentro del sistema de torres defensivas creado ante el riesgo de incursiones piratas. Tambi\u00e9n estaba relacionada con la vigilancia de las salinas de Mazarr\u00f3n.<\/p>\n<h3 data-section-id=\"79pi1b\" data-start=\"10057\" data-end=\"10106\">\u00bfSe puede entrar en la Torre de Santa Isabel?<\/h3>\n<p data-start=\"10108\" data-end=\"10295\">Actualmente <strong data-start=\"10120\" data-end=\"10166\">no est\u00e1 habilitada para visitas interiores<\/strong> y la informaci\u00f3n tur\u00edstica oficial indica que solo puede contemplarse desde el exterior.<\/p>\n<h3 data-section-id=\"c7s2yw\" data-start=\"10297\" data-end=\"10337\">\u00bfLa Torre de Santa Isabel es un BIC?<\/h3>\n<p data-start=\"10339\" data-end=\"10499\">S\u00ed. Est\u00e1 declarada <strong data-start=\"10358\" data-end=\"10413\">Bien de Inter\u00e9s Cultural con categor\u00eda de Monumento<\/strong> y cuenta adem\u00e1s con un entorno de protecci\u00f3n.<\/p>\n<h3 data-section-id=\"1fx3mur\" data-start=\"10501\" data-end=\"10550\">\u00bfQu\u00e9 otras torres hist\u00f3ricas hay en Mazarr\u00f3n?<\/h3>\n<p data-start=\"10552\" data-end=\"10745\">Las otras dos grandes torres defensivas hist\u00f3ricas del municipio son la <strong data-start=\"10624\" data-end=\"10649\">Torre de los Caballos<\/strong>, en Bolnuevo, y la <strong data-start=\"10669\" data-end=\"10691\">Torre del Molinete<\/strong>, en Mazarr\u00f3n.<\/p>\n<h2 data-section-id=\"hnl4fj\" data-start=\"10752\" data-end=\"10829\"><span style=\"color: #333399;\">La Torre de Santa Isabel, una ventana a la historia del Puerto de Mazarr\u00f3n<\/span><\/h2>\n<p data-start=\"10831\" data-end=\"11064\">La Torre de Santa Isabel es mucho m\u00e1s que una antigua construcci\u00f3n defensiva. Es un testimonio de una \u00e9poca en la que controlar la costa era fundamental para proteger a la poblaci\u00f3n y mantener actividades como la pesca y el comercio.<\/p>\n<p data-start=\"11066\" data-end=\"11211\">Hoy, integrada en el paisaje urbano del Puerto de Mazarr\u00f3n, contin\u00faa siendo uno de los elementos que ayudan a explicar la historia del municipio.<\/p>\n<p data-start=\"11213\" data-end=\"11439\">Si quieres descubrir m\u00e1s patrimonio, puedes continuar con nuestra gu\u00eda de <strong data-start=\"11287\" data-end=\"11326\">monumentos y patrimonio de Mazarr\u00f3n<\/strong>, donde reunimos castillos, torres, iglesias, yacimientos arqueol\u00f3gicos y otros lugares hist\u00f3ricos del municipio.<\/p>","protected":false},"excerpt":{"rendered":"<p>La Torre de Santa Isabel es uno de los monumentos hist\u00f3ricos m\u00e1s caracter\u00edsticos del Puerto de Mazarr\u00f3n. Tambi\u00e9n conocida como Torre de la Cumbre o Torre Vieja del Puerto, esta [&hellip;]<\/p>\n","protected":false},"author":1,"featured_media":5357,"comment_status":"open","ping_status":"open","sticky":false,"template":"","format":"standard","meta":{"footnotes":""},"categories":[64,62],"tags":[],"class_list":["post-5356","post","type-post","status-publish","format-standard","has-post-thumbnail","hentry","category-actividades-en-familia","category-cultura-y-patrimonio"],"blocksy_meta":[],"yoast_head":"<!-- This site is optimized with the Yoast SEO plugin v28.3 - https:\/\/yoast.com\/product\/yoast-seo-wordpress\/ -->\n<title>Torre de Santa Isabel en Mazarr\u00f3n: historia y visita<\/title>\n<meta name=\"description\" content=\"Descubre la Torre de Santa Isabel de Mazarr\u00f3n, tambi\u00e9n conocida como Torre de la Cumbre o Torre Vieja del Puerto: historia, ubicaci\u00f3n y qu\u00e9 ver.\" \/>\n<meta name=\"robots\" content=\"index, follow, max-snippet:-1, max-image-preview:large, max-video-preview:-1\" \/>\n<link rel=\"canonical\" href=\"https:\/\/mazarrononline.com\/en\/torre-santa-isabel-mazarron\/\" \/>\n<meta property=\"og:locale\" content=\"en_GB\" \/>\n<meta property=\"og:type\" content=\"article\" \/>\n<meta property=\"og:title\" content=\"Torre de Santa Isabel en Mazarr\u00f3n: historia y visita\" \/>\n<meta property=\"og:description\" content=\"Descubre la Torre de Santa Isabel de Mazarr\u00f3n, tambi\u00e9n conocida como Torre de la Cumbre o Torre Vieja del Puerto: historia, ubicaci\u00f3n y qu\u00e9 ver.\" \/>\n<meta property=\"og:url\" content=\"https:\/\/mazarrononline.com\/en\/torre-santa-isabel-mazarron\/\" \/>\n<meta property=\"og:site_name\" content=\"Mazarron Online\" \/>\n<meta property=\"article:published_time\" content=\"2026-08-19T14:04:28+00:00\" \/>\n<meta property=\"article:modified_time\" content=\"2026-08-19T14:20:58+00:00\" \/>\n<meta property=\"og:image\" content=\"https:\/\/mazarrononline.com\/wp-content\/uploads\/2026\/08\/torre-de-santa-isabel-mazarron.jpg\" \/>\n\t<meta property=\"og:image:width\" content=\"813\" \/>\n\t<meta property=\"og:image:height\" content=\"575\" \/>\n\t<meta property=\"og:image:type\" content=\"image\/jpeg\" \/>\n<meta name=\"author\" content=\"Leyre\" \/>\n<meta name=\"twitter:card\" content=\"summary_large_image\" \/>\n<meta name=\"twitter:label1\" content=\"Written by\" \/>\n\t<meta name=\"twitter:data1\" content=\"Leyre\" \/>\n\t<meta name=\"twitter:label2\" content=\"Estimated reading time\" \/>\n\t<meta name=\"twitter:data2\" content=\"7 minutes\" \/>\n<script type=\"application\/ld+json\" class=\"yoast-schema-graph\">{\"@context\":\"https:\\\/\\\/schema.org\",\"@graph\":[{\"@type\":\"Article\",\"@id\":\"https:\\\/\\\/mazarrononline.com\\\/torre-santa-isabel-mazarron\\\/#article\",\"isPartOf\":{\"@id\":\"https:\\\/\\\/mazarrononline.com\\\/torre-santa-isabel-mazarron\\\/\"},\"author\":{\"name\":\"Leyre\",\"@id\":\"https:\\\/\\\/mazarrononline.com\\\/#\\\/schema\\\/person\\\/d9631cc872d8c011f835a190d882e76d\"},\"headline\":\"Torre de Santa Isabel en Mazarr\u00f3n: historia, ubicaci\u00f3n y qu\u00e9 ver\",\"datePublished\":\"2026-08-19T14:04:28+00:00\",\"dateModified\":\"2026-08-19T14:20:58+00:00\",\"mainEntityOfPage\":{\"@id\":\"https:\\\/\\\/mazarrononline.com\\\/torre-santa-isabel-mazarron\\\/\"},\"wordCount\":1629,\"commentCount\":0,\"publisher\":{\"@id\":\"https:\\\/\\\/mazarrononline.com\\\/#organization\"},\"image\":{\"@id\":\"https:\\\/\\\/mazarrononline.com\\\/torre-santa-isabel-mazarron\\\/#primaryimage\"},\"thumbnailUrl\":\"https:\\\/\\\/mazarrononline.com\\\/wp-content\\\/uploads\\\/2026\\\/08\\\/torre-de-santa-isabel-mazarron.jpg\",\"articleSection\":[\"Actividades en Familia\",\"Cultura y Patrimonio\"],\"inLanguage\":\"en-GB\",\"potentialAction\":[{\"@type\":\"CommentAction\",\"name\":\"Comment\",\"target\":[\"https:\\\/\\\/mazarrononline.com\\\/torre-santa-isabel-mazarron\\\/#respond\"]}]},{\"@type\":\"WebPage\",\"@id\":\"https:\\\/\\\/mazarrononline.com\\\/torre-santa-isabel-mazarron\\\/\",\"url\":\"https:\\\/\\\/mazarrononline.com\\\/torre-santa-isabel-mazarron\\\/\",\"name\":\"Torre de Santa Isabel en Mazarr\u00f3n: historia y visita\",\"isPartOf\":{\"@id\":\"https:\\\/\\\/mazarrononline.com\\\/#website\"},\"primaryImageOfPage\":{\"@id\":\"https:\\\/\\\/mazarrononline.com\\\/torre-santa-isabel-mazarron\\\/#primaryimage\"},\"image\":{\"@id\":\"https:\\\/\\\/mazarrononline.com\\\/torre-santa-isabel-mazarron\\\/#primaryimage\"},\"thumbnailUrl\":\"https:\\\/\\\/mazarrononline.com\\\/wp-content\\\/uploads\\\/2026\\\/08\\\/torre-de-santa-isabel-mazarron.jpg\",\"datePublished\":\"2026-08-19T14:04:28+00:00\",\"dateModified\":\"2026-08-19T14:20:58+00:00\",\"description\":\"Descubre la Torre de Santa Isabel de Mazarr\u00f3n, tambi\u00e9n conocida como Torre de la Cumbre o Torre Vieja del Puerto: historia, ubicaci\u00f3n y qu\u00e9 ver.\",\"breadcrumb\":{\"@id\":\"https:\\\/\\\/mazarrononline.com\\\/torre-santa-isabel-mazarron\\\/#breadcrumb\"},\"inLanguage\":\"en-GB\",\"potentialAction\":[{\"@type\":\"ReadAction\",\"target\":[\"https:\\\/\\\/mazarrononline.com\\\/torre-santa-isabel-mazarron\\\/\"]}]},{\"@type\":\"ImageObject\",\"inLanguage\":\"en-GB\",\"@id\":\"https:\\\/\\\/mazarrononline.com\\\/torre-santa-isabel-mazarron\\\/#primaryimage\",\"url\":\"https:\\\/\\\/mazarrononline.com\\\/wp-content\\\/uploads\\\/2026\\\/08\\\/torre-de-santa-isabel-mazarron.jpg\",\"contentUrl\":\"https:\\\/\\\/mazarrononline.com\\\/wp-content\\\/uploads\\\/2026\\\/08\\\/torre-de-santa-isabel-mazarron.jpg\",\"width\":813,\"height\":575,\"caption\":\"torre-santa-isabel-mazarron\"},{\"@type\":\"BreadcrumbList\",\"@id\":\"https:\\\/\\\/mazarrononline.com\\\/torre-santa-isabel-mazarron\\\/#breadcrumb\",\"itemListElement\":[{\"@type\":\"ListItem\",\"position\":1,\"name\":\"Portada\",\"item\":\"https:\\\/\\\/mazarrononline.com\\\/\"},{\"@type\":\"ListItem\",\"position\":2,\"name\":\"Torre de Santa Isabel en Mazarr\u00f3n: historia, ubicaci\u00f3n y qu\u00e9 ver\"}]},{\"@type\":\"WebSite\",\"@id\":\"https:\\\/\\\/mazarrononline.com\\\/#website\",\"url\":\"https:\\\/\\\/mazarrononline.com\\\/\",\"name\":\"Mazarron Online\",\"description\":\"\",\"publisher\":{\"@id\":\"https:\\\/\\\/mazarrononline.com\\\/#organization\"},\"potentialAction\":[{\"@type\":\"SearchAction\",\"target\":{\"@type\":\"EntryPoint\",\"urlTemplate\":\"https:\\\/\\\/mazarrononline.com\\\/?s={search_term_string}\"},\"query-input\":{\"@type\":\"PropertyValueSpecification\",\"valueRequired\":true,\"valueName\":\"search_term_string\"}}],\"inLanguage\":\"en-GB\"},{\"@type\":\"Organization\",\"@id\":\"https:\\\/\\\/mazarrononline.com\\\/#organization\",\"name\":\"Mazarron Online\",\"url\":\"https:\\\/\\\/mazarrononline.com\\\/\",\"logo\":{\"@type\":\"ImageObject\",\"inLanguage\":\"en-GB\",\"@id\":\"https:\\\/\\\/mazarrononline.com\\\/#\\\/schema\\\/logo\\\/image\\\/\",\"url\":\"https:\\\/\\\/mazarrononline.com\\\/wp-content\\\/uploads\\\/2026\\\/03\\\/mazarrononline.com_.png\",\"contentUrl\":\"https:\\\/\\\/mazarrononline.com\\\/wp-content\\\/uploads\\\/2026\\\/03\\\/mazarrononline.com_.png\",\"width\":891,\"height\":340,\"caption\":\"Mazarron Online\"},\"image\":{\"@id\":\"https:\\\/\\\/mazarrononline.com\\\/#\\\/schema\\\/logo\\\/image\\\/\"}},{\"@type\":\"Person\",\"@id\":\"https:\\\/\\\/mazarrononline.com\\\/#\\\/schema\\\/person\\\/d9631cc872d8c011f835a190d882e76d\",\"name\":\"Leyre\",\"image\":{\"@type\":\"ImageObject\",\"inLanguage\":\"en-GB\",\"@id\":\"https:\\\/\\\/secure.gravatar.com\\\/avatar\\\/3c782ce00e025f94599c550917c21e50e8a575481f274333674068bc26c1b3ff?s=96&d=mm&r=g\",\"url\":\"https:\\\/\\\/secure.gravatar.com\\\/avatar\\\/3c782ce00e025f94599c550917c21e50e8a575481f274333674068bc26c1b3ff?s=96&d=mm&r=g\",\"contentUrl\":\"https:\\\/\\\/secure.gravatar.com\\\/avatar\\\/3c782ce00e025f94599c550917c21e50e8a575481f274333674068bc26c1b3ff?s=96&d=mm&r=g\",\"caption\":\"Leyre\"},\"description\":\"Apasionada del periodismo de viajes y la cultura local, de Mazarr\u00f3n, donde recorro cada d\u00eda los rincones, playas y eventos. Estoy Especializada en gu\u00edas de turismo, ocio y gastronom\u00eda de Mazarr\u00f3n, comparto consejos pr\u00e1cticos y recomendaciones de primera mano para ayudar a vecinos y visitantes a disfrutar al m\u00e1ximo del municipio.\",\"sameAs\":[\"https:\\\/\\\/mazarrononline.com\"],\"url\":\"https:\\\/\\\/mazarrononline.com\\\/en\\\/author\\\/todalainformacionweb\\\/\"}]}<\/script>\n<!-- \/ Yoast SEO plugin. -->","yoast_head_json":{"title":"Torre de Santa Isabel en Mazarr\u00f3n: historia y visita","description":"Descubre la Torre de Santa Isabel de Mazarr\u00f3n, tambi\u00e9n conocida como Torre de la Cumbre o Torre Vieja del Puerto: historia, ubicaci\u00f3n y qu\u00e9 ver.","robots":{"index":"index","follow":"follow","max-snippet":"max-snippet:-1","max-image-preview":"max-image-preview:large","max-video-preview":"max-video-preview:-1"},"canonical":"https:\/\/mazarrononline.com\/en\/torre-santa-isabel-mazarron\/","og_locale":"en_GB","og_type":"article","og_title":"Torre de Santa Isabel en Mazarr\u00f3n: historia y visita","og_description":"Descubre la Torre de Santa Isabel de Mazarr\u00f3n, tambi\u00e9n conocida como Torre de la Cumbre o Torre Vieja del Puerto: historia, ubicaci\u00f3n y qu\u00e9 ver.","og_url":"https:\/\/mazarrononline.com\/en\/torre-santa-isabel-mazarron\/","og_site_name":"Mazarron Online","article_published_time":"2026-08-19T14:04:28+00:00","article_modified_time":"2026-08-19T14:20:58+00:00","og_image":[{"width":813,"height":575,"url":"https:\/\/mazarrononline.com\/wp-content\/uploads\/2026\/08\/torre-de-santa-isabel-mazarron.jpg","type":"image\/jpeg"}],"author":"Leyre","twitter_card":"summary_large_image","twitter_misc":{"Written by":"Leyre","Estimated reading time":"7 minutes"},"schema":{"@context":"https:\/\/schema.org","@graph":[{"@type":"Article","@id":"https:\/\/mazarrononline.com\/torre-santa-isabel-mazarron\/#article","isPartOf":{"@id":"https:\/\/mazarrononline.com\/torre-santa-isabel-mazarron\/"},"author":{"name":"Leyre","@id":"https:\/\/mazarrononline.com\/#\/schema\/person\/d9631cc872d8c011f835a190d882e76d"},"headline":"Torre de Santa Isabel en Mazarr\u00f3n: historia, ubicaci\u00f3n y qu\u00e9 ver","datePublished":"2026-08-19T14:04:28+00:00","dateModified":"2026-08-19T14:20:58+00:00","mainEntityOfPage":{"@id":"https:\/\/mazarrononline.com\/torre-santa-isabel-mazarron\/"},"wordCount":1629,"commentCount":0,"publisher":{"@id":"https:\/\/mazarrononline.com\/#organization"},"image":{"@id":"https:\/\/mazarrononline.com\/torre-santa-isabel-mazarron\/#primaryimage"},"thumbnailUrl":"https:\/\/mazarrononline.com\/wp-content\/uploads\/2026\/08\/torre-de-santa-isabel-mazarron.jpg","articleSection":["Actividades en Familia","Cultura y Patrimonio"],"inLanguage":"en-GB","potentialAction":[{"@type":"CommentAction","name":"Comment","target":["https:\/\/mazarrononline.com\/torre-santa-isabel-mazarron\/#respond"]}]},{"@type":"WebPage","@id":"https:\/\/mazarrononline.com\/torre-santa-isabel-mazarron\/","url":"https:\/\/mazarrononline.com\/torre-santa-isabel-mazarron\/","name":"Torre de Santa Isabel en Mazarr\u00f3n: historia y visita","isPartOf":{"@id":"https:\/\/mazarrononline.com\/#website"},"primaryImageOfPage":{"@id":"https:\/\/mazarrononline.com\/torre-santa-isabel-mazarron\/#primaryimage"},"image":{"@id":"https:\/\/mazarrononline.com\/torre-santa-isabel-mazarron\/#primaryimage"},"thumbnailUrl":"https:\/\/mazarrononline.com\/wp-content\/uploads\/2026\/08\/torre-de-santa-isabel-mazarron.jpg","datePublished":"2026-08-19T14:04:28+00:00","dateModified":"2026-08-19T14:20:58+00:00","description":"Descubre la Torre de Santa Isabel de Mazarr\u00f3n, tambi\u00e9n conocida como Torre de la Cumbre o Torre Vieja del Puerto: historia, ubicaci\u00f3n y qu\u00e9 ver.","breadcrumb":{"@id":"https:\/\/mazarrononline.com\/torre-santa-isabel-mazarron\/#breadcrumb"},"inLanguage":"en-GB","potentialAction":[{"@type":"ReadAction","target":["https:\/\/mazarrononline.com\/torre-santa-isabel-mazarron\/"]}]},{"@type":"ImageObject","inLanguage":"en-GB","@id":"https:\/\/mazarrononline.com\/torre-santa-isabel-mazarron\/#primaryimage","url":"https:\/\/mazarrononline.com\/wp-content\/uploads\/2026\/08\/torre-de-santa-isabel-mazarron.jpg","contentUrl":"https:\/\/mazarrononline.com\/wp-content\/uploads\/2026\/08\/torre-de-santa-isabel-mazarron.jpg","width":813,"height":575,"caption":"torre-santa-isabel-mazarron"},{"@type":"BreadcrumbList","@id":"https:\/\/mazarrononline.com\/torre-santa-isabel-mazarron\/#breadcrumb","itemListElement":[{"@type":"ListItem","position":1,"name":"Portada","item":"https:\/\/mazarrononline.com\/"},{"@type":"ListItem","position":2,"name":"Torre de Santa Isabel en Mazarr\u00f3n: historia, ubicaci\u00f3n y qu\u00e9 ver"}]},{"@type":"WebSite","@id":"https:\/\/mazarrononline.com\/#website","url":"https:\/\/mazarrononline.com\/","name":"Mazarron Online","description":"","publisher":{"@id":"https:\/\/mazarrononline.com\/#organization"},"potentialAction":[{"@type":"SearchAction","target":{"@type":"EntryPoint","urlTemplate":"https:\/\/mazarrononline.com\/?s={search_term_string}"},"query-input":{"@type":"PropertyValueSpecification","valueRequired":true,"valueName":"search_term_string"}}],"inLanguage":"en-GB"},{"@type":"Organization","@id":"https:\/\/mazarrononline.com\/#organization","name":"Mazarron Online","url":"https:\/\/mazarrononline.com\/","logo":{"@type":"ImageObject","inLanguage":"en-GB","@id":"https:\/\/mazarrononline.com\/#\/schema\/logo\/image\/","url":"https:\/\/mazarrononline.com\/wp-content\/uploads\/2026\/03\/mazarrononline.com_.png","contentUrl":"https:\/\/mazarrononline.com\/wp-content\/uploads\/2026\/03\/mazarrononline.com_.png","width":891,"height":340,"caption":"Mazarron Online"},"image":{"@id":"https:\/\/mazarrononline.com\/#\/schema\/logo\/image\/"}},{"@type":"Person","@id":"https:\/\/mazarrononline.com\/#\/schema\/person\/d9631cc872d8c011f835a190d882e76d","name":"Leyre","image":{"@type":"ImageObject","inLanguage":"en-GB","@id":"https:\/\/secure.gravatar.com\/avatar\/3c782ce00e025f94599c550917c21e50e8a575481f274333674068bc26c1b3ff?s=96&d=mm&r=g","url":"https:\/\/secure.gravatar.com\/avatar\/3c782ce00e025f94599c550917c21e50e8a575481f274333674068bc26c1b3ff?s=96&d=mm&r=g","contentUrl":"https:\/\/secure.gravatar.com\/avatar\/3c782ce00e025f94599c550917c21e50e8a575481f274333674068bc26c1b3ff?s=96&d=mm&r=g","caption":"Leyre"},"description":"Apasionada del periodismo de viajes y la cultura local, de Mazarr\u00f3n, donde recorro cada d\u00eda los rincones, playas y eventos. Estoy Especializada en gu\u00edas de turismo, ocio y gastronom\u00eda de Mazarr\u00f3n, comparto consejos pr\u00e1cticos y recomendaciones de primera mano para ayudar a vecinos y visitantes a disfrutar al m\u00e1ximo del municipio.","sameAs":["https:\/\/mazarrononline.com"],"url":"https:\/\/mazarrononline.com\/en\/author\/todalainformacionweb\/"}]}},"_links":{"self":[{"href":"https:\/\/mazarrononline.com\/en\/wp-json\/wp\/v2\/posts\/5356","targetHints":{"allow":["GET"]}}],"collection":[{"href":"https:\/\/mazarrononline.com\/en\/wp-json\/wp\/v2\/posts"}],"about":[{"href":"https:\/\/mazarrononline.com\/en\/wp-json\/wp\/v2\/types\/post"}],"author":[{"embeddable":true,"href":"https:\/\/mazarrononline.com\/en\/wp-json\/wp\/v2\/users\/1"}],"replies":[{"embeddable":true,"href":"https:\/\/mazarrononline.com\/en\/wp-json\/wp\/v2\/comments?post=5356"}],"version-history":[{"count":4,"href":"https:\/\/mazarrononline.com\/en\/wp-json\/wp\/v2\/posts\/5356\/revisions"}],"predecessor-version":[{"id":5368,"href":"https:\/\/mazarrononline.com\/en\/wp-json\/wp\/v2\/posts\/5356\/revisions\/5368"}],"wp:featuredmedia":[{"embeddable":true,"href":"https:\/\/mazarrononline.com\/en\/wp-json\/wp\/v2\/media\/5357"}],"wp:attachment":[{"href":"https:\/\/mazarrononline.com\/en\/wp-json\/wp\/v2\/media?parent=5356"}],"wp:term":[{"taxonomy":"category","embeddable":true,"href":"https:\/\/mazarrononline.com\/en\/wp-json\/wp\/v2\/categories?post=5356"},{"taxonomy":"post_tag","embeddable":true,"href":"https:\/\/mazarrononline.com\/en\/wp-json\/wp\/v2\/tags?post=5356"}],"curies":[{"name":"wp","href":"https:\/\/api.w.org\/{rel}","templated":true}]}}