{"id":5073,"date":"2026-08-21T06:18:18","date_gmt":"2026-08-21T06:18:18","guid":{"rendered":"https:\/\/mazarrononline.com\/?p=5073"},"modified":"2026-08-22T18:10:30","modified_gmt":"2026-08-22T18:10:30","slug":"que-hacer-en-mazarron-del-17-al-23-de-agosto","status":"publish","type":"post","link":"https:\/\/mazarrononline.com\/en\/que-hacer-en-mazarron-del-17-al-23-de-agosto\/","title":{"rendered":"Qu\u00e9 hacer en Mazarr\u00f3n del 17 al 23 de agosto de 2026 | Agenda de Eventos"},"content":{"rendered":"<h2><span style=\"color: #333399;\">Qu\u00e9 hacer en Mazarr\u00f3n del 17 al 23 de agosto de 2026<\/span><\/h2>\n<p><strong>\u00daltima actualizaci\u00f3n:<\/strong> 17 de agosto de 2026.<\/p>\n<p><strong>Informaci\u00f3n revisada con fuentes oficiales:<\/strong> Ayuntamiento de Mazarr\u00f3n, Turismo Regi\u00f3n de Murcia, programaci\u00f3n de verano y organizadores de los eventos.<\/p>\n<p>\u00bfEst\u00e1s buscando <strong>qu\u00e9 hacer en Mazarr\u00f3n esta semana<\/strong>, qu\u00e9 planes hay en Puerto de Mazarr\u00f3n o qu\u00e9 actividades puedes disfrutar durante tus vacaciones? En esta agenda de <strong>Mazarr\u00f3nOnline<\/strong> recopilamos los principales eventos y actividades previstos del <strong>17 al 23 de agosto de 2026<\/strong>.<\/p>\n<p>Esta semana encontrar\u00e1s <strong>rutas de senderismo, visitas culturales, cine de verano, Noches de P\u00e1del, fiestas patronales, espect\u00e1culos infantiles, mercadillos, deporte en la playa y la Noria Mirador Princess<\/strong>, adem\u00e1s de otras propuestas para disfrutar del verano.<\/p>\n<p>Tanto si vives en Mazarr\u00f3n como si est\u00e1s pasando unos d\u00edas en <strong>Puerto de Mazarr\u00f3n, Bolnuevo o las pedan\u00edas del municipio<\/strong>, aqu\u00ed tienes una selecci\u00f3n actualizada de planes para organizar tu semana.<\/p>\n<div style=\"background: #fff8e5; border-left: 5px solid #ff9800; padding: 18px; margin: 30px 0; border-radius: 6px;\"><strong>\ud83d\udca1 Consejo:<\/strong> Guarda esta p\u00e1gina en favoritos. La agenda se actualiza semanalmente con nuevos eventos, cambios de horario y actividades que se anuncian durante el verano.<\/div>\n<h2><span style=\"color: #333399;\">\ud83d\udcd1 \u00cdndice de la agenda de Mazarr\u00f3n<\/span><\/h2>\n<ul>\n<li><a href=\"#destacados\">\u2b50 Eventos destacados<\/a><\/li>\n<li><a href=\"#hoy\">\ud83d\udcc5 Qu\u00e9 hacer hoy en Mazarr\u00f3n<\/a><\/li>\n<li><a href=\"#finsemana\">\ud83c\udf89 Qu\u00e9 hacer este fin de semana<\/a><\/li>\n<li><a href=\"#noria\">\ud83c\udfa1 Noria Mirador Princess<\/a><\/li>\n<li><a href=\"#rutas\">\ud83e\udd7e Rutas y visitas guiadas<\/a><\/li>\n<li><a href=\"#cine\">\ud83c\udfac Cine de verano<\/a><\/li>\n<li><a href=\"#padel\">\ud83c\udfbe Noches de P\u00e1del<\/a><\/li>\n<li><a href=\"#ganuelas\">\ud83c\udf89 Fiestas de Ga\u00f1uelas<\/a><\/li>\n<li><a href=\"#mercados\">\ud83d\udecd\ufe0f Mercadillos<\/a><\/li>\n<li><a href=\"#deporte\">\ud83c\udfd6\ufe0f Deporte en la playa<\/a><\/li>\n<li><a href=\"#piscina\">\ud83c\udfca Piscina y espacios culturales<\/a><\/li>\n<li><a href=\"#gratis\">\ud83d\udcb0 Qu\u00e9 hacer gratis en Mazarr\u00f3n<\/a><\/li>\n<li><a href=\"#faq\">\u2753 Preguntas frecuentes<\/a><\/li>\n<li><a href=\"#conclusion\">Conclusi\u00f3n<\/a><\/li>\n<\/ul>\n<h2 id=\"destacados\"><span style=\"color: #333399;\">\u2b50 Eventos destacados en Mazarr\u00f3n esta semana<\/span><\/h2>\n<p>Estos son algunos de los principales planes que puedes disfrutar en Mazarr\u00f3n y Puerto de Mazarr\u00f3n del <strong>17 al 23 de agosto de 2026<\/strong>.<\/p>\n<div style=\"overflow-x: auto; margin: 25px 0;\">\n<table style=\"width: 100%; border-collapse: collapse; min-width: 650px;\">\n<tbody>\n<tr style=\"background: #f5f5f5;\">\n<th style=\"padding: 10px; border: 1px solid #ddd;\">D\u00eda<\/th>\n<th style=\"padding: 10px; border: 1px solid #ddd;\">Evento<\/th>\n<th style=\"padding: 10px; border: 1px solid #ddd;\">Lugar<\/th>\n<th style=\"padding: 10px; border: 1px solid #ddd;\">Acceso \/ Hora<\/th>\n<\/tr>\n<tr>\n<td style=\"padding: 10px; border: 1px solid #ddd;\"><strong>Lunes 17<\/strong><\/td>\n<td style=\"padding: 10px; border: 1px solid #ddd;\">\ud83c\udfac <strong>Una pel\u00edcula de Minecraft<\/strong><\/td>\n<td style=\"padding: 10px; border: 1px solid #ddd;\">Playa de La Isla<\/td>\n<td style=\"padding: 10px; border: 1px solid #ddd;\">Gratis \u00b7 21:30 h<\/td>\n<\/tr>\n<tr>\n<td style=\"padding: 10px; border: 1px solid #ddd;\"><strong>Martes 18<\/strong><\/td>\n<td style=\"padding: 10px; border: 1px solid #ddd;\">\ud83e\udd7e <strong>Ruta de Percheles a Puntas de Calnegre<\/strong><\/td>\n<td style=\"padding: 10px; border: 1px solid #ddd;\">Percheles<\/td>\n<td style=\"padding: 10px; border: 1px solid #ddd;\">18:00 h \u00b7 Inscripci\u00f3n<\/td>\n<\/tr>\n<tr>\n<td style=\"padding: 10px; border: 1px solid #ddd;\"><strong>Mi\u00e9rcoles 19<\/strong><\/td>\n<td style=\"padding: 10px; border: 1px solid #ddd;\">\ud83c\udfdb\ufe0f <strong>Visita al Museo Minero Antonio Paredes<\/strong><br \/>\n\ud83c\udfac <strong>Jurassic World: El Renacer<\/strong><\/td>\n<td style=\"padding: 10px; border: 1px solid #ddd;\">Mazarr\u00f3n \/ Playa de La Isla<\/td>\n<td style=\"padding: 10px; border: 1px solid #ddd;\">18:00 h \/ 21:30 h<\/td>\n<\/tr>\n<tr>\n<td style=\"padding: 10px; border: 1px solid #ddd;\"><strong>Jueves 20<\/strong><\/td>\n<td style=\"padding: 10px; border: 1px solid #ddd;\">\ud83e\udd7e <strong>Subida a Pe\u00f1as Blancas por PR MU 133<\/strong><\/td>\n<td style=\"padding: 10px; border: 1px solid #ddd;\">Pe\u00f1as Blancas<\/td>\n<td style=\"padding: 10px; border: 1px solid #ddd;\">18:00 h \u00b7 Inscripci\u00f3n<\/td>\n<\/tr>\n<tr>\n<td style=\"padding: 10px; border: 1px solid #ddd;\"><strong>Viernes 21<\/strong><\/td>\n<td style=\"padding: 10px; border: 1px solid #ddd;\">\ud83c\udfdb\ufe0f <strong>Visita Hist\u00f3rica de Mazarr\u00f3n<\/strong><br \/>\n\ud83c\udfbe <strong>Final de Noches de P\u00e1del<\/strong><br \/>\n\ud83c\udf89 <strong>Fiestas de Ga\u00f1uelas<\/strong><\/td>\n<td style=\"padding: 10px; border: 1px solid #ddd;\">Mazarr\u00f3n \/ Ga\u00f1uelas<\/td>\n<td style=\"padding: 10px; border: 1px solid #ddd;\">18:30 h \/ 18:00-22:00 h<\/td>\n<\/tr>\n<tr>\n<td style=\"padding: 10px; border: 1px solid #ddd;\"><strong>S\u00e1bado 22<\/strong><\/td>\n<td style=\"padding: 10px; border: 1px solid #ddd;\">\ud83c\udfa9 <strong>Show de magia<\/strong><br \/>\n\ud83c\udf89 <strong>Fiestas de Ga\u00f1uelas<\/strong><br \/>\n\ud83d\udecd\ufe0f <strong>Mercadillo de Mazarr\u00f3n<\/strong><\/td>\n<td style=\"padding: 10px; border: 1px solid #ddd;\">Puerto \/ Ga\u00f1uelas \/ Mazarr\u00f3n<\/td>\n<td style=\"padding: 10px; border: 1px solid #ddd;\">22:00 h<\/td>\n<\/tr>\n<tr>\n<td style=\"padding: 10px; border: 1px solid #ddd;\"><strong>Domingo 23<\/strong><\/td>\n<td style=\"padding: 10px; border: 1px solid #ddd;\">\ud83d\udc83 <strong>Show infantil \u00abJust Dance\u00bb<\/strong><br \/>\n\ud83c\udf89 <strong>Fiestas de Ga\u00f1uelas<\/strong><br \/>\n\ud83d\udecd\ufe0f <strong>Mercadillo del Puerto<\/strong><\/td>\n<td style=\"padding: 10px; border: 1px solid #ddd;\">Puerto \/ Ga\u00f1uelas<\/td>\n<td style=\"padding: 10px; border: 1px solid #ddd;\">19:00 h<\/td>\n<\/tr>\n<\/tbody>\n<\/table>\n<\/div>\n<h2 id=\"hoy\"><span style=\"color: #333399;\">\ud83d\udcc5 \u00bfQu\u00e9 hacer hoy en Mazarr\u00f3n?<\/span><\/h2>\n<p>Si buscas <strong>qu\u00e9 hacer hoy en Mazarr\u00f3n<\/strong>, este lunes 17 de agosto tienes varias opciones para disfrutar del verano.<\/p>\n<ul>\n<li>\ud83c\udfac <strong>Cine de verano:<\/strong> proyecci\u00f3n de <em>Una pel\u00edcula de Minecraft<\/em> a las 21:30 h en la Playa de La Isla.<\/li>\n<li>\ud83c\udfa1 <strong>Noria Mirador Princess:<\/strong> puedes subir a la noria y disfrutar de las vistas de la bah\u00eda.<\/li>\n<li>\ud83c\udfd6\ufe0f <strong>Playas:<\/strong> las playas del municipio contin\u00faan siendo uno de los principales planes del verano.<\/li>\n<li>\ud83c\udfd6\ufe0f <strong>Deporte:<\/strong> contin\u00faan las actividades gratuitas de yoga, zumba y aer\u00f3bic.<\/li>\n<\/ul>\n<p>Tambi\u00e9n puedes consultar nuestra secci\u00f3n de <a href=\"https:\/\/mazarrononline.com\/en\/eventos\/\">eventos de Mazarr\u00f3n<\/a> para descubrir otros planes.<\/p>\n<h2 id=\"finsemana\"><span style=\"color: #333399;\">\ud83c\udf89 \u00bfQu\u00e9 hacer este fin de semana en Mazarr\u00f3n?<\/span><\/h2>\n<p>El fin de semana del <strong>21 al 23 de agosto<\/strong> concentra varias de las actividades m\u00e1s interesantes de la semana.<\/p>\n<ul>\n<li>\ud83c\udf89 <strong>Fiestas Patronales de Ga\u00f1uelas:<\/strong> comienzan el viernes 21 y contin\u00faan hasta el lunes 24 de agosto.<\/li>\n<li>\ud83c\udfbe <strong>Final de las Noches de P\u00e1del:<\/strong> el viernes 21.<\/li>\n<li>\ud83c\udfdb\ufe0f <strong>Visita Hist\u00f3rica de Mazarr\u00f3n:<\/strong> viernes 21 a las 18:30 h.<\/li>\n<li>\ud83c\udfa9 <strong>Show de magia:<\/strong> s\u00e1bado 22 a las 22:00 h en el Paseo del Puerto.<\/li>\n<li>\ud83d\udc83 <strong>Show infantil \u00abJust Dance\u00bb:<\/strong> domingo 23 a las 19:00 h en el Paseo del Rihuete.<\/li>\n<li>\ud83d\udecd\ufe0f <strong>Mercadillo semanal de Mazarr\u00f3n:<\/strong> s\u00e1bado.<\/li>\n<li>\ud83d\udecd\ufe0f <strong>Mercadillo semanal del Puerto de Mazarr\u00f3n:<\/strong> domingo.<\/li>\n<li>\ud83c\udfa1 <strong>Noria Mirador Princess:<\/strong> disponible durante todo el fin de semana.<\/li>\n<\/ul>\n<p>Adem\u00e1s, las playas, terrazas, chiringuitos y actividades deportivas ofrecen alternativas durante todo el fin de semana.<\/p>\n<h2 id=\"noria\" style=\"color: #333399; border-left: 4px solid #333399; padding-left: 10px;\">\ud83c\udfa1 Noria Mirador Princess: una de las atracciones del verano<\/h2>\n<p>La <a href=\"https:\/\/mazarrononline.com\/en\/noria-puerto-de-mazarron\/\">Noria Mirador Princess de Puerto de Mazarr\u00f3n<\/a> contin\u00faa activa durante este verano y es uno de los planes m\u00e1s llamativos para disfrutar de las vistas de la bah\u00eda.<\/p>\n<p>Con sus <strong>45 metros de altura<\/strong>, permite contemplar el Puerto de Mazarr\u00f3n, el paseo mar\u00edtimo y la bah\u00eda desde las alturas.<\/p>\n<div style=\"background: #fdf6e2; border: 1px solid #f3d996; border-radius: 8px; padding: 20px; margin: 25px 0;\">\n<h3 style=\"margin-top: 0; color: #7d5a00;\">\ud83d\udccd Informaci\u00f3n pr\u00e1ctica de la Noria<\/h3>\n<ul>\n<li><strong>\ud83d\udccd Ubicaci\u00f3n:<\/strong> Paseo del Puerto de Mazarr\u00f3n.<\/li>\n<li><strong>\ud83d\udccf Altura:<\/strong> 45 metros.<\/li>\n<li><strong>\u267f Cabinas:<\/strong> climatizadas y adaptadas para personas con movilidad reducida.<\/li>\n<li><strong>\ud83d\udcc5 Disponible:<\/strong> durante la temporada de verano.<\/li>\n<\/ul>\n<p><strong>Horario:<\/strong><\/p>\n<ul>\n<li><strong>Lunes a viernes:<\/strong> 11:00 a 14:00 h y 18:00 a 00:00 h.<\/li>\n<li><strong>S\u00e1bados, domingos y festivos:<\/strong> 11:00 a 01:00 h.<\/li>\n<\/ul>\n<p style=\"margin-bottom: 0;\">Puedes consultar todos los detalles, tarifas y fotograf\u00edas en nuestra gu\u00eda de la <a href=\"https:\/\/mazarrononline.com\/en\/noria-puerto-de-mazarron\/\">Noria de Puerto de Mazarr\u00f3n<\/a>.<\/p>\n<\/div>\n<h2 id=\"rutas\"><span style=\"color: #333399;\">\ud83e\udd7e Rutas y visitas guiadas en Mazarr\u00f3n esta semana<\/span><\/h2>\n<p>Esta semana hay varias propuestas para descubrir el patrimonio natural, hist\u00f3rico y minero de Mazarr\u00f3n. Algunas de las actividades requieren <strong>inscripci\u00f3n previa<\/strong> y cuentan con plazas limitadas.<\/p>\n<div style=\"background: #f2faf2; border: 1px solid #cae8ca; border-radius: 8px; padding: 20px; margin: 25px 0;\">\n<h3 style=\"margin-top: 0; color: #1b5e20;\">\ud83e\udd7e Martes 18 de agosto \u00b7 Ruta de Percheles a Puntas de Calnegre<\/h3>\n<p>El martes 18 de agosto a las <strong>18:00 h<\/strong> est\u00e1 programada una ruta de senderismo entre <strong>Percheles y Puntas de Calnegre<\/strong>.<\/p>\n<ul>\n<li><strong>\ud83d\udcc5 Fecha:<\/strong> martes 18 de agosto.<\/li>\n<li><strong>\u23f0 Hora:<\/strong> 18:00 h.<\/li>\n<li><strong>\ud83d\udccd Lugar:<\/strong> Percheles.<\/li>\n<li><strong>\ud83d\udcdd Inscripci\u00f3n:<\/strong> necesaria.<\/li>\n<\/ul>\n<\/div>\n<div style=\"background: #f2faf2; border: 1px solid #cae8ca; border-radius: 8px; padding: 20px; margin: 25px 0;\">\n<h3 style=\"margin-top: 0; color: #1b5e20;\">\ud83c\udfdb\ufe0f Mi\u00e9rcoles 19 de agosto \u00b7 Museo Minero Antonio Paredes<\/h3>\n<p>El mi\u00e9rcoles 19 de agosto a las <strong>18:00 h<\/strong> se celebra una visita guiada al <strong>Museo Minero Antonio Paredes<\/strong>.<\/p>\n<ul>\n<li><strong>\ud83d\udcc5 Fecha:<\/strong> mi\u00e9rcoles 19 de agosto.<\/li>\n<li><strong>\u23f0 Hora:<\/strong> 18:00 h.<\/li>\n<li><strong>\ud83d\udccd Lugar:<\/strong> Museo Minero Antonio Paredes.<\/li>\n<li><strong>\ud83c\udf9f\ufe0f Acceso:<\/strong> visita guiada gratuita.<\/li>\n<li><strong>\ud83d\udcdd Inscripci\u00f3n:<\/strong> necesaria.<\/li>\n<\/ul>\n<p style=\"text-align: center;\"><a style=\"display: inline-block; background: #8a5a00; color: #ffffff; text-decoration: none; padding: 12px 22px; border-radius: 6px; font-weight: bold;\" href=\"https:\/\/mazarrononline.com\/en\/museo-antonio-paredes-mazarron\/\">\ud83c\udfdb\ufe0f Ver la gu\u00eda del Museo Antonio Paredes<\/a><\/p>\n<\/div>\n<div style=\"background: #f2faf2; border: 1px solid #cae8ca; border-radius: 8px; padding: 20px; margin: 25px 0;\">\n<h3 style=\"margin-top: 0; color: #1b5e20;\">\ud83e\udd7e Jueves 20 de agosto \u00b7 Subida a Pe\u00f1as Blancas<\/h3>\n<p>El jueves 20 de agosto a las <strong>18:00 h<\/strong> est\u00e1 prevista la ruta de senderismo <strong>Subida a Pe\u00f1as Blancas por PR MU 133<\/strong>.<\/p>\n<ul>\n<li><strong>\ud83d\udcc5 Fecha:<\/strong> jueves 20 de agosto.<\/li>\n<li><strong>\u23f0 Hora:<\/strong> 18:00 h.<\/li>\n<li><strong>\ud83d\udccd Ruta:<\/strong> PR MU 133.<\/li>\n<li><strong>\ud83d\udcdd Inscripci\u00f3n:<\/strong> necesaria.<\/li>\n<\/ul>\n<\/div>\n<div style=\"background: #f2faf2; border: 1px solid #cae8ca; border-radius: 8px; padding: 20px; margin: 25px 0;\">\n<h3 style=\"margin-top: 0; color: #1b5e20;\">\ud83c\udfdb\ufe0f Viernes 21 de agosto \u00b7 Visita Hist\u00f3rica de Mazarr\u00f3n<\/h3>\n<p>El viernes 21 de agosto a las <strong>18:30 h<\/strong> puedes participar en una visita guiada por el <strong>casco hist\u00f3rico de Mazarr\u00f3n<\/strong> para conocer su patrimonio, historia y calles.<\/p>\n<ul>\n<li><strong>\ud83d\udcc5 Fecha:<\/strong> viernes 21 de agosto.<\/li>\n<li><strong>\u23f0 Hora:<\/strong> 18:30 h.<\/li>\n<li><strong>\ud83d\udccd Lugar:<\/strong> Mazarr\u00f3n.<\/li>\n<li><strong>\ud83c\udf9f\ufe0f Acceso:<\/strong> gratuito.<\/li>\n<li><strong>\ud83d\udcdd Inscripci\u00f3n:<\/strong> necesaria.<\/li>\n<\/ul>\n<\/div>\n<h2 id=\"cine\"><span style=\"color: #333399;\">\ud83c\udfac Cine de verano en Mazarr\u00f3n: pel\u00edculas al aire libre<\/span><\/h2>\n<p>El <strong>cine de verano gratuito<\/strong> contin\u00faa esta semana en la Playa de La Isla con dos nuevas proyecciones al aire libre.<\/p>\n<div style=\"background: #f7f3ff; border: 1px solid #ddd6fe; border-radius: 8px; padding: 22px; margin: 25px 0;\">\n<h3 style=\"margin-top: 0; color: #5b21b6;\">\ud83c\udf7f Lunes 17 de agosto \u00b7 Una pel\u00edcula de Minecraft<\/h3>\n<ul>\n<li><strong>\ud83c\udfac Pel\u00edcula:<\/strong> <em>Una pel\u00edcula de Minecraft<\/em>.<\/li>\n<li><strong>\u23f0 Hora:<\/strong> 21:30 h.<\/li>\n<li><strong>\ud83d\udccd Lugar:<\/strong> Playa de La Isla.<\/li>\n<li><strong>\ud83c\udf9f\ufe0f Entrada:<\/strong> gratuita.<\/li>\n<\/ul>\n<h3 style=\"color: #5b21b6;\">\ud83e\udd96 Mi\u00e9rcoles 19 de agosto \u00b7 Jurassic World: El Renacer<\/h3>\n<ul>\n<li><strong>\ud83c\udfac Pel\u00edcula:<\/strong> <em>Jurassic World: El Renacer<\/em>.<\/li>\n<li><strong>\u23f0 Hora:<\/strong> 21:30 h.<\/li>\n<li><strong>\ud83d\udccd Lugar:<\/strong> Playa de La Isla.<\/li>\n<li><strong>\ud83c\udf9f\ufe0f Entrada:<\/strong> gratuita.<\/li>\n<\/ul>\n<\/div>\n<div style=\"background: #f3f0ff; border-left: 5px solid #5b21b6; border-radius: 8px; padding: 20px; margin: 25px 0;\">\n<h3 style=\"margin-top: 0; color: #5b21b6;\">\ud83c\udfac \u00bfBuscas la cartelera de cine en Mazarr\u00f3n?<\/h3>\n<p>Si quieres consultar qu\u00e9 pel\u00edculas puedes ver en Mazarr\u00f3n y conocer las diferentes opciones de cine, puedes consultar nuestra gu\u00eda completa de <strong>cines y cartelera de Mazarr\u00f3n<\/strong>.<\/p>\n<p>Incluye informaci\u00f3n sobre el <strong>Cine Bah\u00eda de Puerto de Mazarr\u00f3n<\/strong> y otras opciones para disfrutar del cine durante el verano.<\/p>\n<p style=\"text-align: center; margin-bottom: 0;\"><a style=\"display: inline-block; background: #5b21b6; color: #ffffff; text-decoration: none; padding: 12px 22px; border-radius: 6px; font-weight: bold;\" href=\"https:\/\/mazarrononline.com\/en\/cines-en-mazarron-cartelera\/\">\ud83c\udf7f Ver cines y cartelera de Mazarr\u00f3n<\/a><\/p>\n<\/div>\n<h2 id=\"padel\"><span style=\"color: #333399;\">\ud83c\udfbe Noches de P\u00e1del en Mazarr\u00f3n del 17 al 21 de agosto<\/span><\/h2>\n<div style=\"background: #f0fdf4; border: 1px solid #bbf7d0; border-radius: 8px; padding: 20px; margin: 25px 0;\">\n<p>Del <strong>17 al 21 de agosto<\/strong> se celebran las <strong>Noches de P\u00e1del en beneficio de APROAMA<\/strong>, una iniciativa solidaria para recaudar fondos destinados a la renovaci\u00f3n de la tela de sombreaje.<\/p>\n<ul>\n<li><strong>\ud83d\udcc5 Fechas:<\/strong> del 17 al 21 de agosto.<\/li>\n<li><strong>\u23f0 Horario:<\/strong> de 18:00 a 22:00 h.<\/li>\n<li><strong>\ud83d\udccd Lugar:<\/strong> pistas municipales de Mazarr\u00f3n.<\/li>\n<li><strong>\ud83c\udfbe Categor\u00edas:<\/strong> masculino, femenino y mixto.<\/li>\n<li><strong>\ud83d\udcb6 Inscripci\u00f3n:<\/strong> 12 \u20ac.<\/li>\n<li><strong>\ud83c\udfc6 Final:<\/strong> viernes 21 de agosto.<\/li>\n<li><strong>\ud83d\udcde Tel\u00e9fono:<\/strong> 626 93 46 93.<\/li>\n<\/ul>\n<\/div>\n<h2 id=\"ganuelas\"><span style=\"color: #333399;\">\ud83c\udf89 Fiestas Patronales de Ga\u00f1uelas 2026<\/span><\/h2>\n<div style=\"background: #fff8e5; border: 1px solid #f3d996; border-radius: 8px; padding: 20px; margin: 25px 0;\">\n<p>Del <strong>21 al 24 de agosto de 2026<\/strong>, Ga\u00f1uelas celebra sus <strong>Fiestas Patronales en honor a San Bartolom\u00e9<\/strong>.<\/p>\n<p>Las fiestas comienzan el viernes 21 y contin\u00faan durante todo el fin de semana, convirti\u00e9ndose en una de las citas destacadas de esta semana en el municipio.<\/p>\n<ul>\n<li><strong>\ud83d\udcc5 Fechas:<\/strong> del 21 al 24 de agosto de 2026.<\/li>\n<li><strong>\ud83d\udccd Lugar:<\/strong> Ga\u00f1uelas, Mazarr\u00f3n.<\/li>\n<li><strong>\ud83c\udf89 En honor a:<\/strong> San Bartolom\u00e9.<\/li>\n<\/ul>\n<\/div>\n<h2><span style=\"color: #333399;\">\ud83c\udf89 Actividades infantiles y animaci\u00f3n<\/span><\/h2>\n<p>El fin de semana tambi\u00e9n ofrece actividades de animaci\u00f3n gratuitas para disfrutar en familia.<\/p>\n<div style=\"background: #fff4e6; border: 1px solid #ffd8a8; border-radius: 8px; padding: 20px; margin: 25px 0;\">\n<h3 style=\"margin-top: 0; color: #d35400;\">\ud83c\udfa9 S\u00e1bado 22 de agosto \u00b7 Show de magia<\/h3>\n<p>El s\u00e1bado por la noche habr\u00e1 un <strong>show de magia<\/strong> en el Paseo del Puerto.<\/p>\n<p><strong>\u23f0 Hora:<\/strong> 22:00 h<br \/>\n<strong>\ud83d\udccd Lugar:<\/strong> Paseo del Puerto.<\/p>\n<\/div>\n<div style=\"background: #fff4e6; border: 1px solid #ffd8a8; border-radius: 8px; padding: 20px; margin: 25px 0;\">\n<h3 style=\"margin-top: 0; color: #d35400;\">\ud83d\udc83 Domingo 23 de agosto \u00b7 \u00abJust Dance\u00bb<\/h3>\n<p>El domingo ser\u00e1 el turno del espect\u00e1culo infantil de bailes y diversi\u00f3n <strong>\u00abJust Dance\u00bb<\/strong>.<\/p>\n<p><strong>\u23f0 Hora:<\/strong> 19:00 h<br \/>\n<strong>\ud83d\udccd Lugar:<\/strong> Paseo del Rihuete.<\/p>\n<\/div>\n<h2 id=\"mercados\"><span style=\"color: #333399;\">\ud83d\udecd\ufe0f Mercadillos en Mazarr\u00f3n y Puerto de Mazarr\u00f3n<\/span><\/h2>\n<p>Los <strong>mercadillos de Mazarr\u00f3n<\/strong> contin\u00faan siendo uno de los planes habituales del fin de semana. Son una buena opci\u00f3n para encontrar productos frescos, ropa, artesan\u00eda, productos locales y otros art\u00edculos.<\/p>\n<div style=\"overflow-x: auto;\">\n<table style=\"width: 100%; border-collapse: collapse; margin-top: 20px;\">\n<tbody>\n<tr style=\"background: #f5f5f5;\">\n<th style=\"padding: 12px; border: 1px solid #ddd;\">Mercado<\/th>\n<th style=\"padding: 12px; border: 1px solid #ddd;\">D\u00eda<\/th>\n<th style=\"padding: 12px; border: 1px solid #ddd;\">Horario \/ ubicaci\u00f3n<\/th>\n<\/tr>\n<tr>\n<td style=\"padding: 12px; border: 1px solid #ddd;\">Mercadillo de Mazarr\u00f3n Pueblo<\/td>\n<td style=\"padding: 12px; border: 1px solid #ddd;\"><strong>S\u00e1bado 22 de agosto<\/strong><\/td>\n<td style=\"padding: 12px; border: 1px solid #ddd;\">08:00 &#8211; 14:00 h<\/td>\n<\/tr>\n<tr>\n<td style=\"padding: 12px; border: 1px solid #ddd;\"><a href=\"https:\/\/mazarrononline.com\/en\/mercadillo-puerto-mazarron-domingo-horario\/\">Mercadillo del Puerto de Mazarr\u00f3n<\/a><\/td>\n<td style=\"padding: 12px; border: 1px solid #ddd;\"><strong>Domingo 23 de agosto<\/strong><\/td>\n<td style=\"padding: 12px; border: 1px solid #ddd;\">08:00 &#8211; 14:00 h<\/td>\n<\/tr>\n<tr>\n<td style=\"padding: 12px; border: 1px solid #ddd;\"><a href=\"https:\/\/mazarrononline.com\/en\/mercadillo-artesanal-puerto-de-mazarron\/\">Mercadillo Artesanal<\/a><\/td>\n<td style=\"padding: 12px; border: 1px solid #ddd;\">Fin de semana<\/td>\n<td style=\"padding: 12px; border: 1px solid #ddd;\">Paseo Mar\u00edtimo<\/td>\n<\/tr>\n<\/tbody>\n<\/table>\n<\/div>\n<h2 id=\"deporte\"><span style=\"color: #333399;\">\ud83c\udfd6\ufe0f Deporte gratuito en las playas de Mazarr\u00f3n<\/span><\/h2>\n<p>Durante el verano contin\u00faan las actividades gratuitas de <strong>zumba, yoga y aer\u00f3bic<\/strong> en las playas de Mazarr\u00f3n. Son una alternativa para hacer deporte al aire libre durante las vacaciones.<\/p>\n<div style=\"background: #eefdf4; border: 1px solid #b7ebc6; border-radius: 8px; padding: 20px; margin: 25px 0;\">\n<h3 style=\"margin-top: 0; color: #198754;\">\ud83c\udfd6\ufe0f Horarios de actividades en la playa<\/h3>\n<ul>\n<li><strong>\ud83c\udfd6\ufe0f Playa del Puerto:<\/strong> 10:00 h y 19:00 h, de lunes a viernes.<\/li>\n<li><strong>\ud83c\udfd6\ufe0f Playa de La Reya:<\/strong> 11:15 h y 20:15 h, junto al chiringuito.<\/li>\n<li><strong>\ud83c\udfd6\ufe0f Playa de La Reya:<\/strong> 09:00 h, zona del Hotel Bah\u00eda.<\/li>\n<\/ul>\n<p style=\"margin-bottom: 0;\">Las actividades no requieren inscripci\u00f3n previa.<\/p>\n<\/div>\n<h2 id=\"piscina\"><span style=\"color: #333399;\">\ud83c\udfca Piscina Municipal y espacios culturales<\/span><\/h2>\n<p>Si buscas alternativas a la playa, Mazarr\u00f3n tambi\u00e9n cuenta con instalaciones deportivas y espacios culturales que puedes visitar durante tus vacaciones.<\/p>\n<ul>\n<li><strong>\ud83c\udfca Piscina Municipal de Mazarr\u00f3n:<\/strong> abierta de lunes a s\u00e1bado de 16:00 a 21:00 h. Entrada: 2 \u20ac. Puedes consultar m\u00e1s informaci\u00f3n en nuestra gu\u00eda sobre la <a href=\"https:\/\/mazarrononline.com\/en\/piscina-municipal-mazarron\/\">Piscina Municipal de Mazarr\u00f3n<\/a>.<\/li>\n<li><strong>\ud83c\udffa Factor\u00eda Romana de Salazones:<\/strong> un espacio arqueol\u00f3gico relacionado con la actividad pesquera y conservera de \u00e9poca romana.<\/li>\n<li><strong>\ud83c\udfb8 Rock Museum \u00abEl Pirata\u00bb:<\/strong> exposici\u00f3n dedicada a la historia del rock en el Casino de Mazarr\u00f3n.<\/li>\n<\/ul>\n<h2 id=\"gratis\"><span style=\"color: #333399;\">\ud83d\udcb0 \u00bfQu\u00e9 hacer gratis en Mazarr\u00f3n esta semana?<\/span><\/h2>\n<p>Si buscas <strong>planes gratis en Mazarr\u00f3n<\/strong>, hay varias alternativas durante esta semana.<\/p>\n<div style=\"overflow-x: auto;\">\n<table style=\"width: 100%; border-collapse: collapse; margin-top: 20px;\">\n<tbody>\n<tr style=\"background: #eef7ff;\">\n<th style=\"padding: 12px; border: 1px solid #ddd;\">Actividad<\/th>\n<th style=\"padding: 12px; border: 1px solid #ddd;\">Precio \/ acceso<\/th>\n<\/tr>\n<tr>\n<td style=\"padding: 12px; border: 1px solid #ddd;\"><a href=\"https:\/\/mazarrononline.com\/en\/cine-de-verano-playa-de-la-isla-mazarron\/\">Cine de verano en Playa de La Isla<\/a><\/td>\n<td style=\"padding: 12px; border: 1px solid #ddd;\">\u2705 Gratis<\/td>\n<\/tr>\n<tr>\n<td style=\"padding: 12px; border: 1px solid #ddd;\">Ruta de Percheles a Puntas de Calnegre<\/td>\n<td style=\"padding: 12px; border: 1px solid #ddd;\">\u2705 Gratis con inscripci\u00f3n<\/td>\n<\/tr>\n<tr>\n<td style=\"padding: 12px; border: 1px solid #ddd;\">Subida a Pe\u00f1as Blancas<\/td>\n<td style=\"padding: 12px; border: 1px solid #ddd;\">\u2705 Gratis con inscripci\u00f3n<\/td>\n<\/tr>\n<tr>\n<td style=\"padding: 12px; border: 1px solid #ddd;\">Visita al Museo Minero Antonio Paredes<\/td>\n<td style=\"padding: 12px; border: 1px solid #ddd;\">\u2705 Visita guiada gratuita<\/td>\n<\/tr>\n<tr>\n<td style=\"padding: 12px; border: 1px solid #ddd;\">Visita Hist\u00f3rica de Mazarr\u00f3n<\/td>\n<td style=\"padding: 12px; border: 1px solid #ddd;\">\u2705 Gratuita con inscripci\u00f3n<\/td>\n<\/tr>\n<tr>\n<td style=\"padding: 12px; border: 1px solid #ddd;\">Show de magia y \u00abJust Dance\u00bb<\/td>\n<td style=\"padding: 12px; border: 1px solid #ddd;\">\u2705 Gratuito<\/td>\n<\/tr>\n<tr>\n<td style=\"padding: 12px; border: 1px solid #ddd;\">Yoga, zumba y aer\u00f3bic en la playa<\/td>\n<td style=\"padding: 12px; border: 1px solid #ddd;\">\u2705 Gratis<\/td>\n<\/tr>\n<\/tbody>\n<\/table>\n<\/div>\n<h2 id=\"faq\"><span style=\"color: #333399;\">\u2753 Preguntas frecuentes sobre la agenda de Mazarr\u00f3n<\/span><\/h2>\n<h3>\u00bfQu\u00e9 hacer en Mazarr\u00f3n esta semana?<\/h3>\n<p>Del 17 al 23 de agosto puedes disfrutar de rutas de senderismo, visitas culturales, cine de verano, Noches de P\u00e1del, fiestas patronales, espect\u00e1culos infantiles, mercadillos, deporte en la playa y la Noria Mirador Princess.<\/p>\n<h3>\u00bfQu\u00e9 hacer en Mazarr\u00f3n este fin de semana?<\/h3>\n<p>El fin de semana del 21 al 23 de agosto destacan las <strong>Fiestas Patronales de Ga\u00f1uelas<\/strong>, la final de las Noches de P\u00e1del, el show de magia del s\u00e1bado, el espect\u00e1culo infantil \u00abJust Dance\u00bb del domingo y los mercadillos semanales.<\/p>\n<h3>\u00bfHay cine gratis en Mazarr\u00f3n esta semana?<\/h3>\n<p>S\u00ed. El cine de verano de la <strong>Playa de La Isla<\/strong> ofrece esta semana dos proyecciones gratuitas: <em>Una pel\u00edcula de Minecraft<\/em> el lunes 17 y <em>Jurassic World: El Renacer<\/em> el mi\u00e9rcoles 19.<\/p>\n<h3>\u00bfD\u00f3nde se celebra el cine de verano de Mazarr\u00f3n?<\/h3>\n<p>Las proyecciones previstas esta semana se celebran en la <strong>Playa de La Isla<\/strong>, al aire libre.<\/p>\n<h3>\u00bfQu\u00e9 rutas de senderismo hay esta semana en Mazarr\u00f3n?<\/h3>\n<p>Esta semana est\u00e1n previstas la ruta de <strong>Percheles a Puntas de Calnegre<\/strong> el martes 18 y la <strong>Subida a Pe\u00f1as Blancas por PR MU 133<\/strong> el jueves 20. Ambas requieren inscripci\u00f3n previa.<\/p>\n<h3>\u00bfQu\u00e9 mercadillos hay este fin de semana en Mazarr\u00f3n?<\/h3>\n<p>El <strong>s\u00e1bado 22 de agosto<\/strong> se celebra el mercadillo semanal de Mazarr\u00f3n Pueblo y el <strong>domingo 23<\/strong> el mercadillo semanal del Puerto de Mazarr\u00f3n. Tambi\u00e9n puedes consultar el <a href=\"https:\/\/mazarrononline.com\/en\/mercadillo-artesanal-puerto-de-mazarron\/\">Mercadillo Artesanal del Puerto de Mazarr\u00f3n<\/a>.<\/p>\n<h3>\u00bfEst\u00e1 abierta la Noria Mirador Princess?<\/h3>\n<p>S\u00ed. La <a href=\"https:\/\/mazarrononline.com\/en\/noria-puerto-de-mazarron\/\">Noria Mirador Princess<\/a> contin\u00faa activa durante la temporada de verano y ofrece vistas panor\u00e1micas de la bah\u00eda y el Puerto de Mazarr\u00f3n.<\/p>\n<h3>\u00bfEst\u00e1 abierta la Piscina Municipal de Mazarr\u00f3n?<\/h3>\n<p>La Piscina Municipal de Mazarr\u00f3n mantiene su horario de verano de <strong>lunes a s\u00e1bado de 16:00 a 21:00 h<\/strong>. Puedes consultar m\u00e1s informaci\u00f3n en nuestra gu\u00eda de la <a href=\"https:\/\/mazarrononline.com\/en\/piscina-municipal-mazarron\/\">Piscina Municipal de Mazarr\u00f3n<\/a>.<\/p>\n<h3>\u00bfD\u00f3nde puedo consultar m\u00e1s actividades de Mazarr\u00f3n?<\/h3>\n<p>Puedes consultar nuestra p\u00e1gina de <a href=\"https:\/\/mazarrononline.com\/en\/agenda-mazarron\/\">agenda de Mazarr\u00f3n<\/a> y la secci\u00f3n de <a href=\"https:\/\/mazarrononline.com\/en\/eventos\/\">eventos<\/a>. Tambi\u00e9n puedes consultar nuestra gu\u00eda sobre <a href=\"https:\/\/mazarrononline.com\/en\/que-hacer-en-mazarron-en-agosto\/\">qu\u00e9 hacer en Mazarr\u00f3n en agosto<\/a>.<\/p>\n<div style=\"background: #eefaf1; border-left: 6px solid #28a745; padding: 25px; margin: 35px 0; border-radius: 6px;\">\n<h2 style=\"margin-top: 0;\">\ud83d\udcf2 No te pierdas ning\u00fan evento en Mazarr\u00f3n<\/h2>\n<p>En <strong>Mazarr\u00f3nOnline<\/strong> actualizamos continuamente nuestra <a href=\"https:\/\/mazarrononline.com\/en\/agenda-mazarron\/\">agenda de Mazarr\u00f3n<\/a> y la secci\u00f3n de <a href=\"https:\/\/mazarrononline.com\/en\/eventos\/\">eventos<\/a> con novedades, cambios de horario y nuevas actividades.<\/p>\n<p><strong>Guarda esta p\u00e1gina entre tus favoritos<\/strong> para consultar cada semana qu\u00e9 hacer en Mazarr\u00f3n, Puerto de Mazarr\u00f3n y el resto del municipio.<\/p>\n<\/div>\n<h2 id=\"conclusion\"><span style=\"color: #333399;\">Conclusi\u00f3n<\/span><\/h2>\n<p>La semana del <strong>17 al 23 de agosto de 2026<\/strong> llega con una programaci\u00f3n muy variada en Mazarr\u00f3n. Hay propuestas para quienes buscan <strong>naturaleza y senderismo<\/strong>, actividades culturales, cine al aire libre, deporte, planes familiares y fiestas.<\/p>\n<p>Entre los planes destacados encontramos las <strong>rutas de Percheles y Pe\u00f1as Blancas<\/strong>, la visita al <strong>Museo Minero Antonio Paredes<\/strong>, el cine de verano, las <strong>Noches de P\u00e1del<\/strong>, las <strong>Fiestas Patronales de Ga\u00f1uelas<\/strong>, los espect\u00e1culos infantiles del fin de semana y los tradicionales mercadillos.<\/p>\n<p>Y si simplemente quieres disfrutar del verano sin seguir una programaci\u00f3n concreta, tambi\u00e9n puedes aprovechar las <strong>playas de Mazarr\u00f3n, la Noria Mirador Princess, la piscina municipal, el deporte frente al mar y la gastronom\u00eda de Puerto de Mazarr\u00f3n<\/strong>.<\/p>\n<p><strong>Elige tu plan, consulta los horarios antes de acudir y disfruta de Mazarr\u00f3n esta semana.<\/strong><\/p>\n<div style=\"background: #eefaf2; border-left: 6px solid #28a745; padding: 18px; margin: 25px 0; border-radius: 6px;\">\n<h3 style=\"margin-top: 0; color: #198754;\">\ud83d\udd04 \u00daltima actualizaci\u00f3n de la agenda<\/h3>\n<ul>\n<li>\u2705 Actualizado: <strong>17 de agosto de 2026<\/strong>.<\/li>\n<li>\u2705 Eliminados los eventos del 10 al 16 de agosto que ya han finalizado.<\/li>\n<li>\u2705 A\u00f1adidas las nuevas rutas, visitas culturales y actividades del 17 al 23 de agosto.<\/li>\n<li>\u2705 Actualizada la programaci\u00f3n del cine de verano.<\/li>\n<li>\u2705 A\u00f1adidas las Noches de P\u00e1del y las Fiestas Patronales de Ga\u00f1uelas.<\/li>\n<li>\u2705 Actualizados los mercadillos del fin de semana.<\/li>\n<li>\u2705 Se mantienen las actividades permanentes de verano, como la Noria, piscina y deporte en las playas.<\/li>\n<\/ul>\n<\/div>","protected":false},"excerpt":{"rendered":"<p>Qu\u00e9 hacer en Mazarr\u00f3n del 17 al 23 de agosto de 2026 \u00daltima actualizaci\u00f3n: 17 de agosto de 2026. Informaci\u00f3n revisada con fuentes oficiales: Ayuntamiento de Mazarr\u00f3n, Turismo Regi\u00f3n de [&hellip;]<\/p>\n","protected":false},"author":1,"featured_media":5077,"comment_status":"open","ping_status":"open","sticky":false,"template":"","format":"standard","meta":{"footnotes":""},"categories":[87],"tags":[],"class_list":["post-5073","post","type-post","status-publish","format-standard","has-post-thumbnail","hentry","category-agenda"],"blocksy_meta":[],"yoast_head":"<!-- This site is optimized with the Yoast SEO plugin v28.4 - https:\/\/yoast.com\/product\/yoast-seo-wordpress\/ -->\n<title>Qu\u00e9 hacer en Mazarr\u00f3n del 17 al 23 de agosto | Agenda<\/title>\n<meta name=\"description\" content=\"Descubre qu\u00e9 hacer en Mazarr\u00f3n del 17 al 23 de agosto de 2026: rutas, visitas culturales, cine, p\u00e1del, fiestas, actividades infantiles y m\u00e1s.\" \/>\n<meta name=\"robots\" content=\"index, follow, max-snippet:-1, max-image-preview:large, max-video-preview:-1\" \/>\n<link rel=\"canonical\" href=\"https:\/\/mazarrononline.com\/en\/que-hacer-en-mazarron-del-17-al-23-de-agosto\/\" \/>\n<meta property=\"og:locale\" content=\"en_GB\" \/>\n<meta property=\"og:type\" content=\"article\" \/>\n<meta property=\"og:title\" content=\"Qu\u00e9 hacer en Mazarr\u00f3n del 17 al 23 de agosto | Agenda\" \/>\n<meta property=\"og:description\" content=\"Descubre qu\u00e9 hacer en Mazarr\u00f3n del 17 al 23 de agosto de 2026: rutas, visitas culturales, cine, p\u00e1del, fiestas, actividades infantiles y m\u00e1s.\" \/>\n<meta property=\"og:url\" content=\"https:\/\/mazarrononline.com\/en\/que-hacer-en-mazarron-del-17-al-23-de-agosto\/\" \/>\n<meta property=\"og:site_name\" content=\"Mazarron Online\" \/>\n<meta property=\"article:published_time\" content=\"2026-08-21T06:18:18+00:00\" \/>\n<meta property=\"article:modified_time\" content=\"2026-08-22T18:10:30+00:00\" \/>\n<meta property=\"og:image\" content=\"https:\/\/mazarrononline.com\/wp-content\/uploads\/2026\/08\/que-hacer-en-mazarron-del-17-al-23-de-agosto.png\" \/>\n\t<meta property=\"og:image:width\" content=\"1536\" \/>\n\t<meta property=\"og:image:height\" content=\"1024\" \/>\n\t<meta property=\"og:image:type\" content=\"image\/png\" \/>\n<meta name=\"author\" content=\"Leyre\" \/>\n<meta name=\"twitter:card\" content=\"summary_large_image\" \/>\n<meta name=\"twitter:label1\" content=\"Written by\" \/>\n\t<meta name=\"twitter:data1\" content=\"Leyre\" \/>\n\t<meta name=\"twitter:label2\" content=\"Estimated reading time\" \/>\n\t<meta name=\"twitter:data2\" content=\"12 minutes\" \/>\n<script type=\"application\/ld+json\" class=\"yoast-schema-graph\">{\"@context\":\"https:\\\/\\\/schema.org\",\"@graph\":[{\"@type\":\"Article\",\"@id\":\"https:\\\/\\\/mazarrononline.com\\\/que-hacer-en-mazarron-del-17-al-23-de-agosto\\\/#article\",\"isPartOf\":{\"@id\":\"https:\\\/\\\/mazarrononline.com\\\/que-hacer-en-mazarron-del-17-al-23-de-agosto\\\/\"},\"author\":{\"name\":\"Leyre\",\"@id\":\"https:\\\/\\\/mazarrononline.com\\\/#\\\/schema\\\/person\\\/d9631cc872d8c011f835a190d882e76d\"},\"headline\":\"Qu\u00e9 hacer en Mazarr\u00f3n del 17 al 23 de agosto de 2026 | Agenda de Eventos\",\"datePublished\":\"2026-08-21T06:18:18+00:00\",\"dateModified\":\"2026-08-22T18:10:30+00:00\",\"mainEntityOfPage\":{\"@id\":\"https:\\\/\\\/mazarrononline.com\\\/que-hacer-en-mazarron-del-17-al-23-de-agosto\\\/\"},\"wordCount\":2373,\"commentCount\":0,\"publisher\":{\"@id\":\"https:\\\/\\\/mazarrononline.com\\\/#organization\"},\"image\":{\"@id\":\"https:\\\/\\\/mazarrononline.com\\\/que-hacer-en-mazarron-del-17-al-23-de-agosto\\\/#primaryimage\"},\"thumbnailUrl\":\"https:\\\/\\\/mazarrononline.com\\\/wp-content\\\/uploads\\\/2026\\\/08\\\/que-hacer-en-mazarron-del-17-al-23-de-agosto.png\",\"articleSection\":[\"Agenda\"],\"inLanguage\":\"en-GB\",\"potentialAction\":[{\"@type\":\"CommentAction\",\"name\":\"Comment\",\"target\":[\"https:\\\/\\\/mazarrononline.com\\\/que-hacer-en-mazarron-del-17-al-23-de-agosto\\\/#respond\"]}]},{\"@type\":\"WebPage\",\"@id\":\"https:\\\/\\\/mazarrononline.com\\\/que-hacer-en-mazarron-del-17-al-23-de-agosto\\\/\",\"url\":\"https:\\\/\\\/mazarrononline.com\\\/que-hacer-en-mazarron-del-17-al-23-de-agosto\\\/\",\"name\":\"Qu\u00e9 hacer en Mazarr\u00f3n del 17 al 23 de agosto | Agenda\",\"isPartOf\":{\"@id\":\"https:\\\/\\\/mazarrononline.com\\\/#website\"},\"primaryImageOfPage\":{\"@id\":\"https:\\\/\\\/mazarrononline.com\\\/que-hacer-en-mazarron-del-17-al-23-de-agosto\\\/#primaryimage\"},\"image\":{\"@id\":\"https:\\\/\\\/mazarrononline.com\\\/que-hacer-en-mazarron-del-17-al-23-de-agosto\\\/#primaryimage\"},\"thumbnailUrl\":\"https:\\\/\\\/mazarrononline.com\\\/wp-content\\\/uploads\\\/2026\\\/08\\\/que-hacer-en-mazarron-del-17-al-23-de-agosto.png\",\"datePublished\":\"2026-08-21T06:18:18+00:00\",\"dateModified\":\"2026-08-22T18:10:30+00:00\",\"description\":\"Descubre qu\u00e9 hacer en Mazarr\u00f3n del 17 al 23 de agosto de 2026: rutas, visitas culturales, cine, p\u00e1del, fiestas, actividades infantiles y m\u00e1s.\",\"breadcrumb\":{\"@id\":\"https:\\\/\\\/mazarrononline.com\\\/que-hacer-en-mazarron-del-17-al-23-de-agosto\\\/#breadcrumb\"},\"inLanguage\":\"en-GB\",\"potentialAction\":[{\"@type\":\"ReadAction\",\"target\":[\"https:\\\/\\\/mazarrononline.com\\\/que-hacer-en-mazarron-del-17-al-23-de-agosto\\\/\"]}]},{\"@type\":\"ImageObject\",\"inLanguage\":\"en-GB\",\"@id\":\"https:\\\/\\\/mazarrononline.com\\\/que-hacer-en-mazarron-del-17-al-23-de-agosto\\\/#primaryimage\",\"url\":\"https:\\\/\\\/mazarrononline.com\\\/wp-content\\\/uploads\\\/2026\\\/08\\\/que-hacer-en-mazarron-del-17-al-23-de-agosto.png\",\"contentUrl\":\"https:\\\/\\\/mazarrononline.com\\\/wp-content\\\/uploads\\\/2026\\\/08\\\/que-hacer-en-mazarron-del-17-al-23-de-agosto.png\",\"width\":1536,\"height\":1024,\"caption\":\"que-hacer-en-mazarron-del-17-al-23-de-agosto\"},{\"@type\":\"BreadcrumbList\",\"@id\":\"https:\\\/\\\/mazarrononline.com\\\/que-hacer-en-mazarron-del-17-al-23-de-agosto\\\/#breadcrumb\",\"itemListElement\":[{\"@type\":\"ListItem\",\"position\":1,\"name\":\"Portada\",\"item\":\"https:\\\/\\\/mazarrononline.com\\\/\"},{\"@type\":\"ListItem\",\"position\":2,\"name\":\"Qu\u00e9 hacer en Mazarr\u00f3n del 17 al 23 de agosto de 2026 | Agenda de Eventos\"}]},{\"@type\":\"WebSite\",\"@id\":\"https:\\\/\\\/mazarrononline.com\\\/#website\",\"url\":\"https:\\\/\\\/mazarrononline.com\\\/\",\"name\":\"Mazarron Online\",\"description\":\"\",\"publisher\":{\"@id\":\"https:\\\/\\\/mazarrononline.com\\\/#organization\"},\"potentialAction\":[{\"@type\":\"SearchAction\",\"target\":{\"@type\":\"EntryPoint\",\"urlTemplate\":\"https:\\\/\\\/mazarrononline.com\\\/?s={search_term_string}\"},\"query-input\":{\"@type\":\"PropertyValueSpecification\",\"valueRequired\":true,\"valueName\":\"search_term_string\"}}],\"inLanguage\":\"en-GB\"},{\"@type\":\"Organization\",\"@id\":\"https:\\\/\\\/mazarrononline.com\\\/#organization\",\"name\":\"Mazarron Online\",\"url\":\"https:\\\/\\\/mazarrononline.com\\\/\",\"logo\":{\"@type\":\"ImageObject\",\"inLanguage\":\"en-GB\",\"@id\":\"https:\\\/\\\/mazarrononline.com\\\/#\\\/schema\\\/logo\\\/image\\\/\",\"url\":\"https:\\\/\\\/mazarrononline.com\\\/wp-content\\\/uploads\\\/2026\\\/03\\\/mazarrononline.com_.png\",\"contentUrl\":\"https:\\\/\\\/mazarrononline.com\\\/wp-content\\\/uploads\\\/2026\\\/03\\\/mazarrononline.com_.png\",\"width\":891,\"height\":340,\"caption\":\"Mazarron Online\"},\"image\":{\"@id\":\"https:\\\/\\\/mazarrononline.com\\\/#\\\/schema\\\/logo\\\/image\\\/\"}},{\"@type\":\"Person\",\"@id\":\"https:\\\/\\\/mazarrononline.com\\\/#\\\/schema\\\/person\\\/d9631cc872d8c011f835a190d882e76d\",\"name\":\"Leyre\",\"image\":{\"@type\":\"ImageObject\",\"inLanguage\":\"en-GB\",\"@id\":\"https:\\\/\\\/secure.gravatar.com\\\/avatar\\\/3c782ce00e025f94599c550917c21e50e8a575481f274333674068bc26c1b3ff?s=96&d=mm&r=g\",\"url\":\"https:\\\/\\\/secure.gravatar.com\\\/avatar\\\/3c782ce00e025f94599c550917c21e50e8a575481f274333674068bc26c1b3ff?s=96&d=mm&r=g\",\"contentUrl\":\"https:\\\/\\\/secure.gravatar.com\\\/avatar\\\/3c782ce00e025f94599c550917c21e50e8a575481f274333674068bc26c1b3ff?s=96&d=mm&r=g\",\"caption\":\"Leyre\"},\"description\":\"Apasionada del periodismo de viajes y la cultura local, de Mazarr\u00f3n, donde recorro cada d\u00eda los rincones, playas y eventos. Estoy Especializada en gu\u00edas de turismo, ocio y gastronom\u00eda de Mazarr\u00f3n, comparto consejos pr\u00e1cticos y recomendaciones de primera mano para ayudar a vecinos y visitantes a disfrutar al m\u00e1ximo del municipio.\",\"sameAs\":[\"https:\\\/\\\/mazarrononline.com\"],\"url\":\"https:\\\/\\\/mazarrononline.com\\\/en\\\/author\\\/todalainformacionweb\\\/\"}]}<\/script>\n<!-- \/ Yoast SEO plugin. -->","yoast_head_json":{"title":"Qu\u00e9 hacer en Mazarr\u00f3n del 17 al 23 de agosto | Agenda","description":"Descubre qu\u00e9 hacer en Mazarr\u00f3n del 17 al 23 de agosto de 2026: rutas, visitas culturales, cine, p\u00e1del, fiestas, actividades infantiles y m\u00e1s.","robots":{"index":"index","follow":"follow","max-snippet":"max-snippet:-1","max-image-preview":"max-image-preview:large","max-video-preview":"max-video-preview:-1"},"canonical":"https:\/\/mazarrononline.com\/en\/que-hacer-en-mazarron-del-17-al-23-de-agosto\/","og_locale":"en_GB","og_type":"article","og_title":"Qu\u00e9 hacer en Mazarr\u00f3n del 17 al 23 de agosto | Agenda","og_description":"Descubre qu\u00e9 hacer en Mazarr\u00f3n del 17 al 23 de agosto de 2026: rutas, visitas culturales, cine, p\u00e1del, fiestas, actividades infantiles y m\u00e1s.","og_url":"https:\/\/mazarrononline.com\/en\/que-hacer-en-mazarron-del-17-al-23-de-agosto\/","og_site_name":"Mazarron Online","article_published_time":"2026-08-21T06:18:18+00:00","article_modified_time":"2026-08-22T18:10:30+00:00","og_image":[{"width":1536,"height":1024,"url":"https:\/\/mazarrononline.com\/wp-content\/uploads\/2026\/08\/que-hacer-en-mazarron-del-17-al-23-de-agosto.png","type":"image\/png"}],"author":"Leyre","twitter_card":"summary_large_image","twitter_misc":{"Written by":"Leyre","Estimated reading time":"12 minutes"},"schema":{"@context":"https:\/\/schema.org","@graph":[{"@type":"Article","@id":"https:\/\/mazarrononline.com\/que-hacer-en-mazarron-del-17-al-23-de-agosto\/#article","isPartOf":{"@id":"https:\/\/mazarrononline.com\/que-hacer-en-mazarron-del-17-al-23-de-agosto\/"},"author":{"name":"Leyre","@id":"https:\/\/mazarrononline.com\/#\/schema\/person\/d9631cc872d8c011f835a190d882e76d"},"headline":"Qu\u00e9 hacer en Mazarr\u00f3n del 17 al 23 de agosto de 2026 | Agenda de Eventos","datePublished":"2026-08-21T06:18:18+00:00","dateModified":"2026-08-22T18:10:30+00:00","mainEntityOfPage":{"@id":"https:\/\/mazarrononline.com\/que-hacer-en-mazarron-del-17-al-23-de-agosto\/"},"wordCount":2373,"commentCount":0,"publisher":{"@id":"https:\/\/mazarrononline.com\/#organization"},"image":{"@id":"https:\/\/mazarrononline.com\/que-hacer-en-mazarron-del-17-al-23-de-agosto\/#primaryimage"},"thumbnailUrl":"https:\/\/mazarrononline.com\/wp-content\/uploads\/2026\/08\/que-hacer-en-mazarron-del-17-al-23-de-agosto.png","articleSection":["Agenda"],"inLanguage":"en-GB","potentialAction":[{"@type":"CommentAction","name":"Comment","target":["https:\/\/mazarrononline.com\/que-hacer-en-mazarron-del-17-al-23-de-agosto\/#respond"]}]},{"@type":"WebPage","@id":"https:\/\/mazarrononline.com\/que-hacer-en-mazarron-del-17-al-23-de-agosto\/","url":"https:\/\/mazarrononline.com\/que-hacer-en-mazarron-del-17-al-23-de-agosto\/","name":"Qu\u00e9 hacer en Mazarr\u00f3n del 17 al 23 de agosto | Agenda","isPartOf":{"@id":"https:\/\/mazarrononline.com\/#website"},"primaryImageOfPage":{"@id":"https:\/\/mazarrononline.com\/que-hacer-en-mazarron-del-17-al-23-de-agosto\/#primaryimage"},"image":{"@id":"https:\/\/mazarrononline.com\/que-hacer-en-mazarron-del-17-al-23-de-agosto\/#primaryimage"},"thumbnailUrl":"https:\/\/mazarrononline.com\/wp-content\/uploads\/2026\/08\/que-hacer-en-mazarron-del-17-al-23-de-agosto.png","datePublished":"2026-08-21T06:18:18+00:00","dateModified":"2026-08-22T18:10:30+00:00","description":"Descubre qu\u00e9 hacer en Mazarr\u00f3n del 17 al 23 de agosto de 2026: rutas, visitas culturales, cine, p\u00e1del, fiestas, actividades infantiles y m\u00e1s.","breadcrumb":{"@id":"https:\/\/mazarrononline.com\/que-hacer-en-mazarron-del-17-al-23-de-agosto\/#breadcrumb"},"inLanguage":"en-GB","potentialAction":[{"@type":"ReadAction","target":["https:\/\/mazarrononline.com\/que-hacer-en-mazarron-del-17-al-23-de-agosto\/"]}]},{"@type":"ImageObject","inLanguage":"en-GB","@id":"https:\/\/mazarrononline.com\/que-hacer-en-mazarron-del-17-al-23-de-agosto\/#primaryimage","url":"https:\/\/mazarrononline.com\/wp-content\/uploads\/2026\/08\/que-hacer-en-mazarron-del-17-al-23-de-agosto.png","contentUrl":"https:\/\/mazarrononline.com\/wp-content\/uploads\/2026\/08\/que-hacer-en-mazarron-del-17-al-23-de-agosto.png","width":1536,"height":1024,"caption":"que-hacer-en-mazarron-del-17-al-23-de-agosto"},{"@type":"BreadcrumbList","@id":"https:\/\/mazarrononline.com\/que-hacer-en-mazarron-del-17-al-23-de-agosto\/#breadcrumb","itemListElement":[{"@type":"ListItem","position":1,"name":"Portada","item":"https:\/\/mazarrononline.com\/"},{"@type":"ListItem","position":2,"name":"Qu\u00e9 hacer en Mazarr\u00f3n del 17 al 23 de agosto de 2026 | Agenda de Eventos"}]},{"@type":"WebSite","@id":"https:\/\/mazarrononline.com\/#website","url":"https:\/\/mazarrononline.com\/","name":"Mazarron Online","description":"","publisher":{"@id":"https:\/\/mazarrononline.com\/#organization"},"potentialAction":[{"@type":"SearchAction","target":{"@type":"EntryPoint","urlTemplate":"https:\/\/mazarrononline.com\/?s={search_term_string}"},"query-input":{"@type":"PropertyValueSpecification","valueRequired":true,"valueName":"search_term_string"}}],"inLanguage":"en-GB"},{"@type":"Organization","@id":"https:\/\/mazarrononline.com\/#organization","name":"Mazarron Online","url":"https:\/\/mazarrononline.com\/","logo":{"@type":"ImageObject","inLanguage":"en-GB","@id":"https:\/\/mazarrononline.com\/#\/schema\/logo\/image\/","url":"https:\/\/mazarrononline.com\/wp-content\/uploads\/2026\/03\/mazarrononline.com_.png","contentUrl":"https:\/\/mazarrononline.com\/wp-content\/uploads\/2026\/03\/mazarrononline.com_.png","width":891,"height":340,"caption":"Mazarron Online"},"image":{"@id":"https:\/\/mazarrononline.com\/#\/schema\/logo\/image\/"}},{"@type":"Person","@id":"https:\/\/mazarrononline.com\/#\/schema\/person\/d9631cc872d8c011f835a190d882e76d","name":"Leyre","image":{"@type":"ImageObject","inLanguage":"en-GB","@id":"https:\/\/secure.gravatar.com\/avatar\/3c782ce00e025f94599c550917c21e50e8a575481f274333674068bc26c1b3ff?s=96&d=mm&r=g","url":"https:\/\/secure.gravatar.com\/avatar\/3c782ce00e025f94599c550917c21e50e8a575481f274333674068bc26c1b3ff?s=96&d=mm&r=g","contentUrl":"https:\/\/secure.gravatar.com\/avatar\/3c782ce00e025f94599c550917c21e50e8a575481f274333674068bc26c1b3ff?s=96&d=mm&r=g","caption":"Leyre"},"description":"Apasionada del periodismo de viajes y la cultura local, de Mazarr\u00f3n, donde recorro cada d\u00eda los rincones, playas y eventos. Estoy Especializada en gu\u00edas de turismo, ocio y gastronom\u00eda de Mazarr\u00f3n, comparto consejos pr\u00e1cticos y recomendaciones de primera mano para ayudar a vecinos y visitantes a disfrutar al m\u00e1ximo del municipio.","sameAs":["https:\/\/mazarrononline.com"],"url":"https:\/\/mazarrononline.com\/en\/author\/todalainformacionweb\/"}]}},"_links":{"self":[{"href":"https:\/\/mazarrononline.com\/en\/wp-json\/wp\/v2\/posts\/5073","targetHints":{"allow":["GET"]}}],"collection":[{"href":"https:\/\/mazarrononline.com\/en\/wp-json\/wp\/v2\/posts"}],"about":[{"href":"https:\/\/mazarrononline.com\/en\/wp-json\/wp\/v2\/types\/post"}],"author":[{"embeddable":true,"href":"https:\/\/mazarrononline.com\/en\/wp-json\/wp\/v2\/users\/1"}],"replies":[{"embeddable":true,"href":"https:\/\/mazarrononline.com\/en\/wp-json\/wp\/v2\/comments?post=5073"}],"version-history":[{"count":3,"href":"https:\/\/mazarrononline.com\/en\/wp-json\/wp\/v2\/posts\/5073\/revisions"}],"predecessor-version":[{"id":5078,"href":"https:\/\/mazarrononline.com\/en\/wp-json\/wp\/v2\/posts\/5073\/revisions\/5078"}],"wp:featuredmedia":[{"embeddable":true,"href":"https:\/\/mazarrononline.com\/en\/wp-json\/wp\/v2\/media\/5077"}],"wp:attachment":[{"href":"https:\/\/mazarrononline.com\/en\/wp-json\/wp\/v2\/media?parent=5073"}],"wp:term":[{"taxonomy":"category","embeddable":true,"href":"https:\/\/mazarrononline.com\/en\/wp-json\/wp\/v2\/categories?post=5073"},{"taxonomy":"post_tag","embeddable":true,"href":"https:\/\/mazarrononline.com\/en\/wp-json\/wp\/v2\/tags?post=5073"}],"curies":[{"name":"wp","href":"https:\/\/api.w.org\/{rel}","templated":true}]}}