{"id":4859,"date":"2026-08-14T13:19:33","date_gmt":"2026-08-14T13:19:33","guid":{"rendered":"https:\/\/mazarrononline.com\/?p=4859"},"modified":"2026-08-14T13:19:45","modified_gmt":"2026-08-14T13:19:45","slug":"mercadillos-mazarron","status":"publish","type":"post","link":"https:\/\/mazarrononline.com\/en\/mercadillos-mazarron\/","title":{"rendered":"Mercadillos de Mazarr\u00f3n 2026: d\u00edas, horarios y ubicaciones"},"content":{"rendered":"<p>Si buscas <strong>mercadillos en Mazarr\u00f3n<\/strong>, aqu\u00ed tienes una gu\u00eda completa para saber <strong>qu\u00e9 d\u00eda se celebra cada uno, d\u00f3nde est\u00e1, qu\u00e9 horario tiene, qu\u00e9 puedes comprar y c\u00f3mo llegar<\/strong>.<\/p>\n<p>En el municipio de Mazarr\u00f3n encontrar\u00e1s diferentes mercados y mercadillos a lo largo de la semana: el <strong>mercadillo de Camposol los jueves<\/strong>, el <strong>mercadillo de Mazarr\u00f3n pueblo los s\u00e1bados<\/strong>, el <strong>mercadillo artesanal del Puerto de Mazarr\u00f3n determinados s\u00e1bados<\/strong> y el <strong>mercadillo del Puerto de Mazarr\u00f3n los domingos<\/strong>.<\/p>\n<div style=\"background: #f0f7ff; border-left: 5px solid #1976d2; padding: 20px; margin: 25px 0; border-radius: 7px;\">\n<h2 style=\"margin-top: 0; color: #333399;\">\ud83d\udecd\ufe0f \u00bfQu\u00e9 d\u00eda hay mercadillo en Mazarr\u00f3n?<\/h2>\n<p>Si buscas un <strong>mercadillo en Mazarr\u00f3n<\/strong>, tienes opciones durante diferentes d\u00edas de la semana:<\/p>\n<ul style=\"margin-bottom: 0;\">\n<li><strong>\ud83d\udfe2 Jueves:<\/strong> mercadillo semanal de Camposol.<\/li>\n<li><strong>\ud83d\udd35 S\u00e1bado:<\/strong> mercadillo de Mazarr\u00f3n pueblo.<\/li>\n<li><strong>\ud83c\udfa8 Tercer s\u00e1bado del mes:<\/strong> mercadillo artesanal del Puerto de Mazarr\u00f3n.<\/li>\n<li><strong>\ud83d\udfe0 Domingo:<\/strong> mercadillo semanal del Puerto de Mazarr\u00f3n.<\/li>\n<\/ul>\n<\/div>\n<h2><span style=\"color: #333399;\">\ud83d\udcc5 Mercadillos de Mazarr\u00f3n esta semana<\/span><\/h2>\n<p>Si est\u00e1s buscando <strong>qu\u00e9 mercadillo hay esta semana en Mazarr\u00f3n<\/strong>, estos son los mercados semanales que puedes tener en cuenta:<\/p>\n<table style=\"width: 100%; border-collapse: collapse; margin: 20px 0; font-size: 15px;\">\n<thead>\n<tr style=\"background: #1976d2; color: #ffffff;\">\n<th style=\"padding: 12px; border: 1px solid #ddd;\">D\u00eda<\/th>\n<th style=\"padding: 12px; border: 1px solid #ddd;\">Mercadillo<\/th>\n<th style=\"padding: 12px; border: 1px solid #ddd;\">Horario<\/th>\n<\/tr>\n<\/thead>\n<tbody>\n<tr>\n<td style=\"padding: 11px; border: 1px solid #ddd;\"><strong>Jueves<\/strong><\/td>\n<td style=\"padding: 11px; border: 1px solid #ddd;\">Mercadillo de Camposol<\/td>\n<td style=\"padding: 11px; border: 1px solid #ddd;\">Ma\u00f1ana<\/td>\n<\/tr>\n<tr style=\"background: #f7f7f7;\">\n<td style=\"padding: 11px; border: 1px solid #ddd;\"><strong>S\u00e1bado<\/strong><\/td>\n<td style=\"padding: 11px; border: 1px solid #ddd;\">Mercadillo de Mazarr\u00f3n pueblo<\/td>\n<td style=\"padding: 11px; border: 1px solid #ddd;\">Ma\u00f1ana<\/td>\n<\/tr>\n<tr>\n<td style=\"padding: 11px; border: 1px solid #ddd;\"><strong>Domingo<\/strong><\/td>\n<td style=\"padding: 11px; border: 1px solid #ddd;\">Mercadillo del Puerto de Mazarr\u00f3n<\/td>\n<td style=\"padding: 11px; border: 1px solid #ddd;\">Ma\u00f1ana<\/td>\n<\/tr>\n<\/tbody>\n<\/table>\n<p>El <strong>mercadillo artesanal del Puerto de Mazarr\u00f3n<\/strong> no se celebra todas las semanas, sino en determinadas fechas del mes. M\u00e1s abajo encontrar\u00e1s el calendario de 2026.<\/p>\n<div style=\"background: #fff8e6; border: 1px solid #f0c36d; padding: 18px 20px; margin: 25px 0; border-radius: 7px;\">\n<h3 style=\"margin-top: 0;\">\u26a0\ufe0f Antes de ir al mercadillo<\/h3>\n<p style=\"margin-bottom: 0;\">Los d\u00edas y horarios pueden sufrir modificaciones por <strong>festivos, temporada, condiciones meteorol\u00f3gicas u otras circunstancias<\/strong>. Si vas a desplazarte expresamente a un mercadillo, comprueba siempre la informaci\u00f3n m\u00e1s reciente antes de salir.<\/p>\n<\/div>\n<h2><span style=\"color: #333399;\">\ud83d\udccb Tabla de mercadillos de Mazarr\u00f3n: d\u00edas, horarios y ubicaci\u00f3n<\/span><\/h2>\n<table style=\"width: 100%; border-collapse: collapse; margin: 20px 0; font-size: 15px;\">\n<thead>\n<tr style=\"background: #1976d2; color: #ffffff;\">\n<th style=\"padding: 12px; border: 1px solid #ddd;\">Mercadillo<\/th>\n<th style=\"padding: 12px; border: 1px solid #ddd;\">D\u00eda<\/th>\n<th style=\"padding: 12px; border: 1px solid #ddd;\">Horario<\/th>\n<th style=\"padding: 12px; border: 1px solid #ddd;\">Ubicaci\u00f3n<\/th>\n<\/tr>\n<\/thead>\n<tbody>\n<tr>\n<td style=\"padding: 11px; border: 1px solid #ddd;\"><strong>Mercadillo de Camposol<\/strong><\/td>\n<td style=\"padding: 11px; border: 1px solid #ddd;\">Jueves<\/td>\n<td style=\"padding: 11px; border: 1px solid #ddd;\">Ma\u00f1ana<\/td>\n<td style=\"padding: 11px; border: 1px solid #ddd;\">Camposol, Sector A<\/td>\n<\/tr>\n<tr style=\"background: #f7f7f7;\">\n<td style=\"padding: 11px; border: 1px solid #ddd;\"><strong>Mercadillo de Mazarr\u00f3n pueblo<\/strong><\/td>\n<td style=\"padding: 11px; border: 1px solid #ddd;\">S\u00e1bado<\/td>\n<td style=\"padding: 11px; border: 1px solid #ddd;\">Ma\u00f1ana<\/td>\n<td style=\"padding: 11px; border: 1px solid #ddd;\">Plaza del Convento<\/td>\n<\/tr>\n<tr>\n<td style=\"padding: 11px; border: 1px solid #ddd;\"><strong>Mercadillo artesanal<\/strong><\/td>\n<td style=\"padding: 11px; border: 1px solid #ddd;\">Tercer s\u00e1bado del mes*<\/td>\n<td style=\"padding: 11px; border: 1px solid #ddd;\">Seg\u00fan temporada<\/td>\n<td style=\"padding: 11px; border: 1px solid #ddd;\">Plaza Campe\u00f3n Pedro Acosta<\/td>\n<\/tr>\n<tr style=\"background: #f7f7f7;\">\n<td style=\"padding: 11px; border: 1px solid #ddd;\"><strong>Mercadillo del Puerto<\/strong><\/td>\n<td style=\"padding: 11px; border: 1px solid #ddd;\">Domingo<\/td>\n<td style=\"padding: 11px; border: 1px solid #ddd;\">08:00\u201314:00 verano \/ 08:30\u201314:30 invierno<\/td>\n<td style=\"padding: 11px; border: 1px solid #ddd;\">Zona de La Cumbre<\/td>\n<\/tr>\n<\/tbody>\n<\/table>\n<h2><span style=\"color: #333399;\">\ud83d\udccd Mercadillo de Mazarr\u00f3n pueblo: s\u00e1bados<\/span><\/h2>\n<p>El <strong>mercadillo de Mazarr\u00f3n pueblo<\/strong> se celebra habitualmente los <strong>s\u00e1bados por la ma\u00f1ana<\/strong> y es uno de los mercados semanales tradicionales del municipio.<\/p>\n<p>Su ubicaci\u00f3n habitual es la <strong>Plaza del Convento<\/strong>, en el centro de Mazarr\u00f3n.<\/p>\n<p>En sus puestos puedes encontrar diferentes productos, entre ellos:<\/p>\n<ul>\n<li>Frutas y verduras.<\/li>\n<li>Ropa.<\/li>\n<li>Calzado.<\/li>\n<li>Bolsos y complementos.<\/li>\n<li>Productos de alimentaci\u00f3n.<\/li>\n<li>Aceitunas y encurtidos.<\/li>\n<li>Productos para el hogar.<\/li>\n<li>Juguetes y art\u00edculos variados.<\/li>\n<\/ul>\n<div style=\"background: #f3f8f3; border-left: 5px solid #4caf50; padding: 18px 20px; margin: 25px 0; border-radius: 7px;\">\n<h3 style=\"margin-top: 0;\">\ud83d\udccc Datos r\u00e1pidos del mercadillo de Mazarr\u00f3n<\/h3>\n<p><strong>\ud83d\udcc5 D\u00eda:<\/strong> S\u00e1bados<\/p>\n<p><strong>\ud83d\udd50 Horario:<\/strong> Por la ma\u00f1ana<\/p>\n<p><strong>\ud83d\udccd Ubicaci\u00f3n:<\/strong> Plaza del Convento, Mazarr\u00f3n<\/p>\n<p style=\"margin-bottom: 0;\"><strong>\ud83d\udca1 Consejo:<\/strong> durante los meses de verano es recomendable acudir temprano para evitar las horas de mayor calor.<\/p>\n<\/div>\n<p>Si quieres una gu\u00eda espec\u00edfica sobre este mercado, pr\u00f3ximamente podr\u00e1s consultar nuestra gu\u00eda del <strong>mercadillo de Mazarr\u00f3n pueblo<\/strong> con informaci\u00f3n sobre horario, puestos, ubicaci\u00f3n y c\u00f3mo llegar.<\/p>\n<h2><span style=\"color: #333399;\">\ud83e\uddfa Mercadillo del Puerto de Mazarr\u00f3n: domingos<\/span><\/h2>\n<p>El <strong>mercadillo del Puerto de Mazarr\u00f3n<\/strong> es uno de los mercados semanales m\u00e1s conocidos del municipio y una de las opciones m\u00e1s buscadas por quienes quieren visitar un <strong>mercadillo en Mazarr\u00f3n el domingo<\/strong>.<\/p>\n<p>Se celebra habitualmente los <strong>domingos por la ma\u00f1ana<\/strong> y re\u00fane numerosos puestos de venta ambulante.<\/p>\n<p>En \u00e9l puedes encontrar <strong>frutas y verduras, ropa, calzado, complementos, productos de alimentaci\u00f3n y art\u00edculos variados<\/strong>.<\/p>\n<div style=\"background: #eef7ff; border-left: 5px solid #2196f3; padding: 20px; margin: 25px 0; border-radius: 7px;\">\n<h3 style=\"margin-top: 0;\">\ud83d\uded2 Datos del mercadillo del Puerto de Mazarr\u00f3n<\/h3>\n<p><strong>\ud83d\udcc5 D\u00eda:<\/strong> Domingo<\/p>\n<p><strong>\u2600\ufe0f Horario de verano:<\/strong> 08:00\u201314:00<\/p>\n<p><strong>\u2744\ufe0f Horario de invierno:<\/strong> 08:30\u201314:30<\/p>\n<p><strong>\ud83d\udccd Ubicaci\u00f3n:<\/strong> explanada del mercado junto a La Cumbre, calle Sierra del Algarrobo.<\/p>\n<p style=\"margin-bottom: 0;\"><strong>\u26a0\ufe0f Importante:<\/strong> en determinadas fechas el d\u00eda de celebraci\u00f3n puede modificarse por festividades.<\/p>\n<\/div>\n<p>\ud83d\udc49 Consulta todos los detalles en nuestra gu\u00eda espec\u00edfica del <a href=\"https:\/\/mazarrononline.com\/en\/mercadillo-puerto-mazarron-domingo-horario\/\"><strong>mercadillo del Puerto de Mazarr\u00f3n: horario, ubicaci\u00f3n y qu\u00e9 comprar<\/strong><\/a>.<\/p>\n<h2><span style=\"color: #333399;\">\ud83c\udf3f Mercadillo de Camposol: jueves<\/span><\/h2>\n<p>Si est\u00e1s en <strong>Camposol<\/strong> o en sus alrededores, tambi\u00e9n tienes un mercadillo semanal. El <strong>mercadillo de Camposol<\/strong> se celebra habitualmente los <strong>jueves por la ma\u00f1ana<\/strong>.<\/p>\n<p>Es una opci\u00f3n interesante para encontrar <strong>frutas y verduras, ropa, calzado, complementos, productos de alimentaci\u00f3n y art\u00edculos variados<\/strong>.<\/p>\n<div style=\"background: #f5f0ff; border-left: 5px solid #7e57c2; padding: 18px 20px; margin: 25px 0; border-radius: 7px;\">\n<h3 style=\"margin-top: 0;\">\ud83d\udecd\ufe0f Datos del mercadillo de Camposol<\/h3>\n<p><strong>\ud83d\udcc5 D\u00eda:<\/strong> Jueves<\/p>\n<p><strong>\ud83d\udd50 Horario orientativo:<\/strong> 08:00\u201313:30<\/p>\n<p><strong>\ud83d\udccd Ubicaci\u00f3n:<\/strong> Sector A, Camposol, Mazarr\u00f3n<\/p>\n<p style=\"margin-bottom: 0;\"><strong>\ud83d\uded2 Productos habituales:<\/strong> alimentaci\u00f3n, frutas y verduras, ropa, complementos y art\u00edculos variados.<\/p>\n<\/div>\n<p>\ud83d\udc49 Consulta nuestra gu\u00eda completa del <a href=\"https:\/\/mazarrononline.com\/en\/mercadillo-semanal-camposol-mazarron\/\"><strong>mercadillo semanal de Camposol: d\u00edas, horario y ubicaci\u00f3n<\/strong><\/a>.<\/p>\n<h2><span style=\"color: #333399;\">\ud83c\udfa8 Mercadillo artesanal del Puerto de Mazarr\u00f3n<\/span><\/h2>\n<p>Si buscas algo diferente a los mercadillos tradicionales, el <strong>mercadillo artesanal del Puerto de Mazarr\u00f3n<\/strong> es una opci\u00f3n especialmente interesante.<\/p>\n<p>Este mercado est\u00e1 dedicado principalmente a la <strong>artesan\u00eda, productos hechos a mano, creaciones originales, decoraci\u00f3n, complementos y art\u00edculos de autor<\/strong>.<\/p>\n<p>Durante 2026 est\u00e1 programado habitualmente el <strong>tercer s\u00e1bado de cada mes<\/strong>. Durante junio, julio y agosto tambi\u00e9n se celebra el cuarto s\u00e1bado.<\/p>\n<div style=\"background: #fff1f5; border-left: 5px solid #e91e63; padding: 20px; margin: 25px 0; border-radius: 7px;\">\n<h3 style=\"margin-top: 0;\">\ud83c\udfa8 Datos del mercadillo artesanal<\/h3>\n<p><strong>\ud83d\udcc5 D\u00eda:<\/strong> Tercer s\u00e1bado de cada mes<\/p>\n<p><strong>\u2600\ufe0f Verano:<\/strong> tambi\u00e9n cuarto s\u00e1bado en junio, julio y agosto de 2026.<\/p>\n<p><strong>\ud83d\udccd Ubicaci\u00f3n:<\/strong> Plaza Campe\u00f3n Pedro Acosta, Puerto de Mazarr\u00f3n<\/p>\n<p><strong>\ud83d\udd50 Invierno:<\/strong> 10:00\u201314:00<\/p>\n<p style=\"margin-bottom: 0;\"><strong>\ud83c\udf19 Verano:<\/strong> 10:00\u201324:00<\/p>\n<\/div>\n<h3>\ud83d\udcc5 Fechas del mercadillo artesanal del Puerto de Mazarr\u00f3n 2026<\/h3>\n<table style=\"width: 100%; border-collapse: collapse; margin: 20px 0; font-size: 15px;\">\n<thead>\n<tr style=\"background: #e91e63; color: #ffffff;\">\n<th style=\"padding: 11px; border: 1px solid #ddd;\">Mes<\/th>\n<th style=\"padding: 11px; border: 1px solid #ddd;\">Fechas 2026<\/th>\n<\/tr>\n<\/thead>\n<tbody>\n<tr>\n<td style=\"padding: 10px; border: 1px solid #ddd;\"><strong>Enero<\/strong><\/td>\n<td style=\"padding: 10px; border: 1px solid #ddd;\">17 de enero<\/td>\n<\/tr>\n<tr style=\"background: #f7f7f7;\">\n<td style=\"padding: 10px; border: 1px solid #ddd;\"><strong>Febrero<\/strong><\/td>\n<td style=\"padding: 10px; border: 1px solid #ddd;\">21 de febrero<\/td>\n<\/tr>\n<tr>\n<td style=\"padding: 10px; border: 1px solid #ddd;\"><strong>Marzo<\/strong><\/td>\n<td style=\"padding: 10px; border: 1px solid #ddd;\">21 de marzo<\/td>\n<\/tr>\n<tr style=\"background: #f7f7f7;\">\n<td style=\"padding: 10px; border: 1px solid #ddd;\"><strong>Abril<\/strong><\/td>\n<td style=\"padding: 10px; border: 1px solid #ddd;\">18 de abril<\/td>\n<\/tr>\n<tr>\n<td style=\"padding: 10px; border: 1px solid #ddd;\"><strong>Mayo<\/strong><\/td>\n<td style=\"padding: 10px; border: 1px solid #ddd;\">16 de mayo<\/td>\n<\/tr>\n<tr style=\"background: #f7f7f7;\">\n<td style=\"padding: 10px; border: 1px solid #ddd;\"><strong>Junio<\/strong><\/td>\n<td style=\"padding: 10px; border: 1px solid #ddd;\">20 y 27 de junio<\/td>\n<\/tr>\n<tr>\n<td style=\"padding: 10px; border: 1px solid #ddd;\"><strong>Julio<\/strong><\/td>\n<td style=\"padding: 10px; border: 1px solid #ddd;\">18 y 25 de julio<\/td>\n<\/tr>\n<tr style=\"background: #f7f7f7;\">\n<td style=\"padding: 10px; border: 1px solid #ddd;\"><strong>Agosto<\/strong><\/td>\n<td style=\"padding: 10px; border: 1px solid #ddd;\">15 y 22 de agosto<\/td>\n<\/tr>\n<tr>\n<td style=\"padding: 10px; border: 1px solid #ddd;\"><strong>Septiembre<\/strong><\/td>\n<td style=\"padding: 10px; border: 1px solid #ddd;\">19 de septiembre<\/td>\n<\/tr>\n<tr style=\"background: #f7f7f7;\">\n<td style=\"padding: 10px; border: 1px solid #ddd;\"><strong>Octubre<\/strong><\/td>\n<td style=\"padding: 10px; border: 1px solid #ddd;\">17 de octubre<\/td>\n<\/tr>\n<tr>\n<td style=\"padding: 10px; border: 1px solid #ddd;\"><strong>Noviembre<\/strong><\/td>\n<td style=\"padding: 10px; border: 1px solid #ddd;\">21 de noviembre<\/td>\n<\/tr>\n<tr style=\"background: #f7f7f7;\">\n<td style=\"padding: 10px; border: 1px solid #ddd;\"><strong>Diciembre<\/strong><\/td>\n<td style=\"padding: 10px; border: 1px solid #ddd;\">19 de diciembre<\/td>\n<\/tr>\n<\/tbody>\n<\/table>\n<p>\ud83d\udc49 Para conocer todos los detalles, consulta nuestra gu\u00eda del <a href=\"https:\/\/mazarrononline.com\/en\/mercadillo-artesanal-puerto-de-mazarron\/\"><strong>mercadillo artesanal del Puerto de Mazarr\u00f3n<\/strong><\/a>.<\/p>\n<h2><span style=\"color: #333399;\">\ud83d\uddfa\ufe0f C\u00f3mo llegar a los mercadillos de Mazarr\u00f3n<\/span><\/h2>\n<p>Si quieres saber <strong>d\u00f3nde est\u00e1n los mercadillos de Mazarr\u00f3n y c\u00f3mo llegar<\/strong>, aqu\u00ed tienes las principales ubicaciones.<\/p>\n<div style=\"background: #f0f7ff; border: 1px solid #c8def5; padding: 20px; margin: 25px 0; border-radius: 7px;\">\n<h3>\ud83d\udccd Mercadillo de Mazarr\u00f3n pueblo<\/h3>\n<p><strong>Plaza del Convento, Mazarr\u00f3n.<\/strong><\/p>\n<p>Se encuentra en el centro de Mazarr\u00f3n, dentro del casco urbano.<\/p>\n<p><a href=\"https:\/\/www.google.com\/maps\/search\/?api=1&amp;query=Plaza+del+Convento+Mazarr\u00f3n\" target=\"_blank\" rel=\"noopener\"><strong>\ud83d\uddfa\ufe0f Ver Plaza del Convento en Google Maps \u2192<\/strong><\/a><\/p>\n<hr style=\"border: 0; border-top: 1px solid #ddd; margin: 20px 0;\" \/>\n<h3>\ud83d\udccd Mercadillo de Camposol<\/h3>\n<p><strong>Sector A, Camposol, Mazarr\u00f3n.<\/strong><\/p>\n<p>Si llegas desde Mazarr\u00f3n, sigue las indicaciones hacia Camposol y el Sector A.<\/p>\n<p><a href=\"https:\/\/www.google.com\/maps\/search\/?api=1&amp;query=Camposol+Sector+A+Mazarr\u00f3n\" target=\"_blank\" rel=\"noopener\"><strong>\ud83d\uddfa\ufe0f Ver Camposol Sector A en Google Maps \u2192<\/strong><\/a><\/p>\n<hr style=\"border: 0; border-top: 1px solid #ddd; margin: 20px 0;\" \/>\n<h3>\ud83d\udccd Mercadillo artesanal del Puerto de Mazarr\u00f3n<\/h3>\n<p><strong>Plaza Campe\u00f3n Pedro Acosta, Puerto de Mazarr\u00f3n.<\/strong><\/p>\n<p>Est\u00e1 junto al comienzo del paseo mar\u00edtimo del Puerto de Mazarr\u00f3n, por lo que puedes aprovechar la visita para recorrer la zona del paseo y el litoral.<\/p>\n<p><a href=\"https:\/\/www.google.com\/maps\/search\/?api=1&amp;query=Plaza+Campe\u00f3n+Pedro+Acosta+Puerto+de+Mazarr\u00f3n\" target=\"_blank\" rel=\"noopener\"><strong>\ud83d\uddfa\ufe0f Ver ubicaci\u00f3n en Google Maps \u2192<\/strong><\/a><\/p>\n<hr style=\"border: 0; border-top: 1px solid #ddd; margin: 20px 0;\" \/>\n<h3>\ud83d\udccd Mercadillo semanal del Puerto de Mazarr\u00f3n<\/h3>\n<p><strong>Calle Sierra del Algarrobo, junto a La Cumbre, Puerto de Mazarr\u00f3n.<\/strong><\/p>\n<p><a href=\"https:\/\/www.google.com\/maps\/search\/?api=1&amp;query=Calle+Sierra+del+Algarrobo+Puerto+de+Mazarr\u00f3n\" target=\"_blank\" rel=\"noopener\"><strong>\ud83d\uddfa\ufe0f Ver ubicaci\u00f3n en Google Maps \u2192<\/strong><\/a><\/p>\n<\/div>\n<h2><span style=\"color: #333399;\">\ud83d\ude97 \u00bfD\u00f3nde aparcar para ir a los mercadillos?<\/span><\/h2>\n<p>Si vas a visitar los mercadillos de Mazarr\u00f3n en coche, especialmente durante <strong>verano, fines de semana y temporada alta<\/strong>, es aconsejable llegar con tiempo.<\/p>\n<p>En el <strong>centro de Mazarr\u00f3n<\/strong>, puede ser necesario dejar el coche en las calles o zonas de aparcamiento pr\u00f3ximas y continuar a pie hasta la Plaza del Convento.<\/p>\n<p>En el <strong>Puerto de Mazarr\u00f3n<\/strong>, la afluencia puede ser mayor durante los meses de verano. Si vas al mercadillo dominical, intenta llegar temprano para encontrar aparcamiento con mayor facilidad.<\/p>\n<p>Para el <strong>mercadillo artesanal<\/strong>, recuerda que su ubicaci\u00f3n est\u00e1 junto al paseo mar\u00edtimo, una zona especialmente concurrida durante el verano.<\/p>\n<h2><span style=\"color: #333399;\">\ud83d\uded2 \u00bfQu\u00e9 comprar en los mercadillos de Mazarr\u00f3n?<\/span><\/h2>\n<p>La oferta depende del mercado, pero los mercadillos tradicionales del municipio permiten encontrar una amplia variedad de productos.<\/p>\n<h3>\ud83e\udd6c Frutas y verduras<\/h3>\n<p>En los mercadillos semanales puedes encontrar <strong>frutas, verduras y otros productos de alimentaci\u00f3n<\/strong>.<\/p>\n<h3>\ud83d\udc55 Ropa, calzado y complementos<\/h3>\n<p>Los mercados tradicionales cuentan con puestos de <strong>ropa, zapatos, bolsos y complementos<\/strong>.<\/p>\n<h3>\ud83e\uded2 Productos de alimentaci\u00f3n<\/h3>\n<p>Tambi\u00e9n puedes encontrar <strong>aceitunas, encurtidos, salazones, frutos secos y otros productos alimentarios<\/strong>.<\/p>\n<h3>\ud83c\udf81 Artesan\u00eda y regalos<\/h3>\n<p>Si buscas <strong>artesan\u00eda, decoraci\u00f3n, complementos o regalos originales<\/strong>, el mercadillo artesanal del Puerto de Mazarr\u00f3n es la opci\u00f3n m\u00e1s especializada.<\/p>\n<div style=\"background: #fff8e6; border-left: 5px solid #ff9800; padding: 20px; margin: 30px 0; border-radius: 7px;\">\n<h2 style=\"margin-top: 0; color: #333399;\">\u2600\ufe0f Consejos para visitar los mercadillos de Mazarr\u00f3n en verano<\/h2>\n<ul style=\"margin-bottom: 0;\">\n<li><strong>Ve temprano:<\/strong> encontrar\u00e1s menos calor y normalmente podr\u00e1s recorrer los puestos con mayor tranquilidad.<\/li>\n<li><strong>Lleva agua y protecci\u00f3n solar:<\/strong> especialmente en julio y agosto.<\/li>\n<li><strong>Ten algo de efectivo:<\/strong> es \u00fatil para peque\u00f1as compras, aunque algunos puestos pueden ofrecer otros medios de pago.<\/li>\n<li><strong>Planifica el aparcamiento:<\/strong> en verano puede haber m\u00e1s afluencia en Mazarr\u00f3n y Puerto de Mazarr\u00f3n.<\/li>\n<li><strong>Comprueba posibles cambios:<\/strong> un festivo puede modificar excepcionalmente el d\u00eda habitual del mercado.<\/li>\n<\/ul>\n<\/div>\n<h2><span style=\"color: #333399;\">\u2b50 \u00bfQu\u00e9 mercadillo de Mazarr\u00f3n elegir?<\/span><\/h2>\n<table style=\"width: 100%; border-collapse: collapse; margin: 20px 0;\">\n<thead>\n<tr style=\"background: #333; color: #fff;\">\n<th style=\"padding: 12px; border: 1px solid #ddd;\">Si buscas&#8230;<\/th>\n<th style=\"padding: 12px; border: 1px solid #ddd;\">Te recomendamos&#8230;<\/th>\n<\/tr>\n<\/thead>\n<tbody>\n<tr>\n<td style=\"padding: 12px; border: 1px solid #ddd;\">Productos frescos y compras<\/td>\n<td style=\"padding: 12px; border: 1px solid #ddd;\"><strong>Mazarr\u00f3n pueblo o Puerto de Mazarr\u00f3n<\/strong><\/td>\n<\/tr>\n<tr style=\"background: #f7f7f7;\">\n<td style=\"padding: 12px; border: 1px solid #ddd;\">Un mercadillo en Camposol<\/td>\n<td style=\"padding: 12px; border: 1px solid #ddd;\"><strong>Camposol, jueves<\/strong><\/td>\n<\/tr>\n<tr>\n<td style=\"padding: 12px; border: 1px solid #ddd;\">Artesan\u00eda y regalos<\/td>\n<td style=\"padding: 12px; border: 1px solid #ddd;\"><strong>Mercadillo artesanal del Puerto<\/strong><\/td>\n<\/tr>\n<tr style=\"background: #f7f7f7;\">\n<td style=\"padding: 12px; border: 1px solid #ddd;\">Un plan para el domingo<\/td>\n<td style=\"padding: 12px; border: 1px solid #ddd;\"><strong>Mercadillo del Puerto de Mazarr\u00f3n<\/strong><\/td>\n<\/tr>\n<tr>\n<td style=\"padding: 12px; border: 1px solid #ddd;\">Comprar en Mazarr\u00f3n pueblo<\/td>\n<td style=\"padding: 12px; border: 1px solid #ddd;\"><strong>Mercadillo de Mazarr\u00f3n, s\u00e1bado<\/strong><\/td>\n<\/tr>\n<\/tbody>\n<\/table>\n<h2><span style=\"color: #333399;\">\u2753 Preguntas frecuentes sobre los mercadillos de Mazarr\u00f3n<\/span><\/h2>\n<h3>\u00bfQu\u00e9 d\u00eda hay mercadillo en Mazarr\u00f3n?<\/h3>\n<p>Hay diferentes mercadillos durante la semana. El <strong>mercadillo de Camposol se celebra los jueves<\/strong>, el <strong>mercadillo de Mazarr\u00f3n pueblo los s\u00e1bados<\/strong> y el <strong>mercadillo del Puerto de Mazarr\u00f3n los domingos<\/strong>. Adem\u00e1s, el Puerto cuenta con un <strong>mercadillo artesanal determinados s\u00e1bados<\/strong>.<\/p>\n<h3>\u00bfQu\u00e9 mercadillo hay el jueves en Mazarr\u00f3n?<\/h3>\n<p>Los jueves se celebra habitualmente el <strong>mercadillo semanal de Camposol<\/strong>, en el Sector A.<\/p>\n<h3>\u00bfQu\u00e9 mercadillo hay el s\u00e1bado en Mazarr\u00f3n?<\/h3>\n<p>Los s\u00e1bados se celebra habitualmente el <strong>mercadillo de Mazarr\u00f3n pueblo<\/strong>, en la Plaza del Convento. Adem\u00e1s, algunos s\u00e1bados del mes se celebra el <strong>mercadillo artesanal del Puerto de Mazarr\u00f3n<\/strong>.<\/p>\n<h3>\u00bfQu\u00e9 mercadillo hay el domingo en Mazarr\u00f3n?<\/h3>\n<p>El <strong>mercadillo semanal del Puerto de Mazarr\u00f3n<\/strong> se celebra habitualmente los domingos por la ma\u00f1ana.<\/p>\n<h3>\u00bfQu\u00e9 d\u00eda es el mercadillo de Mazarr\u00f3n pueblo?<\/h3>\n<p>El <strong>mercadillo de Mazarr\u00f3n pueblo<\/strong> se celebra habitualmente los <strong>s\u00e1bados<\/strong>, en la Plaza del Convento.<\/p>\n<h3>\u00bfCu\u00e1ndo es el mercadillo de Camposol?<\/h3>\n<p>El <strong>mercadillo semanal de Camposol<\/strong> se celebra habitualmente los <strong>jueves por la ma\u00f1ana<\/strong>.<\/p>\n<h3>\u00bfCu\u00e1ndo es el mercadillo artesanal del Puerto de Mazarr\u00f3n?<\/h3>\n<p>Durante 2026 est\u00e1 programado habitualmente el <strong>tercer s\u00e1bado de cada mes<\/strong>. En junio, julio y agosto tambi\u00e9n se celebra el cuarto s\u00e1bado.<\/p>\n<h3>\u00bfD\u00f3nde est\u00e1 el mercadillo artesanal del Puerto de Mazarr\u00f3n?<\/h3>\n<p>Durante 2026 est\u00e1 programado en la <strong>Plaza Campe\u00f3n Pedro Acosta<\/strong>, al comienzo del paseo mar\u00edtimo del Puerto de Mazarr\u00f3n.<\/p>\n<h3>\u00bfD\u00f3nde est\u00e1 el mercadillo del Puerto de Mazarr\u00f3n?<\/h3>\n<p>El mercadillo semanal se celebra en la <strong>explanada del mercado junto a La Cumbre, en la calle Sierra del Algarrobo<\/strong>, en el Puerto de Mazarr\u00f3n.<\/p>\n<h3>\u00bfQu\u00e9 se puede comprar en los mercadillos de Mazarr\u00f3n?<\/h3>\n<p>Dependiendo del mercado encontrar\u00e1s <strong>frutas y verduras, ropa, calzado, complementos, alimentaci\u00f3n, aceitunas, encurtidos, salazones, art\u00edculos para el hogar, juguetes y productos artesanales<\/strong>.<\/p>\n<h3>\u00bfCu\u00e1l es el mejor mercadillo de Mazarr\u00f3n?<\/h3>\n<p>Depende de lo que busques. Para compras y productos cotidianos puedes optar por los <strong>mercadillos semanales de Mazarr\u00f3n y Puerto de Mazarr\u00f3n<\/strong>. Si buscas artesan\u00eda, regalos y productos hechos a mano, el <strong>mercadillo artesanal del Puerto de Mazarr\u00f3n<\/strong> es la opci\u00f3n m\u00e1s especializada.<\/p>\n<div style=\"background: #eaf7ed; border: 1px solid #b7dfc0; padding: 20px; margin: 35px 0; border-radius: 7px;\">\n<h2 style=\"margin-top: 0; color: #333399;\">\ud83d\udccc Resumen: mercadillos de Mazarr\u00f3n 2026<\/h2>\n<p>Si quieres guardar esta gu\u00eda para consultar r\u00e1pidamente los <strong>mercadillos de Mazarr\u00f3n<\/strong>:<\/p>\n<p><strong>\ud83d\udfe2 Jueves:<\/strong> Mercadillo de Camposol<br \/>\n<strong>\ud83d\udd35 S\u00e1bado:<\/strong> Mercadillo de Mazarr\u00f3n pueblo<br \/>\n<strong>\ud83c\udfa8 Tercer s\u00e1bado del mes:<\/strong> Mercadillo artesanal del Puerto<br \/>\n<strong>\ud83d\udfe0 Domingo:<\/strong> Mercadillo del Puerto de Mazarr\u00f3n<\/p>\n<p style=\"margin-bottom: 0;\">En <strong>Mazarr\u00f3n Online<\/strong> actualizamos esta gu\u00eda cuando se producen cambios de fechas, horarios o ubicaciones.<\/p>\n<\/div>\n<h2><span style=\"color: #333399;\">\ud83d\udd0e Tambi\u00e9n te puede interesar<\/span><\/h2>\n<ul>\n<li><a href=\"https:\/\/mazarrononline.com\/en\/mercadillo-puerto-mazarron-domingo-horario\/\"><strong>Mercadillo del Puerto de Mazarr\u00f3n: horario, ubicaci\u00f3n y qu\u00e9 comprar<\/strong><\/a><\/li>\n<li><a href=\"https:\/\/mazarrononline.com\/en\/mercadillo-semanal-camposol-mazarron\/\"><strong>Mercadillo semanal de Camposol: d\u00edas, horario y ubicaci\u00f3n<\/strong><\/a><\/li>\n<li><a href=\"https:\/\/mazarrononline.com\/en\/mercadillo-artesanal-puerto-de-mazarron\/\"><strong>Mercadillo artesanal del Puerto de Mazarr\u00f3n: fechas y horario<\/strong><\/a><\/li>\n<li><a href=\"https:\/\/mazarrononline.com\/en\/agenda-mazarron\/\"><strong>Agenda de Mazarr\u00f3n: eventos y actividades<\/strong><\/a><\/li>\n<\/ul>","protected":false},"excerpt":{"rendered":"<p>Si buscas mercadillos en Mazarr\u00f3n, aqu\u00ed tienes una gu\u00eda completa para saber qu\u00e9 d\u00eda se celebra cada uno, d\u00f3nde est\u00e1, qu\u00e9 horario tiene, qu\u00e9 puedes comprar y c\u00f3mo llegar. En [&hellip;]<\/p>\n","protected":false},"author":1,"featured_media":4860,"comment_status":"open","ping_status":"open","sticky":false,"template":"","format":"standard","meta":{"footnotes":""},"categories":[72,87],"tags":[],"class_list":["post-4859","post","type-post","status-publish","format-standard","has-post-thumbnail","hentry","category-mercadillos","category-agenda"],"blocksy_meta":[],"yoast_head":"<!-- This site is optimized with the Yoast SEO plugin v28.3 - https:\/\/yoast.com\/product\/yoast-seo-wordpress\/ -->\n<title>Mercadillos de Mazarr\u00f3n 2026: d\u00edas, horarios y ubicaci\u00f3n<\/title>\n<meta name=\"description\" content=\"Consulta todos los mercadillos de Mazarr\u00f3n en 2026: Puerto de Mazarr\u00f3n, Mazarr\u00f3n pueblo, Camposol y mercadillo artesanal. D\u00edas, horarios y ubicaciones.\" \/>\n<meta name=\"robots\" content=\"index, follow, max-snippet:-1, max-image-preview:large, max-video-preview:-1\" \/>\n<link rel=\"canonical\" href=\"https:\/\/mazarrononline.com\/en\/mercadillos-mazarron\/\" \/>\n<meta property=\"og:locale\" content=\"en_GB\" \/>\n<meta property=\"og:type\" content=\"article\" \/>\n<meta property=\"og:title\" content=\"Mercadillos de Mazarr\u00f3n 2026: d\u00edas, horarios y ubicaci\u00f3n\" \/>\n<meta property=\"og:description\" content=\"Consulta todos los mercadillos de Mazarr\u00f3n en 2026: Puerto de Mazarr\u00f3n, Mazarr\u00f3n pueblo, Camposol y mercadillo artesanal. D\u00edas, horarios y ubicaciones.\" \/>\n<meta property=\"og:url\" content=\"https:\/\/mazarrononline.com\/en\/mercadillos-mazarron\/\" \/>\n<meta property=\"og:site_name\" content=\"Mazarron Online\" \/>\n<meta property=\"article:published_time\" content=\"2026-08-14T13:19:33+00:00\" \/>\n<meta property=\"article:modified_time\" content=\"2026-08-14T13:19:45+00:00\" \/>\n<meta property=\"og:image\" content=\"https:\/\/mazarrononline.com\/wp-content\/uploads\/2026\/08\/mercadillos-mazarron-1024x683.png\" \/>\n\t<meta property=\"og:image:width\" content=\"1024\" \/>\n\t<meta property=\"og:image:height\" content=\"683\" \/>\n\t<meta property=\"og:image:type\" content=\"image\/png\" \/>\n<meta name=\"author\" content=\"Leyre\" \/>\n<meta name=\"twitter:card\" content=\"summary_large_image\" \/>\n<meta name=\"twitter:label1\" content=\"Written by\" \/>\n\t<meta name=\"twitter:data1\" content=\"Leyre\" \/>\n\t<meta name=\"twitter:label2\" content=\"Estimated reading time\" \/>\n\t<meta name=\"twitter:data2\" content=\"9 minutes\" \/>\n<script type=\"application\/ld+json\" class=\"yoast-schema-graph\">{\"@context\":\"https:\\\/\\\/schema.org\",\"@graph\":[{\"@type\":\"Article\",\"@id\":\"https:\\\/\\\/mazarrononline.com\\\/mercadillos-mazarron\\\/#article\",\"isPartOf\":{\"@id\":\"https:\\\/\\\/mazarrononline.com\\\/mercadillos-mazarron\\\/\"},\"author\":{\"name\":\"Leyre\",\"@id\":\"https:\\\/\\\/mazarrononline.com\\\/#\\\/schema\\\/person\\\/d9631cc872d8c011f835a190d882e76d\"},\"headline\":\"Mercadillos de Mazarr\u00f3n 2026: d\u00edas, horarios y ubicaciones\",\"datePublished\":\"2026-08-14T13:19:33+00:00\",\"dateModified\":\"2026-08-14T13:19:45+00:00\",\"mainEntityOfPage\":{\"@id\":\"https:\\\/\\\/mazarrononline.com\\\/mercadillos-mazarron\\\/\"},\"wordCount\":1958,\"commentCount\":0,\"publisher\":{\"@id\":\"https:\\\/\\\/mazarrononline.com\\\/#organization\"},\"image\":{\"@id\":\"https:\\\/\\\/mazarrononline.com\\\/mercadillos-mazarron\\\/#primaryimage\"},\"thumbnailUrl\":\"https:\\\/\\\/mazarrononline.com\\\/wp-content\\\/uploads\\\/2026\\\/08\\\/mercadillos-mazarron.png\",\"articleSection\":[\"Mercadillos\",\"Agenda\"],\"inLanguage\":\"en-GB\",\"potentialAction\":[{\"@type\":\"CommentAction\",\"name\":\"Comment\",\"target\":[\"https:\\\/\\\/mazarrononline.com\\\/mercadillos-mazarron\\\/#respond\"]}]},{\"@type\":\"WebPage\",\"@id\":\"https:\\\/\\\/mazarrononline.com\\\/mercadillos-mazarron\\\/\",\"url\":\"https:\\\/\\\/mazarrononline.com\\\/mercadillos-mazarron\\\/\",\"name\":\"Mercadillos de Mazarr\u00f3n 2026: d\u00edas, horarios y ubicaci\u00f3n\",\"isPartOf\":{\"@id\":\"https:\\\/\\\/mazarrononline.com\\\/#website\"},\"primaryImageOfPage\":{\"@id\":\"https:\\\/\\\/mazarrononline.com\\\/mercadillos-mazarron\\\/#primaryimage\"},\"image\":{\"@id\":\"https:\\\/\\\/mazarrononline.com\\\/mercadillos-mazarron\\\/#primaryimage\"},\"thumbnailUrl\":\"https:\\\/\\\/mazarrononline.com\\\/wp-content\\\/uploads\\\/2026\\\/08\\\/mercadillos-mazarron.png\",\"datePublished\":\"2026-08-14T13:19:33+00:00\",\"dateModified\":\"2026-08-14T13:19:45+00:00\",\"description\":\"Consulta todos los mercadillos de Mazarr\u00f3n en 2026: Puerto de Mazarr\u00f3n, Mazarr\u00f3n pueblo, Camposol y mercadillo artesanal. D\u00edas, horarios y ubicaciones.\",\"breadcrumb\":{\"@id\":\"https:\\\/\\\/mazarrononline.com\\\/mercadillos-mazarron\\\/#breadcrumb\"},\"inLanguage\":\"en-GB\",\"potentialAction\":[{\"@type\":\"ReadAction\",\"target\":[\"https:\\\/\\\/mazarrononline.com\\\/mercadillos-mazarron\\\/\"]}]},{\"@type\":\"ImageObject\",\"inLanguage\":\"en-GB\",\"@id\":\"https:\\\/\\\/mazarrononline.com\\\/mercadillos-mazarron\\\/#primaryimage\",\"url\":\"https:\\\/\\\/mazarrononline.com\\\/wp-content\\\/uploads\\\/2026\\\/08\\\/mercadillos-mazarron.png\",\"contentUrl\":\"https:\\\/\\\/mazarrononline.com\\\/wp-content\\\/uploads\\\/2026\\\/08\\\/mercadillos-mazarron.png\",\"width\":1536,\"height\":1024,\"caption\":\"mercadillos-mazarron\"},{\"@type\":\"BreadcrumbList\",\"@id\":\"https:\\\/\\\/mazarrononline.com\\\/mercadillos-mazarron\\\/#breadcrumb\",\"itemListElement\":[{\"@type\":\"ListItem\",\"position\":1,\"name\":\"Portada\",\"item\":\"https:\\\/\\\/mazarrononline.com\\\/\"},{\"@type\":\"ListItem\",\"position\":2,\"name\":\"Mercadillos de Mazarr\u00f3n 2026: d\u00edas, horarios y ubicaciones\"}]},{\"@type\":\"WebSite\",\"@id\":\"https:\\\/\\\/mazarrononline.com\\\/#website\",\"url\":\"https:\\\/\\\/mazarrononline.com\\\/\",\"name\":\"Mazarron Online\",\"description\":\"\",\"publisher\":{\"@id\":\"https:\\\/\\\/mazarrononline.com\\\/#organization\"},\"potentialAction\":[{\"@type\":\"SearchAction\",\"target\":{\"@type\":\"EntryPoint\",\"urlTemplate\":\"https:\\\/\\\/mazarrononline.com\\\/?s={search_term_string}\"},\"query-input\":{\"@type\":\"PropertyValueSpecification\",\"valueRequired\":true,\"valueName\":\"search_term_string\"}}],\"inLanguage\":\"en-GB\"},{\"@type\":\"Organization\",\"@id\":\"https:\\\/\\\/mazarrononline.com\\\/#organization\",\"name\":\"Mazarron Online\",\"url\":\"https:\\\/\\\/mazarrononline.com\\\/\",\"logo\":{\"@type\":\"ImageObject\",\"inLanguage\":\"en-GB\",\"@id\":\"https:\\\/\\\/mazarrononline.com\\\/#\\\/schema\\\/logo\\\/image\\\/\",\"url\":\"https:\\\/\\\/mazarrononline.com\\\/wp-content\\\/uploads\\\/2026\\\/03\\\/mazarrononline.com_.png\",\"contentUrl\":\"https:\\\/\\\/mazarrononline.com\\\/wp-content\\\/uploads\\\/2026\\\/03\\\/mazarrononline.com_.png\",\"width\":891,\"height\":340,\"caption\":\"Mazarron Online\"},\"image\":{\"@id\":\"https:\\\/\\\/mazarrononline.com\\\/#\\\/schema\\\/logo\\\/image\\\/\"}},{\"@type\":\"Person\",\"@id\":\"https:\\\/\\\/mazarrononline.com\\\/#\\\/schema\\\/person\\\/d9631cc872d8c011f835a190d882e76d\",\"name\":\"Leyre\",\"image\":{\"@type\":\"ImageObject\",\"inLanguage\":\"en-GB\",\"@id\":\"https:\\\/\\\/secure.gravatar.com\\\/avatar\\\/3c782ce00e025f94599c550917c21e50e8a575481f274333674068bc26c1b3ff?s=96&d=mm&r=g\",\"url\":\"https:\\\/\\\/secure.gravatar.com\\\/avatar\\\/3c782ce00e025f94599c550917c21e50e8a575481f274333674068bc26c1b3ff?s=96&d=mm&r=g\",\"contentUrl\":\"https:\\\/\\\/secure.gravatar.com\\\/avatar\\\/3c782ce00e025f94599c550917c21e50e8a575481f274333674068bc26c1b3ff?s=96&d=mm&r=g\",\"caption\":\"Leyre\"},\"description\":\"Apasionada del periodismo de viajes y la cultura local, de Mazarr\u00f3n, donde recorro cada d\u00eda los rincones, playas y eventos. Estoy Especializada en gu\u00edas de turismo, ocio y gastronom\u00eda de Mazarr\u00f3n, comparto consejos pr\u00e1cticos y recomendaciones de primera mano para ayudar a vecinos y visitantes a disfrutar al m\u00e1ximo del municipio.\",\"sameAs\":[\"https:\\\/\\\/mazarrononline.com\"],\"url\":\"https:\\\/\\\/mazarrononline.com\\\/en\\\/author\\\/todalainformacionweb\\\/\"}]}<\/script>\n<!-- \/ Yoast SEO plugin. -->","yoast_head_json":{"title":"Mercadillos de Mazarr\u00f3n 2026: d\u00edas, horarios y ubicaci\u00f3n","description":"Consulta todos los mercadillos de Mazarr\u00f3n en 2026: Puerto de Mazarr\u00f3n, Mazarr\u00f3n pueblo, Camposol y mercadillo artesanal. D\u00edas, horarios y ubicaciones.","robots":{"index":"index","follow":"follow","max-snippet":"max-snippet:-1","max-image-preview":"max-image-preview:large","max-video-preview":"max-video-preview:-1"},"canonical":"https:\/\/mazarrononline.com\/en\/mercadillos-mazarron\/","og_locale":"en_GB","og_type":"article","og_title":"Mercadillos de Mazarr\u00f3n 2026: d\u00edas, horarios y ubicaci\u00f3n","og_description":"Consulta todos los mercadillos de Mazarr\u00f3n en 2026: Puerto de Mazarr\u00f3n, Mazarr\u00f3n pueblo, Camposol y mercadillo artesanal. D\u00edas, horarios y ubicaciones.","og_url":"https:\/\/mazarrononline.com\/en\/mercadillos-mazarron\/","og_site_name":"Mazarron Online","article_published_time":"2026-08-14T13:19:33+00:00","article_modified_time":"2026-08-14T13:19:45+00:00","og_image":[{"width":1024,"height":683,"url":"https:\/\/mazarrononline.com\/wp-content\/uploads\/2026\/08\/mercadillos-mazarron-1024x683.png","type":"image\/png"}],"author":"Leyre","twitter_card":"summary_large_image","twitter_misc":{"Written by":"Leyre","Estimated reading time":"9 minutes"},"schema":{"@context":"https:\/\/schema.org","@graph":[{"@type":"Article","@id":"https:\/\/mazarrononline.com\/mercadillos-mazarron\/#article","isPartOf":{"@id":"https:\/\/mazarrononline.com\/mercadillos-mazarron\/"},"author":{"name":"Leyre","@id":"https:\/\/mazarrononline.com\/#\/schema\/person\/d9631cc872d8c011f835a190d882e76d"},"headline":"Mercadillos de Mazarr\u00f3n 2026: d\u00edas, horarios y ubicaciones","datePublished":"2026-08-14T13:19:33+00:00","dateModified":"2026-08-14T13:19:45+00:00","mainEntityOfPage":{"@id":"https:\/\/mazarrononline.com\/mercadillos-mazarron\/"},"wordCount":1958,"commentCount":0,"publisher":{"@id":"https:\/\/mazarrononline.com\/#organization"},"image":{"@id":"https:\/\/mazarrononline.com\/mercadillos-mazarron\/#primaryimage"},"thumbnailUrl":"https:\/\/mazarrononline.com\/wp-content\/uploads\/2026\/08\/mercadillos-mazarron.png","articleSection":["Mercadillos","Agenda"],"inLanguage":"en-GB","potentialAction":[{"@type":"CommentAction","name":"Comment","target":["https:\/\/mazarrononline.com\/mercadillos-mazarron\/#respond"]}]},{"@type":"WebPage","@id":"https:\/\/mazarrononline.com\/mercadillos-mazarron\/","url":"https:\/\/mazarrononline.com\/mercadillos-mazarron\/","name":"Mercadillos de Mazarr\u00f3n 2026: d\u00edas, horarios y ubicaci\u00f3n","isPartOf":{"@id":"https:\/\/mazarrononline.com\/#website"},"primaryImageOfPage":{"@id":"https:\/\/mazarrononline.com\/mercadillos-mazarron\/#primaryimage"},"image":{"@id":"https:\/\/mazarrononline.com\/mercadillos-mazarron\/#primaryimage"},"thumbnailUrl":"https:\/\/mazarrononline.com\/wp-content\/uploads\/2026\/08\/mercadillos-mazarron.png","datePublished":"2026-08-14T13:19:33+00:00","dateModified":"2026-08-14T13:19:45+00:00","description":"Consulta todos los mercadillos de Mazarr\u00f3n en 2026: Puerto de Mazarr\u00f3n, Mazarr\u00f3n pueblo, Camposol y mercadillo artesanal. D\u00edas, horarios y ubicaciones.","breadcrumb":{"@id":"https:\/\/mazarrononline.com\/mercadillos-mazarron\/#breadcrumb"},"inLanguage":"en-GB","potentialAction":[{"@type":"ReadAction","target":["https:\/\/mazarrononline.com\/mercadillos-mazarron\/"]}]},{"@type":"ImageObject","inLanguage":"en-GB","@id":"https:\/\/mazarrononline.com\/mercadillos-mazarron\/#primaryimage","url":"https:\/\/mazarrononline.com\/wp-content\/uploads\/2026\/08\/mercadillos-mazarron.png","contentUrl":"https:\/\/mazarrononline.com\/wp-content\/uploads\/2026\/08\/mercadillos-mazarron.png","width":1536,"height":1024,"caption":"mercadillos-mazarron"},{"@type":"BreadcrumbList","@id":"https:\/\/mazarrononline.com\/mercadillos-mazarron\/#breadcrumb","itemListElement":[{"@type":"ListItem","position":1,"name":"Portada","item":"https:\/\/mazarrononline.com\/"},{"@type":"ListItem","position":2,"name":"Mercadillos de Mazarr\u00f3n 2026: d\u00edas, horarios y ubicaciones"}]},{"@type":"WebSite","@id":"https:\/\/mazarrononline.com\/#website","url":"https:\/\/mazarrononline.com\/","name":"Mazarron Online","description":"","publisher":{"@id":"https:\/\/mazarrononline.com\/#organization"},"potentialAction":[{"@type":"SearchAction","target":{"@type":"EntryPoint","urlTemplate":"https:\/\/mazarrononline.com\/?s={search_term_string}"},"query-input":{"@type":"PropertyValueSpecification","valueRequired":true,"valueName":"search_term_string"}}],"inLanguage":"en-GB"},{"@type":"Organization","@id":"https:\/\/mazarrononline.com\/#organization","name":"Mazarron Online","url":"https:\/\/mazarrononline.com\/","logo":{"@type":"ImageObject","inLanguage":"en-GB","@id":"https:\/\/mazarrononline.com\/#\/schema\/logo\/image\/","url":"https:\/\/mazarrononline.com\/wp-content\/uploads\/2026\/03\/mazarrononline.com_.png","contentUrl":"https:\/\/mazarrononline.com\/wp-content\/uploads\/2026\/03\/mazarrononline.com_.png","width":891,"height":340,"caption":"Mazarron Online"},"image":{"@id":"https:\/\/mazarrononline.com\/#\/schema\/logo\/image\/"}},{"@type":"Person","@id":"https:\/\/mazarrononline.com\/#\/schema\/person\/d9631cc872d8c011f835a190d882e76d","name":"Leyre","image":{"@type":"ImageObject","inLanguage":"en-GB","@id":"https:\/\/secure.gravatar.com\/avatar\/3c782ce00e025f94599c550917c21e50e8a575481f274333674068bc26c1b3ff?s=96&d=mm&r=g","url":"https:\/\/secure.gravatar.com\/avatar\/3c782ce00e025f94599c550917c21e50e8a575481f274333674068bc26c1b3ff?s=96&d=mm&r=g","contentUrl":"https:\/\/secure.gravatar.com\/avatar\/3c782ce00e025f94599c550917c21e50e8a575481f274333674068bc26c1b3ff?s=96&d=mm&r=g","caption":"Leyre"},"description":"Apasionada del periodismo de viajes y la cultura local, de Mazarr\u00f3n, donde recorro cada d\u00eda los rincones, playas y eventos. Estoy Especializada en gu\u00edas de turismo, ocio y gastronom\u00eda de Mazarr\u00f3n, comparto consejos pr\u00e1cticos y recomendaciones de primera mano para ayudar a vecinos y visitantes a disfrutar al m\u00e1ximo del municipio.","sameAs":["https:\/\/mazarrononline.com"],"url":"https:\/\/mazarrononline.com\/en\/author\/todalainformacionweb\/"}]}},"_links":{"self":[{"href":"https:\/\/mazarrononline.com\/en\/wp-json\/wp\/v2\/posts\/4859","targetHints":{"allow":["GET"]}}],"collection":[{"href":"https:\/\/mazarrononline.com\/en\/wp-json\/wp\/v2\/posts"}],"about":[{"href":"https:\/\/mazarrononline.com\/en\/wp-json\/wp\/v2\/types\/post"}],"author":[{"embeddable":true,"href":"https:\/\/mazarrononline.com\/en\/wp-json\/wp\/v2\/users\/1"}],"replies":[{"embeddable":true,"href":"https:\/\/mazarrononline.com\/en\/wp-json\/wp\/v2\/comments?post=4859"}],"version-history":[{"count":1,"href":"https:\/\/mazarrononline.com\/en\/wp-json\/wp\/v2\/posts\/4859\/revisions"}],"predecessor-version":[{"id":4861,"href":"https:\/\/mazarrononline.com\/en\/wp-json\/wp\/v2\/posts\/4859\/revisions\/4861"}],"wp:featuredmedia":[{"embeddable":true,"href":"https:\/\/mazarrononline.com\/en\/wp-json\/wp\/v2\/media\/4860"}],"wp:attachment":[{"href":"https:\/\/mazarrononline.com\/en\/wp-json\/wp\/v2\/media?parent=4859"}],"wp:term":[{"taxonomy":"category","embeddable":true,"href":"https:\/\/mazarrononline.com\/en\/wp-json\/wp\/v2\/categories?post=4859"},{"taxonomy":"post_tag","embeddable":true,"href":"https:\/\/mazarrononline.com\/en\/wp-json\/wp\/v2\/tags?post=4859"}],"curies":[{"name":"wp","href":"https:\/\/api.w.org\/{rel}","templated":true}]}}