{"id":4403,"date":"2026-07-27T15:31:27","date_gmt":"2026-07-27T15:31:27","guid":{"rendered":"https:\/\/mazarrononline.com\/?p=4403"},"modified":"2026-07-27T15:31:27","modified_gmt":"2026-07-27T15:31:27","slug":"agenda-en-mazarron-del-27-de-julio-al-1-de-agosto","status":"publish","type":"post","link":"https:\/\/mazarrononline.com\/en\/agenda-en-mazarron-del-27-de-julio-al-1-de-agosto\/","title":{"rendered":"Qu\u00e9 hacer en Mazarr\u00f3n esta semana (27 julio &#8211; 2 agosto 2026) | Agenda"},"content":{"rendered":"<p>\u00a1La quinta semana de julio llega repleta de actividades ideales para exprimir el periodo estival en nuestro municipio! Si te est\u00e1s preguntando qu\u00e9 hacer durante estos d\u00edas, la <strong>agenda en Mazarr\u00f3n del 27 de julio al 2 de agosto de 2026<\/strong> viene cargada de propuestas que combinan grandes conciertos gratuitos, comedia, literatura, rutas guiadas por la naturaleza y actividades culturales para toda la familia.<\/p>\n<p>Tanto si resides en el casco urbano como si disfrutas de unos d\u00edas de descanso en la costa o en nuestras pedan\u00edas, saca tu calendario, toma nota y apunta los mejores planes para exprimir cada jornada.<\/p>\n<h2 style=\"color: #333399; border-left: 4px solid #333399; padding-left: 8px; margin-top: 30px;\">\ud83c\udfa1 \u00a1Nueva Atracci\u00f3n! Noria Mirador Princess en el Paseo del Puerto<\/h2>\n<p>\u00a1Ya est\u00e1 en funcionamiento la Noria Mirador Princess en el Paseo del Puerto de Mazarr\u00f3n! Disfruta de una experiencia \u00fanica desde las alturas en la noria m\u00e1s grande instalada hasta la fecha en la Regi\u00f3n de Murcia. Con sus 45 metros de altura, cabinas climatizadas con capacidad para 8 personas e impresionantes vistas panor\u00e1micas de 360\u00b0, se convierte en el plan imprescindible de este verano. Adem\u00e1s, est\u00e1 totalmente adaptada para personas con movilidad reducida.<\/p>\n<div style=\"background-color: #fdf6e2; border: 1px solid #f3d996; border-radius: 8px; padding: 20px; margin: 20px 0; font-family: sans-serif;\">\n<h3 style=\"margin-top: 0; color: #7d5a00; font-size: 18px;\">\ud83d\udccb Detalles de la Atracci\u00f3n<\/h3>\n<ul style=\"color: #4e4222; font-size: 14px; line-height: 1.6; padding-left: 20px;\">\n<li><strong>Ubicaci\u00f3n:<\/strong> Paseo del Puerto de Mazarr\u00f3n.<\/li>\n<li><strong>Disponibilidad:<\/strong> Desde julio hasta el mes de octubre de 2026.<\/li>\n<\/ul>\n<p style=\"margin-bottom: 5px; font-weight: bold; color: #7d5a00;\">\u23f0 Horarios de Apertura:<\/p>\n<ul style=\"color: #4e4222; font-size: 14px; line-height: 1.6; padding-left: 20px; margin-top: 0;\">\n<li><strong>De Lunes a Viernes:<\/strong> 11:00 h a 14:00 h y de 18:00 h a 00:00 h.<\/li>\n<li><strong>S\u00e1bados, Domingos y Festivos:<\/strong> 11:00 h a 01:00 h.<\/li>\n<\/ul>\n<p style=\"margin-top: 10px; font-size: 13.5px; color: #7d5a00; font-style: italic;\">\u26a0\ufe0f Importante: Es una atracci\u00f3n gestionada por una empresa privada. Los precios de los tiques se consultan directamente en la taquilla del recinto.<\/p>\n<\/div>\n<h2 style=\"color: #333399; border-left: 4px solid #333399; padding-left: 8px; margin-top: 30px;\">\ud83c\udfd5\ufe0f Convivencia \u00abAventura 24 Horas 2026\u00bb para Ni\u00f1os y Ni\u00f1as<\/h2>\n<p>El Ayuntamiento de Mazarr\u00f3n, a trav\u00e9s de la Concejal\u00eda de Igualdad, organiza una nueva edici\u00f3n de esta gran actividad gratuita pensada para que menores en edad escolar disfruten de una experiencia \u00fanica de naturaleza, diversi\u00f3n y convivencia.<\/p>\n<div style=\"background-color: #f0fdf4; border: 1px solid #bbf7d0; border-radius: 8px; padding: 20px; margin: 20px 0; font-family: sans-serif;\">\n<h3 style=\"margin-top: 0; color: #16a34a; font-size: 18px;\">\ud83d\udccb Informaci\u00f3n de la Campa\u00f1a<\/h3>\n<ul style=\"color: #444; font-size: 14px; line-height: 1.6; padding-left: 20px;\">\n<li><strong>Fechas:<\/strong> Mi\u00e9rcoles 29 y jueves 30 de julio de 2026.<\/li>\n<li><strong>Lugar:<\/strong> Albergue Puntas de Calnegre.<\/li>\n<li><strong>Plazas:<\/strong> 35 plazas disponibles para escolares de Primaria empadronados y\/o escolarizados en Mazarr\u00f3n.<\/li>\n<li><strong>Inscripciones:<\/strong> Abiertas en el Registro de Entrada del Ayuntamiento, Oficina de Puerto de Mazarr\u00f3n o por la Sede Electr\u00f3nica (hasta completar plazas).<\/li>\n<li><strong>M\u00e1s informaci\u00f3n y dudas:<\/strong> igualdad@mazarron.es | Tel\u00e9fono: 682 043 318<\/li>\n<\/ul>\n<\/div>\n<h2 style=\"color: #333399; border-left: 4px solid #333399; padding-left: 8px; margin-top: 30px;\">\ud83c\udfb5 Mares de Papel 2026: Concierto Tributo \u00abVoces Eternas &#8211; Homenaje a Julio Iglesias\u00bb<\/h2>\n<p>La m\u00fasica vuelve a resonar en las noches estivales. Este mi\u00e9rcoles llega un espectacular tributo con las canciones m\u00e1s emblem\u00e1ticas que han marcado a varias generaciones.<\/p>\n<div style=\"background-color: #f0f4f8; border: 1px solid #d9e2ec; border-radius: 8px; padding: 20px; margin: 20px 0; font-family: sans-serif;\">\n<h3 style=\"margin-top: 0; color: #102a43; font-size: 18px;\">\ud83d\udccb Informaci\u00f3n del Concierto<\/h3>\n<ul style=\"color: #334e68; font-size: 14px; line-height: 1.6; padding-left: 20px;\">\n<li><strong>Fecha:<\/strong> Mi\u00e9rcoles 29 de julio de 2026.<\/li>\n<li><strong>Lugar:<\/strong> Complejo Deportivo de Mazarr\u00f3n.<\/li>\n<li><strong>Horario:<\/strong> Apertura de puertas a las 21:00 h | Inicio a las 22:00 h.<\/li>\n<li><strong>Entrada:<\/strong> Completamente GRATUITA hasta completar aforo.<\/li>\n<\/ul>\n<\/div>\n<h2 style=\"color: #333399; border-left: 4px solid #333399; padding-left: 8px; margin-top: 30px;\">\ud83e\udd23 Noche de Humor: Goyo Jim\u00e9nez presenta \u00abAm\u00e9rica Forever\u00bb<\/h2>\n<p>\u00a1Prep\u00e1rate para una noche de carcajadas sin fin! Uno de los c\u00f3micos m\u00e1s destacados de nuestro pa\u00eds aterriza dentro del Festival Mares de Papel 2026 con su exitoso show *\u00bbAm\u00e9rica Forever (The Final Refrito)\u00bb*.<\/p>\n<div style=\"background-color: #f1f8ff; border: 1px solid #c8e1ff; border-radius: 8px; padding: 20px; margin: 20px 0; font-family: sans-serif;\">\n<h3 style=\"margin-top: 0; color: #0366d6; font-size: 18px;\">\ud83d\udccb Detalles del Espect\u00e1culo<\/h3>\n<ul style=\"color: #444; font-size: 14px; line-height: 1.6; padding-left: 20px;\">\n<li><strong>Fecha:<\/strong> Jueves 30 de julio de 2026.<\/li>\n<li><strong>Lugar:<\/strong> Complejo Deportivo de Mazarr\u00f3n.<\/li>\n<li><strong>Horario:<\/strong> Apertura de puertas a las 21:00 h | Inicio a las 22:00 h.<\/li>\n<li><strong>Venta de entradas:<\/strong> Disponibles online en <a href=\"https:\/\/www.compralaentrada.es\" target=\"_blank\" rel=\"noopener\">www.compralaentrada.es<\/a> y en la web del festival.<\/li>\n<\/ul>\n<div style=\"background-color: #f0f7ff; border-left: 5px solid #0066cc; border-radius: 6px; padding: 18px 22px; margin: 25px 0; font-family: system-ui, -apple-system, sans-serif;\">\n<p style=\"margin: 0; font-size: 16px; color: #1e293b; line-height: 1.5;\">\ud83c\udfad <strong>\u00a1Evento destacado de la semana!<\/strong> No te pierdas el espect\u00e1culo de humor de <a style=\"color: #0066cc; font-weight: bold; text-decoration: underline;\" href=\"https:\/\/mazarrononline.com\/en\/eventos\/goyo-jimenez-mazarron-2026\/\" target=\"_blank\" rel=\"noopener\">Goyo Jim\u00e9nez en Mazarr\u00f3n: Am\u00e9rica Forever<\/a>. Revisa todos los detalles, horarios y d\u00f3nde comprar las entradas.<\/p>\n<\/div>\n<\/div>\n<h2 style=\"color: #333399; border-left: 4px solid #333399; padding-left: 8px; margin-top: 30px;\">\ud83d\udcd6 Literatura y Premios: Conferencia de Eloy Tiz\u00f3n y XLII Concurso de Cuentos<\/h2>\n<p>La gran cita con las letras del verano mazarronero re\u00fane la conferencia magistral del reconocido escritor Eloy Tiz\u00f3n y el acto oficial de entrega de galardones del prestigioso Concurso de Cuentos \u00abVilla de Mazarr\u00f3n \u2013 Antonio Segado del Olmo\u00bb.<\/p>\n<div style=\"background-color: #f7f4fa; border: 1px solid #ebdff5; border-radius: 8px; padding: 20px; margin: 20px 0; font-family: sans-serif;\">\n<h3 style=\"margin-top: 0; color: #5b21b6; font-size: 18px;\">\ud83d\udccb Datos del Evento Cultural<\/h3>\n<ul style=\"color: #4c1d95; font-size: 14px; line-height: 1.6; padding-left: 20px;\">\n<li><strong>Fecha:<\/strong> Viernes 31 de julio de 2026.<\/li>\n<li><strong>Hora:<\/strong> 22:00 h.<\/li>\n<li><strong>Lugar:<\/strong> Ramada Resort \u2013 Puerto de Mazarr\u00f3n.<\/li>\n<li><strong>Entrada:<\/strong> Gratuita hasta completar aforo.<\/li>\n<\/ul>\n<\/div>\n<h2 style=\"color: #333399; border-left: 4px solid #333399; padding-left: 8px; margin-top: 30px;\">\ud83e\udd7e Visitas Guiadas y Rutas de Senderismo Gratuitas<\/h2>\n<p>\u00a1Descubre Mazarr\u00f3n este verano de la mano de gu\u00edas oficiales! La concejal\u00eda de Turismo ofrece una estupenda programaci\u00f3n de rutas culturales e itinerarios por la naturaleza.<\/p>\n<div style=\"background-color: #f2f9f2; border: 1px solid #ccebcd; border-radius: 8px; padding: 20px; margin: 20px 0; font-family: sans-serif;\">\n<h3 style=\"margin-top: 0; color: #1e5a22; font-size: 18px;\">\ud83d\udcc6 Rutas Disponibles Esta Semana (Inscripciones Abiertas)<\/h3>\n<ul style=\"color: #2b4c2e; font-size: 14px; line-height: 1.7; padding-left: 20px;\">\n<li><strong>Martes 28 de julio:<\/strong> Visita Guiada: Minas de Mazarr\u00f3n.<\/li>\n<li><strong>Mi\u00e9rcoles 29 de julio:<\/strong> Ruta Nocturna de Luna Llena en las Calas de Bolnuevo.<\/li>\n<li><strong>Jueves 30 de julio (18:30 h):<\/strong> Visita Cultural Guiada por el Casco Hist\u00f3rico de Mazarr\u00f3n. <a style=\"color: #1e5a22; font-weight: bold;\" href=\"https:\/\/www.turismoregiondemurcia.es\" target=\"_blank\" rel=\"noopener\">Link Inscripci\u00f3n<\/a><\/li>\n<li><strong>Viernes 31 de julio (18:00 h):<\/strong> Ruta Senderismo: Subida al Collado de las V\u00edboras (Vistas panor\u00e1micas espectaculares). <a style=\"color: #1e5a22; font-weight: bold;\" href=\"https:\/\/www.turismoregiondemurcia.es\" target=\"_blank\" rel=\"noopener\">Link Inscripci\u00f3n<\/a><\/li>\n<\/ul>\n<p style=\"margin-top: 10px; font-size: 13.5px; color: #2b4c2e; font-style: italic;\">\u26a0\ufe0f Nota: Todas las actividades son gratuitas pero la inscripci\u00f3n es obligatoria a trav\u00e9s de la web oficial de Turismo de la Regi\u00f3n de Murcia.<\/p>\n<\/div>\n<div style=\"background-color: #fff1f2; border-left: 5px solid #f43f5e; border-radius: 4px; padding: 15px; margin: 20px 0; font-family: sans-serif;\">\n<p style=\"margin: 0; color: #9f1239; font-size: 14.5px; font-weight: bold;\">\u26a0\ufe0f AVISO APLAZAMIENTO TEATRO INFANTIL: Se informa de que el musical infantil \u00abEl Libro de la Selva: La Aventura de Mowgli\u00bb (previsto inicialmente para el 26 de julio) queda aplazado oficialmente al <u>domingo 30 de agosto de 2026<\/u> a las 22:00 h en el Complejo Deportivo por motivos de salud de uno de los actores principales.<\/p>\n<\/div>\n<h2 style=\"color: #333399; border-left: 4px solid #333399; padding-left: 8px; margin-top: 30px;\">\ud83c\udf9f\ufe0f Entradas Anticipadas y Pr\u00f3ximos Conciertos de Mares de Papel<\/h2>\n<p>Asegura tu entrada para los principales shows de pago del festival antes de que se agoten las localidades.<\/p>\n<div style=\"background-color: #f1f8ff; border: 1px solid #c8e1ff; border-radius: 8px; padding: 20px; margin: 25px 0; font-family: sans-serif;\">\n<p style=\"color: #444; font-size: 14.5px; line-height: 1.6; margin-top: 0;\"><strong>Puntos de Venta Oficiales:<\/strong><\/p>\n<ul style=\"color: #444; font-size: 14px; line-height: 1.6; padding-left: 20px;\">\n<li><strong>Venta Online 24h:<\/strong> En la web oficial <a href=\"https:\/\/www.maresdepapel.es\" target=\"_blank\" rel=\"noopener\">www.maresdepapel.es<\/a><\/li>\n<li><strong>Taquilla F\u00edsica:<\/strong> Plaza Toneleros (Martes a s\u00e1bado de 10:00 h a 13:00 h y de 17:00 h a 20:00 h).<\/li>\n<\/ul>\n<p style=\"margin-bottom: 5px; font-weight: bold; color: #0366d6;\">\ud83d\udcc5 Espect\u00e1culos destacados en cartelera:<\/p>\n<table style=\"width: 100%; border-collapse: collapse; font-size: 13.5px; margin-top: 10px; color: #444;\">\n<thead>\n<tr style=\"background-color: #0366d6; color: white; text-align: left;\">\n<th style=\"padding: 8px;\">Fecha<\/th>\n<th style=\"padding: 8px;\">Espect\u00e1culo \/ Artista<\/th>\n<\/tr>\n<\/thead>\n<tbody>\n<tr style=\"border-bottom: 1px solid #eee;\">\n<td style=\"padding: 8px;\"><strong>30\/07<\/strong><\/td>\n<td style=\"padding: 8px;\">Goyo Jim\u00e9nez &#8211; \u00abAm\u00e9rica Forever\u00bb (Humor)<\/td>\n<\/tr>\n<tr style=\"border-bottom: 1px solid #eee;\">\n<td style=\"padding: 8px;\"><strong>31\/07<\/strong><\/td>\n<td style=\"padding: 8px;\">Mazarock (Mago de Oz, Medina Azahara, Bar\u00f3n Rojo, Ob\u00fas&#8230;)<\/td>\n<\/tr>\n<tr style=\"border-bottom: 1px solid #eee;\">\n<td style=\"padding: 8px;\"><strong>01\/08<\/strong><\/td>\n<td style=\"padding: 8px;\">Duncan Dhu &#8211; Gira 40 Aniversario<\/td>\n<\/tr>\n<\/tbody>\n<\/table>\n<\/div>\n<h2 style=\"color: #333399; border-left: 4px solid #333399; padding-left: 8px; margin-top: 30px;\">\ud83c\udfac Noches de Pel\u00edcula: Cine en Mazarr\u00f3n este Verano<\/h2>\n<p>Disfruta de las mejores proyecciones cinematogr\u00e1ficas tanto en sala como al aire libre sobre la arena de la playa:<\/p>\n<div style=\"background-color: #f7f4fa; border: 1px solid #ebdff5; border-radius: 8px; padding: 20px; margin: 20px 0; font-family: sans-serif;\">\n<h3 style=\"margin-top: 0; color: #5b21b6; font-size: 18px;\">\ud83c\udf7f Opci\u00f3n 1: Cine Bah\u00eda Puerto de Mazarr\u00f3n<\/h3>\n<p style=\"color: #4c1d95; font-size: 14.5px; line-height: 1.6;\">Consulta toda la programaci\u00f3n de estrenos, pel\u00edculas familiares y los horarios de la sala tradicional del municipio para huir del calor en la mejor compa\u00f1\u00eda.<\/p>\n<div style=\"text-align: left; margin-bottom: 20px;\"><a style=\"display: inline-block; background-color: #6d28d9; color: #ffffff; font-weight: bold; font-size: 13px; padding: 8px 15px; text-decoration: none; border-radius: 4px;\" href=\"https:\/\/mazarrononline.com\/en\/cartelera-cine-bahia-julio\/\">\ud83c\udfac Consultar Cartelera del Cine Bah\u00eda<\/a><\/div>\n<h3 style=\"margin-top: 10px; color: #5b21b6; font-size: 18px;\">\ud83c\udf0a Opci\u00f3n 2: Cine de Verano Gratuito en Playa de La Isla<\/h3>\n<p style=\"color: #4c1d95; font-size: 14.5px; line-height: 1.6;\">Nada supera la experiencia de ver una pel\u00edcula por la noche con la brisa marina. Tr\u00e1ete tu toalla o silla de playa y disfruta de las proyecciones para toda la familia.<\/p>\n<div style=\"text-align: left;\"><a style=\"display: inline-block; background-color: #6d28d9; color: #ffffff; font-weight: bold; font-size: 13px; padding: 8px 15px; text-decoration: none; border-radius: 4px;\" href=\"https:\/\/mazarrononline.com\/en\/cine-de-verano-playa-de-la-isla-mazarron\/\">\ud83c\udfd6\ufe0f Ver Programaci\u00f3n del Cine en la Playa<\/a><\/div>\n<\/div>\n<h2 style=\"color: #333399; border-left: 4px solid #333399; padding-left: 8px; margin-top: 30px;\">\ud83c\udfd6\ufe0f Deporte en la Playa: Zumba, Aer\u00f3bic y Yoga Gratuitos<\/h2>\n<p>Cuida tu salud y ponte en forma gratis frente al mar. Actividades dirigidas diarias para todas las edades de lunes a viernes.<\/p>\n<div style=\"background-color: #f0fdf4; border: 1px solid #bbf7d0; border-radius: 8px; padding: 20px; margin: 20px 0; font-family: sans-serif;\">\n<h3 style=\"margin-top: 0; color: #16a34a; font-size: 18px;\">\ud83d\udccb Horarios y Puntos de Encuentro<\/h3>\n<ul style=\"color: #444; font-size: 14px; line-height: 1.6; padding-left: 20px;\">\n<li><strong>Playa del Puerto:<\/strong> 10:00 h y 19:00 h.<\/li>\n<li><strong>Playa de La Reya (junto al Chiringuito):<\/strong> 11:15 h y 20:15 h.<\/li>\n<li><strong>Playa de La Reya (junto a Hotel Bah\u00eda):<\/strong> 09:00 h.<\/li>\n<\/ul>\n<\/div>\n<h2 style=\"color: #333399; border-left: 4px solid #333399; padding-left: 8px; margin-top: 30px;\">\ud83c\udffa Descubre las Lucernas en el Museo Arqueol\u00f3gico Factor\u00eda Romana de Salazones<\/h2>\n<p>\u00bfConoces c\u00f3mo se iluminaban nuestros antepasados? Visita el Museo Arqueol\u00f3gico Municipal \u2013 Factor\u00eda Romana de Salazones y admira su genial colecci\u00f3n de lucernas romanas, peque\u00f1as l\u00e1mparas de aceite cargadas de historia.<\/p>\n<div style=\"background-color: #f9f9f9; border: 1px solid #e1e1e1; border-radius: 8px; padding: 20px; margin: 20px 0; font-family: sans-serif;\">\n<h3 style=\"margin-top: 0; color: #cc3333; font-size: 18px;\">\ud83d\udccd Horario de Visitas<\/h3>\n<ul style=\"color: #444; font-size: 14px; line-height: 1.6; padding-left: 20px;\">\n<li><strong>Martes a S\u00e1bado:<\/strong> De 09:00 a 14:00 h y de 17:00 a 20:00 h.<\/li>\n<li><strong>Domingos:<\/strong> De 09:00 a 14:00 h.<\/li>\n<\/ul>\n<\/div>\n<h2 style=\"color: #333399; border-left: 4px solid #333399; padding-left: 8px; margin-top: 30px;\">\ud83c\udfa8 Exposici\u00f3n \u2013 Mares de Colores: \u00abRock Museum: El Pirata\u00bb<\/h2>\n<p>Sigue abierta en el Casino de Mazarr\u00f3n esta magn\u00edfica exposici\u00f3n sobre la historia del rock conducida por la iconograf\u00eda de \u00abEl Pirata\u00bb.<\/p>\n<ul>\n<li><strong>Fechas:<\/strong> Abierta durante todo julio y agosto de 2026.<\/li>\n<li><strong>Ubicaci\u00f3n:<\/strong> Casino de Mazarr\u00f3n.<\/li>\n<li><strong>Entrada:<\/strong> Gratuita.<\/li>\n<\/ul>\n<h2 style=\"color: #333399; border-left: 4px solid #333399; padding-left: 8px; margin-top: 30px;\">\ud83c\udfd6\ufe0f Refresca tu Verano: Piscina Municipal de Mazarr\u00f3n<\/h2>\n<p>Aprovecha las tardes estivales con el ba\u00f1o libre en las instalaciones deportivas municipales.<\/p>\n<div style=\"background-color: #f0f8ff; border: 1px solid #afeeee; border-radius: 8px; padding: 20px; margin: 20px 0; font-family: sans-serif;\">\n<ul style=\"color: #444; font-size: 14px; margin-top: 0; line-height: 1.5;\">\n<li><strong>D\u00edas:<\/strong> De lunes a s\u00e1bado (16:00 h a 21:00 h).<\/li>\n<li><strong>Entrada individual:<\/strong> 2 \u20ac | <strong>Bono 10 accesos:<\/strong> 18 \u20ac.<\/li>\n<\/ul>\n<div style=\"text-align: left; margin-top: 10px;\"><a style=\"display: inline-block; background-color: #008b8b; color: #ffffff; font-weight: bold; font-size: 13.5px; padding: 8px 15px; text-decoration: none; border-radius: 4px;\" href=\"https:\/\/mazarrononline.com\/en\/piscina-municipal-mazarron\/\">\ud83d\udc49 Gu\u00eda de la Piscina Municipal<\/a><\/div>\n<\/div>\n<h2 style=\"color: #333399; border-left: 4px solid #333399; padding-left: 8px; margin-top: 30px;\">\ud83d\udcc5 Pr\u00f3ximos Eventos Destacados en Mazarr\u00f3n<\/h2>\n<p>\u00a1Ve apuntando las citas se\u00f1aladas de las pr\u00f3ximas semanas en Mazarr\u00f3n!<\/p>\n<div style=\"background-color: #fff9db; border: 1px solid #ffe066; border-left: 5px solid #fcc419; border-radius: 8px; padding: 20px; margin: 20px 0; font-family: sans-serif;\">\n<h3 style=\"margin-top: 0; color: #925410; font-size: 18px; font-weight: bold;\">\ud83d\udcfb Concierto Especial: \u00abLos 50 Mejores A\u00f1os de Nuestra Vida\u00bb<\/h3>\n<p style=\"color: #495057; font-size: 14px; line-height: 1.6;\">El pr\u00f3ximo <strong>10 de agosto (desde las 19:00 h)<\/strong> la Plaza de Toneleros acoger\u00e1 una gran fiesta musical para celebrar los 50 a\u00f1os de Radio Costa C\u00e1lida y los 25 a\u00f1os de Qu\u00e9 Arte Radio. \u00a1M\u00fasica en vivo y ambiente festivo asegurado!<\/p>\n<\/div>\n<h2>Preguntas Frecuentes sobre la agenda en Mazarr\u00f3n (FAQ)<\/h2>\n<h3 style=\"color: #444; font-size: 16px; margin-top: 20px;\">\u00bfQu\u00e9 precio tienen los conciertos y actividades gratuitas en Mazarr\u00f3n?<\/h3>\n<p>Eventos como el homenaje a Julio Iglesias, las visitas guiadas oficiales o la conferencia literaria son 100% <strong>gratuitos<\/strong>. Para las rutas guiadas es imprescindible reservar plaza previamente en la web de Turismo.<\/p>\n<div style=\"background-color: #fff9db; border: 1px solid #ffe066; border-left: 5px solid #fcc419; border-radius: 8px; padding: 22px; margin: 25px 0; font-family: sans-serif;\">\n<h3 style=\"margin-top: 0; color: #925410; font-size: 19px; font-weight: bold;\">\ud83d\udcc5 \u00bfQuieres ver la agenda completa actualizada?<\/h3>\n<p style=\"color: #495057; font-size: 14.5px; line-height: 1.6; margin-bottom: 15px;\">Descubre todos los planes culturales, deportivos y festivos que Mazarr\u00f3n ofrece a lo largo de todo el a\u00f1o.<\/p>\n<div style=\"text-align: left;\"><a style=\"display: inline-block; background-color: #f59f00; color: #ffffff; font-weight: bold; font-size: 14px; padding: 12px 22px; text-decoration: none; border-radius: 4px; box-shadow: 0 2px 4px rgba(0,0,0,0.1);\" href=\"https:\/\/mazarrononline.com\/en\/agenda-mazarron\/\" target=\"_blank\" rel=\"noopener\">\ud83d\udc49 Ver la Agenda Completa de Mazarr\u00f3n<\/a><\/div>\n<\/div>\n<h2><span style=\"color: #333399;\">Conclusi\u00f3n<\/span><\/h2>\n<p>La <strong>agenda en Mazarr\u00f3n<\/strong> para esta semana del 27 de julio al 2 de agosto demuestra la gran riqueza de actividades que ofrece nuestro municipio durante la temporada estival. Desde re\u00edr a carcajadas con Goyo Jim\u00e9nez, revivir la historia en las minas y museos, hasta disfrutar del mejor senderismo al atardecer o la brisa marina sobre la noria gigantesca. \u00a1Planifica tu semana y disfruta al m\u00e1ximo de Mazarr\u00f3n!<\/p>","protected":false},"excerpt":{"rendered":"<p>\u00a1La quinta semana de julio llega repleta de actividades ideales para exprimir el periodo estival en nuestro municipio! Si te est\u00e1s preguntando qu\u00e9 hacer durante estos d\u00edas, la agenda en [&hellip;]<\/p>\n","protected":false},"author":1,"featured_media":4409,"comment_status":"open","ping_status":"open","sticky":false,"template":"","format":"standard","meta":{"footnotes":""},"categories":[87],"tags":[],"class_list":["post-4403","post","type-post","status-publish","format-standard","has-post-thumbnail","hentry","category-agenda"],"blocksy_meta":[],"yoast_head":"<!-- This site is optimized with the Yoast SEO plugin v28.4 - https:\/\/yoast.com\/product\/yoast-seo-wordpress\/ -->\n<title>Qu\u00e9 hacer en Mazarr\u00f3n esta semana (27 julio - 2 agosto 2026) | Agenda<\/title>\n<meta name=\"description\" content=\"Descubre los mejores planes en Mazarr\u00f3n del 27 de julio al 2 de agosto: conciertos gratis, humor con Goyo Jim\u00e9nez, rutas guiadas y ocio. \u00a1Planifica tu semana!\" \/>\n<meta name=\"robots\" content=\"index, follow, max-snippet:-1, max-image-preview:large, max-video-preview:-1\" \/>\n<link rel=\"canonical\" href=\"https:\/\/mazarrononline.com\/en\/agenda-en-mazarron-del-27-de-julio-al-1-de-agosto\/\" \/>\n<meta property=\"og:locale\" content=\"en_GB\" \/>\n<meta property=\"og:type\" content=\"article\" \/>\n<meta property=\"og:title\" content=\"Qu\u00e9 hacer en Mazarr\u00f3n esta semana (27 julio - 2 agosto 2026) | Agenda\" \/>\n<meta property=\"og:description\" content=\"Descubre los mejores planes en Mazarr\u00f3n del 27 de julio al 2 de agosto: conciertos gratis, humor con Goyo Jim\u00e9nez, rutas guiadas y ocio. \u00a1Planifica tu semana!\" \/>\n<meta property=\"og:url\" content=\"https:\/\/mazarrononline.com\/en\/agenda-en-mazarron-del-27-de-julio-al-1-de-agosto\/\" \/>\n<meta property=\"og:site_name\" content=\"Mazarron Online\" \/>\n<meta property=\"article:published_time\" content=\"2026-07-27T15:31:27+00:00\" \/>\n<meta property=\"og:image\" content=\"https:\/\/mazarrononline.com\/wp-content\/uploads\/2026\/07\/agenda-en-mazarron-del-27-de-julio-al-1-de-agosto-1024x683.png\" \/>\n\t<meta property=\"og:image:width\" content=\"1024\" \/>\n\t<meta property=\"og:image:height\" content=\"683\" \/>\n\t<meta property=\"og:image:type\" content=\"image\/png\" \/>\n<meta name=\"author\" content=\"Leyre\" \/>\n<meta name=\"twitter:card\" content=\"summary_large_image\" \/>\n<meta name=\"twitter:label1\" content=\"Written by\" \/>\n\t<meta name=\"twitter:data1\" content=\"Leyre\" \/>\n\t<meta name=\"twitter:label2\" content=\"Estimated reading time\" \/>\n\t<meta name=\"twitter:data2\" content=\"7 minutes\" \/>\n<script type=\"application\/ld+json\" class=\"yoast-schema-graph\">{\"@context\":\"https:\\\/\\\/schema.org\",\"@graph\":[{\"@type\":\"Article\",\"@id\":\"https:\\\/\\\/mazarrononline.com\\\/agenda-en-mazarron-del-27-de-julio-al-1-de-agosto\\\/#article\",\"isPartOf\":{\"@id\":\"https:\\\/\\\/mazarrononline.com\\\/agenda-en-mazarron-del-27-de-julio-al-1-de-agosto\\\/\"},\"author\":{\"name\":\"Leyre\",\"@id\":\"https:\\\/\\\/mazarrononline.com\\\/#\\\/schema\\\/person\\\/d9631cc872d8c011f835a190d882e76d\"},\"headline\":\"Qu\u00e9 hacer en Mazarr\u00f3n esta semana (27 julio &#8211; 2 agosto 2026) | Agenda\",\"datePublished\":\"2026-07-27T15:31:27+00:00\",\"mainEntityOfPage\":{\"@id\":\"https:\\\/\\\/mazarrononline.com\\\/agenda-en-mazarron-del-27-de-julio-al-1-de-agosto\\\/\"},\"wordCount\":1515,\"commentCount\":0,\"publisher\":{\"@id\":\"https:\\\/\\\/mazarrononline.com\\\/#organization\"},\"image\":{\"@id\":\"https:\\\/\\\/mazarrononline.com\\\/agenda-en-mazarron-del-27-de-julio-al-1-de-agosto\\\/#primaryimage\"},\"thumbnailUrl\":\"https:\\\/\\\/mazarrononline.com\\\/wp-content\\\/uploads\\\/2026\\\/07\\\/agenda-en-mazarron-del-27-de-julio-al-1-de-agosto.png\",\"articleSection\":[\"Agenda\"],\"inLanguage\":\"en-GB\",\"potentialAction\":[{\"@type\":\"CommentAction\",\"name\":\"Comment\",\"target\":[\"https:\\\/\\\/mazarrononline.com\\\/agenda-en-mazarron-del-27-de-julio-al-1-de-agosto\\\/#respond\"]}]},{\"@type\":\"WebPage\",\"@id\":\"https:\\\/\\\/mazarrononline.com\\\/agenda-en-mazarron-del-27-de-julio-al-1-de-agosto\\\/\",\"url\":\"https:\\\/\\\/mazarrononline.com\\\/agenda-en-mazarron-del-27-de-julio-al-1-de-agosto\\\/\",\"name\":\"Qu\u00e9 hacer en Mazarr\u00f3n esta semana (27 julio - 2 agosto 2026) | Agenda\",\"isPartOf\":{\"@id\":\"https:\\\/\\\/mazarrononline.com\\\/#website\"},\"primaryImageOfPage\":{\"@id\":\"https:\\\/\\\/mazarrononline.com\\\/agenda-en-mazarron-del-27-de-julio-al-1-de-agosto\\\/#primaryimage\"},\"image\":{\"@id\":\"https:\\\/\\\/mazarrononline.com\\\/agenda-en-mazarron-del-27-de-julio-al-1-de-agosto\\\/#primaryimage\"},\"thumbnailUrl\":\"https:\\\/\\\/mazarrononline.com\\\/wp-content\\\/uploads\\\/2026\\\/07\\\/agenda-en-mazarron-del-27-de-julio-al-1-de-agosto.png\",\"datePublished\":\"2026-07-27T15:31:27+00:00\",\"description\":\"Descubre los mejores planes en Mazarr\u00f3n del 27 de julio al 2 de agosto: conciertos gratis, humor con Goyo Jim\u00e9nez, rutas guiadas y ocio. \u00a1Planifica tu semana!\",\"breadcrumb\":{\"@id\":\"https:\\\/\\\/mazarrononline.com\\\/agenda-en-mazarron-del-27-de-julio-al-1-de-agosto\\\/#breadcrumb\"},\"inLanguage\":\"en-GB\",\"potentialAction\":[{\"@type\":\"ReadAction\",\"target\":[\"https:\\\/\\\/mazarrononline.com\\\/agenda-en-mazarron-del-27-de-julio-al-1-de-agosto\\\/\"]}]},{\"@type\":\"ImageObject\",\"inLanguage\":\"en-GB\",\"@id\":\"https:\\\/\\\/mazarrononline.com\\\/agenda-en-mazarron-del-27-de-julio-al-1-de-agosto\\\/#primaryimage\",\"url\":\"https:\\\/\\\/mazarrononline.com\\\/wp-content\\\/uploads\\\/2026\\\/07\\\/agenda-en-mazarron-del-27-de-julio-al-1-de-agosto.png\",\"contentUrl\":\"https:\\\/\\\/mazarrononline.com\\\/wp-content\\\/uploads\\\/2026\\\/07\\\/agenda-en-mazarron-del-27-de-julio-al-1-de-agosto.png\",\"width\":1536,\"height\":1024,\"caption\":\"agenda-en-mazarron-del-27-de-julio-al-1-de-agosto\"},{\"@type\":\"BreadcrumbList\",\"@id\":\"https:\\\/\\\/mazarrononline.com\\\/agenda-en-mazarron-del-27-de-julio-al-1-de-agosto\\\/#breadcrumb\",\"itemListElement\":[{\"@type\":\"ListItem\",\"position\":1,\"name\":\"Portada\",\"item\":\"https:\\\/\\\/mazarrononline.com\\\/\"},{\"@type\":\"ListItem\",\"position\":2,\"name\":\"Qu\u00e9 hacer en Mazarr\u00f3n esta semana (27 julio &#8211; 2 agosto 2026) | Agenda\"}]},{\"@type\":\"WebSite\",\"@id\":\"https:\\\/\\\/mazarrononline.com\\\/#website\",\"url\":\"https:\\\/\\\/mazarrononline.com\\\/\",\"name\":\"Mazarron Online\",\"description\":\"\",\"publisher\":{\"@id\":\"https:\\\/\\\/mazarrononline.com\\\/#organization\"},\"potentialAction\":[{\"@type\":\"SearchAction\",\"target\":{\"@type\":\"EntryPoint\",\"urlTemplate\":\"https:\\\/\\\/mazarrononline.com\\\/?s={search_term_string}\"},\"query-input\":{\"@type\":\"PropertyValueSpecification\",\"valueRequired\":true,\"valueName\":\"search_term_string\"}}],\"inLanguage\":\"en-GB\"},{\"@type\":\"Organization\",\"@id\":\"https:\\\/\\\/mazarrononline.com\\\/#organization\",\"name\":\"Mazarron Online\",\"url\":\"https:\\\/\\\/mazarrononline.com\\\/\",\"logo\":{\"@type\":\"ImageObject\",\"inLanguage\":\"en-GB\",\"@id\":\"https:\\\/\\\/mazarrononline.com\\\/#\\\/schema\\\/logo\\\/image\\\/\",\"url\":\"https:\\\/\\\/mazarrononline.com\\\/wp-content\\\/uploads\\\/2026\\\/03\\\/mazarrononline.com_.png\",\"contentUrl\":\"https:\\\/\\\/mazarrononline.com\\\/wp-content\\\/uploads\\\/2026\\\/03\\\/mazarrononline.com_.png\",\"width\":891,\"height\":340,\"caption\":\"Mazarron Online\"},\"image\":{\"@id\":\"https:\\\/\\\/mazarrononline.com\\\/#\\\/schema\\\/logo\\\/image\\\/\"}},{\"@type\":\"Person\",\"@id\":\"https:\\\/\\\/mazarrononline.com\\\/#\\\/schema\\\/person\\\/d9631cc872d8c011f835a190d882e76d\",\"name\":\"Leyre\",\"image\":{\"@type\":\"ImageObject\",\"inLanguage\":\"en-GB\",\"@id\":\"https:\\\/\\\/secure.gravatar.com\\\/avatar\\\/3c782ce00e025f94599c550917c21e50e8a575481f274333674068bc26c1b3ff?s=96&d=mm&r=g\",\"url\":\"https:\\\/\\\/secure.gravatar.com\\\/avatar\\\/3c782ce00e025f94599c550917c21e50e8a575481f274333674068bc26c1b3ff?s=96&d=mm&r=g\",\"contentUrl\":\"https:\\\/\\\/secure.gravatar.com\\\/avatar\\\/3c782ce00e025f94599c550917c21e50e8a575481f274333674068bc26c1b3ff?s=96&d=mm&r=g\",\"caption\":\"Leyre\"},\"description\":\"Apasionada del periodismo de viajes y la cultura local, de Mazarr\u00f3n, donde recorro cada d\u00eda los rincones, playas y eventos. Estoy Especializada en gu\u00edas de turismo, ocio y gastronom\u00eda de Mazarr\u00f3n, comparto consejos pr\u00e1cticos y recomendaciones de primera mano para ayudar a vecinos y visitantes a disfrutar al m\u00e1ximo del municipio.\",\"sameAs\":[\"https:\\\/\\\/mazarrononline.com\"],\"url\":\"https:\\\/\\\/mazarrononline.com\\\/en\\\/author\\\/todalainformacionweb\\\/\"}]}<\/script>\n<!-- \/ Yoast SEO plugin. -->","yoast_head_json":{"title":"Qu\u00e9 hacer en Mazarr\u00f3n esta semana (27 julio - 2 agosto 2026) | Agenda","description":"Descubre los mejores planes en Mazarr\u00f3n del 27 de julio al 2 de agosto: conciertos gratis, humor con Goyo Jim\u00e9nez, rutas guiadas y ocio. \u00a1Planifica tu semana!","robots":{"index":"index","follow":"follow","max-snippet":"max-snippet:-1","max-image-preview":"max-image-preview:large","max-video-preview":"max-video-preview:-1"},"canonical":"https:\/\/mazarrononline.com\/en\/agenda-en-mazarron-del-27-de-julio-al-1-de-agosto\/","og_locale":"en_GB","og_type":"article","og_title":"Qu\u00e9 hacer en Mazarr\u00f3n esta semana (27 julio - 2 agosto 2026) | Agenda","og_description":"Descubre los mejores planes en Mazarr\u00f3n del 27 de julio al 2 de agosto: conciertos gratis, humor con Goyo Jim\u00e9nez, rutas guiadas y ocio. \u00a1Planifica tu semana!","og_url":"https:\/\/mazarrononline.com\/en\/agenda-en-mazarron-del-27-de-julio-al-1-de-agosto\/","og_site_name":"Mazarron Online","article_published_time":"2026-07-27T15:31:27+00:00","og_image":[{"width":1024,"height":683,"url":"https:\/\/mazarrononline.com\/wp-content\/uploads\/2026\/07\/agenda-en-mazarron-del-27-de-julio-al-1-de-agosto-1024x683.png","type":"image\/png"}],"author":"Leyre","twitter_card":"summary_large_image","twitter_misc":{"Written by":"Leyre","Estimated reading time":"7 minutes"},"schema":{"@context":"https:\/\/schema.org","@graph":[{"@type":"Article","@id":"https:\/\/mazarrononline.com\/agenda-en-mazarron-del-27-de-julio-al-1-de-agosto\/#article","isPartOf":{"@id":"https:\/\/mazarrononline.com\/agenda-en-mazarron-del-27-de-julio-al-1-de-agosto\/"},"author":{"name":"Leyre","@id":"https:\/\/mazarrononline.com\/#\/schema\/person\/d9631cc872d8c011f835a190d882e76d"},"headline":"Qu\u00e9 hacer en Mazarr\u00f3n esta semana (27 julio &#8211; 2 agosto 2026) | Agenda","datePublished":"2026-07-27T15:31:27+00:00","mainEntityOfPage":{"@id":"https:\/\/mazarrononline.com\/agenda-en-mazarron-del-27-de-julio-al-1-de-agosto\/"},"wordCount":1515,"commentCount":0,"publisher":{"@id":"https:\/\/mazarrononline.com\/#organization"},"image":{"@id":"https:\/\/mazarrononline.com\/agenda-en-mazarron-del-27-de-julio-al-1-de-agosto\/#primaryimage"},"thumbnailUrl":"https:\/\/mazarrononline.com\/wp-content\/uploads\/2026\/07\/agenda-en-mazarron-del-27-de-julio-al-1-de-agosto.png","articleSection":["Agenda"],"inLanguage":"en-GB","potentialAction":[{"@type":"CommentAction","name":"Comment","target":["https:\/\/mazarrononline.com\/agenda-en-mazarron-del-27-de-julio-al-1-de-agosto\/#respond"]}]},{"@type":"WebPage","@id":"https:\/\/mazarrononline.com\/agenda-en-mazarron-del-27-de-julio-al-1-de-agosto\/","url":"https:\/\/mazarrononline.com\/agenda-en-mazarron-del-27-de-julio-al-1-de-agosto\/","name":"Qu\u00e9 hacer en Mazarr\u00f3n esta semana (27 julio - 2 agosto 2026) | Agenda","isPartOf":{"@id":"https:\/\/mazarrononline.com\/#website"},"primaryImageOfPage":{"@id":"https:\/\/mazarrononline.com\/agenda-en-mazarron-del-27-de-julio-al-1-de-agosto\/#primaryimage"},"image":{"@id":"https:\/\/mazarrononline.com\/agenda-en-mazarron-del-27-de-julio-al-1-de-agosto\/#primaryimage"},"thumbnailUrl":"https:\/\/mazarrononline.com\/wp-content\/uploads\/2026\/07\/agenda-en-mazarron-del-27-de-julio-al-1-de-agosto.png","datePublished":"2026-07-27T15:31:27+00:00","description":"Descubre los mejores planes en Mazarr\u00f3n del 27 de julio al 2 de agosto: conciertos gratis, humor con Goyo Jim\u00e9nez, rutas guiadas y ocio. \u00a1Planifica tu semana!","breadcrumb":{"@id":"https:\/\/mazarrononline.com\/agenda-en-mazarron-del-27-de-julio-al-1-de-agosto\/#breadcrumb"},"inLanguage":"en-GB","potentialAction":[{"@type":"ReadAction","target":["https:\/\/mazarrononline.com\/agenda-en-mazarron-del-27-de-julio-al-1-de-agosto\/"]}]},{"@type":"ImageObject","inLanguage":"en-GB","@id":"https:\/\/mazarrononline.com\/agenda-en-mazarron-del-27-de-julio-al-1-de-agosto\/#primaryimage","url":"https:\/\/mazarrononline.com\/wp-content\/uploads\/2026\/07\/agenda-en-mazarron-del-27-de-julio-al-1-de-agosto.png","contentUrl":"https:\/\/mazarrononline.com\/wp-content\/uploads\/2026\/07\/agenda-en-mazarron-del-27-de-julio-al-1-de-agosto.png","width":1536,"height":1024,"caption":"agenda-en-mazarron-del-27-de-julio-al-1-de-agosto"},{"@type":"BreadcrumbList","@id":"https:\/\/mazarrononline.com\/agenda-en-mazarron-del-27-de-julio-al-1-de-agosto\/#breadcrumb","itemListElement":[{"@type":"ListItem","position":1,"name":"Portada","item":"https:\/\/mazarrononline.com\/"},{"@type":"ListItem","position":2,"name":"Qu\u00e9 hacer en Mazarr\u00f3n esta semana (27 julio &#8211; 2 agosto 2026) | Agenda"}]},{"@type":"WebSite","@id":"https:\/\/mazarrononline.com\/#website","url":"https:\/\/mazarrononline.com\/","name":"Mazarron Online","description":"","publisher":{"@id":"https:\/\/mazarrononline.com\/#organization"},"potentialAction":[{"@type":"SearchAction","target":{"@type":"EntryPoint","urlTemplate":"https:\/\/mazarrononline.com\/?s={search_term_string}"},"query-input":{"@type":"PropertyValueSpecification","valueRequired":true,"valueName":"search_term_string"}}],"inLanguage":"en-GB"},{"@type":"Organization","@id":"https:\/\/mazarrononline.com\/#organization","name":"Mazarron Online","url":"https:\/\/mazarrononline.com\/","logo":{"@type":"ImageObject","inLanguage":"en-GB","@id":"https:\/\/mazarrononline.com\/#\/schema\/logo\/image\/","url":"https:\/\/mazarrononline.com\/wp-content\/uploads\/2026\/03\/mazarrononline.com_.png","contentUrl":"https:\/\/mazarrononline.com\/wp-content\/uploads\/2026\/03\/mazarrononline.com_.png","width":891,"height":340,"caption":"Mazarron Online"},"image":{"@id":"https:\/\/mazarrononline.com\/#\/schema\/logo\/image\/"}},{"@type":"Person","@id":"https:\/\/mazarrononline.com\/#\/schema\/person\/d9631cc872d8c011f835a190d882e76d","name":"Leyre","image":{"@type":"ImageObject","inLanguage":"en-GB","@id":"https:\/\/secure.gravatar.com\/avatar\/3c782ce00e025f94599c550917c21e50e8a575481f274333674068bc26c1b3ff?s=96&d=mm&r=g","url":"https:\/\/secure.gravatar.com\/avatar\/3c782ce00e025f94599c550917c21e50e8a575481f274333674068bc26c1b3ff?s=96&d=mm&r=g","contentUrl":"https:\/\/secure.gravatar.com\/avatar\/3c782ce00e025f94599c550917c21e50e8a575481f274333674068bc26c1b3ff?s=96&d=mm&r=g","caption":"Leyre"},"description":"Apasionada del periodismo de viajes y la cultura local, de Mazarr\u00f3n, donde recorro cada d\u00eda los rincones, playas y eventos. Estoy Especializada en gu\u00edas de turismo, ocio y gastronom\u00eda de Mazarr\u00f3n, comparto consejos pr\u00e1cticos y recomendaciones de primera mano para ayudar a vecinos y visitantes a disfrutar al m\u00e1ximo del municipio.","sameAs":["https:\/\/mazarrononline.com"],"url":"https:\/\/mazarrononline.com\/en\/author\/todalainformacionweb\/"}]}},"_links":{"self":[{"href":"https:\/\/mazarrononline.com\/en\/wp-json\/wp\/v2\/posts\/4403","targetHints":{"allow":["GET"]}}],"collection":[{"href":"https:\/\/mazarrononline.com\/en\/wp-json\/wp\/v2\/posts"}],"about":[{"href":"https:\/\/mazarrononline.com\/en\/wp-json\/wp\/v2\/types\/post"}],"author":[{"embeddable":true,"href":"https:\/\/mazarrononline.com\/en\/wp-json\/wp\/v2\/users\/1"}],"replies":[{"embeddable":true,"href":"https:\/\/mazarrononline.com\/en\/wp-json\/wp\/v2\/comments?post=4403"}],"version-history":[{"count":2,"href":"https:\/\/mazarrononline.com\/en\/wp-json\/wp\/v2\/posts\/4403\/revisions"}],"predecessor-version":[{"id":4410,"href":"https:\/\/mazarrononline.com\/en\/wp-json\/wp\/v2\/posts\/4403\/revisions\/4410"}],"wp:featuredmedia":[{"embeddable":true,"href":"https:\/\/mazarrononline.com\/en\/wp-json\/wp\/v2\/media\/4409"}],"wp:attachment":[{"href":"https:\/\/mazarrononline.com\/en\/wp-json\/wp\/v2\/media?parent=4403"}],"wp:term":[{"taxonomy":"category","embeddable":true,"href":"https:\/\/mazarrononline.com\/en\/wp-json\/wp\/v2\/categories?post=4403"},{"taxonomy":"post_tag","embeddable":true,"href":"https:\/\/mazarrononline.com\/en\/wp-json\/wp\/v2\/tags?post=4403"}],"curies":[{"name":"wp","href":"https:\/\/api.w.org\/{rel}","templated":true}]}}