{"id":4357,"date":"2026-07-20T16:42:38","date_gmt":"2026-07-20T16:42:38","guid":{"rendered":"https:\/\/mazarrononline.com\/?p=4357"},"modified":"2026-07-20T16:42:38","modified_gmt":"2026-07-20T16:42:38","slug":"agenda-en-mazarron-20-al-26-de-julio-2026","status":"publish","type":"post","link":"https:\/\/mazarrononline.com\/en\/agenda-en-mazarron-20-al-26-de-julio-2026\/","title":{"rendered":"Agenda en Mazarr\u00f3n del 20 al 26 de julio de 2026: Qu\u00e9 hacer"},"content":{"rendered":"<p>\u00a1La cuarta semana de julio llega repleta de actividades ideales para exprimir el periodo estival en nuestro municipio! Si te est\u00e1s preguntando qu\u00e9 hacer durante estos d\u00edas, la <strong>agenda en Mazarr\u00f3n del 20 al 26 de julio de 2026<\/strong> viene cargada de propuestas que combinan grandes conciertos gratuitos, espectaculares rutas guiadas, la inauguraci\u00f3n de la noria m\u00e1s grande de la regi\u00f3n y actividades culturales para toda la familia.<\/p>\n<p>Tanto si resides en el casco urbano como si disfrutas de unos d\u00edas de descanso en la costa o en nuestras pedan\u00edas, saca tu calendario, toma nota y apunta los mejores planes para exprimir cada jornada.<\/p>\n<h2 style=\"color: #333399; border-left: 4px solid #333399; padding-left: 8px; margin-top: 30px;\">\ud83c\udfa1 \u00a1Nueva Atracci\u00f3n! Noria Mirador Princess en el Paseo del Puerto<\/h2>\n<p>\u00a1Ya est\u00e1 en funcionamiento la Noria Mirador Princess en el Paseo del Puerto de Mazarr\u00f3n! Disfruta de una experiencia \u00fanica desde las alturas en la noria m\u00e1s grande instalada hasta la fecha en la Regi\u00f3n de Murcia. Con sus 45 metros de altura, cabinas climatizadas con capacidad para 8 personas e impresionantes vistas panor\u00e1micas de 360\u00b0, se convierte en el plan imprescindible de este verano. Adem\u00e1s, est\u00e1 totalmente adaptada para personas con movilidad reducida.<\/p>\n<div style=\"background-color: #fdf6e2; border: 1px solid #f3d996; border-radius: 8px; padding: 20px; margin: 20px 0; font-family: sans-serif;\">\n<h3 style=\"margin-top: 0; color: #7d5a00; font-size: 18px;\">\ud83d\udccb Detalles de la Atracci\u00f3n<\/h3>\n<ul style=\"color: #4e4222; font-size: 14px; line-height: 1.6; padding-left: 20px;\">\n<li><strong>Ubicaci\u00f3n:<\/strong> Paseo del Puerto de Mazarr\u00f3n.<\/li>\n<li><strong>Disponibilidad:<\/strong> Desde julio hasta el mes de octubre de 2026.<\/li>\n<\/ul>\n<p style=\"margin-bottom: 5px; font-weight: bold; color: #7d5a00;\">\u23f0 Horarios de Apertura:<\/p>\n<ul style=\"color: #4e4222; font-size: 14px; line-height: 1.6; padding-left: 20px; margin-top: 0;\">\n<li><strong>De Lunes a Viernes:<\/strong> 11:00 h a 14:00 h y de 18:00 h a 00:00 h.<\/li>\n<li><strong>S\u00e1bados, Domingos y Festivos:<\/strong> 11:00 h a 01:00 h.<\/li>\n<\/ul>\n<p style=\"margin-top: 10px; font-size: 13.5px; color: #7d5a00; font-style: italic;\">\u26a0\ufe0f Importante: Es una atracci\u00f3n gestionada por una empresa privada. Los precios de los tiques se consultan directamente en la taquilla del recinto.<\/p>\n<\/div>\n<h2 style=\"color: #333399; border-left: 4px solid #333399; padding-left: 8px; margin-top: 30px;\">\ud83c\udfb5 Mares de Papel 2026: Concierto Gratis de La Banda Sabinera<\/h2>\n<p>El Festival Mares de Papel 2026 sigue sumando grandes noches de m\u00fasica en directo. Este jueves 23 de julio llega el turno de **La Banda Sabinera**, formada por los m\u00fasicos y productores que han acompa\u00f1ado a Joaqu\u00edn Sabina durante a\u00f1os. Un espect\u00e1culo emotivo e interactivo donde el p\u00fablico asistente tendr\u00e1 la oportunidad de subir al escenario para interpretar sus canciones favoritas junto a la banda.<\/p>\n<div style=\"background-color: #f0f4f8; border: 1px solid #d9e2ec; border-radius: 8px; padding: 20px; margin: 20px 0; font-family: sans-serif;\">\n<h3 style=\"margin-top: 0; color: #102a43; font-size: 18px;\">\ud83d\udccb Informaci\u00f3n del Concierto<\/h3>\n<ul style=\"color: #334e68; font-size: 14px; line-height: 1.6; padding-left: 20px;\">\n<li><strong>Fecha:<\/strong> Jueves 23 de julio de 2026.<\/li>\n<li><strong>Lugar:<\/strong> Complejo Deportivo de Mazarr\u00f3n.<\/li>\n<li><strong>Apertura de puertas:<\/strong> 21:00 h | <strong>Inicio del concierto:<\/strong> 22:00 h.<\/li>\n<li><strong>Entrada:<\/strong> Completamente GRATUITA hasta completar aforo.<\/li>\n<\/ul>\n<\/div>\n<h2 style=\"color: #333399; border-left: 4px solid #333399; padding-left: 8px; margin-top: 30px;\">\ud83e\udd7e Visitas Guiadas y Rutas de Senderismo Gratuitas<\/h2>\n<p>\u00a1Descubre Mazarr\u00f3n este verano de la mano de gu\u00edas oficiales! La concejal\u00eda de Turismo ofrece una fant\u00e1stica programaci\u00f3n gratuita de rutas de senderismo y visitas culturales por nuestro patrimonio hist\u00f3rico y natural.<\/p>\n<div style=\"background-color: #f2f9f2; border: 1px solid #ccebcd; border-radius: 8px; padding: 20px; margin: 20px 0; font-family: sans-serif;\">\n<h3 style=\"margin-top: 0; color: #1e5a22; font-size: 18px;\">\ud83d\udcc6 Rutas Disponibles Esta Semana (Inscripciones Abiertas)<\/h3>\n<ul style=\"color: #2b4c2e; font-size: 14px; line-height: 1.7; padding-left: 20px;\">\n<li><strong>Martes 21 de julio (18:00 h):<\/strong> Ruta Senderismo: Cala Salitrona.<\/li>\n<li><strong>Mi\u00e9rcoles 22 de julio (18:30 h):<\/strong> Visita Cultural: Ruta Hist\u00f3rica por el Puerto de Mazarr\u00f3n.<\/li>\n<li><strong>Jueves 23 de julio (18:30 h):<\/strong> Ruta Senderismo: De Playa del Rihuete al Cabezo del Moj\u00f3n. <a style=\"color: #1e5a22; font-weight: bold;\" href=\"https:\/\/www.turismoregiondemurcia.es\/\" target=\"_blank\" rel=\"noopener\">Link Inscripci\u00f3n<\/a><\/li>\n<li><strong>Viernes 24 de julio (18:00 h):<\/strong> Visita Cultural: Museo Minero Antonio Paredes (Descubre el gran legado minero). <a style=\"color: #1e5a22; font-weight: bold;\" href=\"https:\/\/www.turismoregiondemurcia.es\/\" target=\"_blank\" rel=\"noopener\">Link Inscripci\u00f3n<\/a><\/li>\n<\/ul>\n<h3 style=\"margin-top: 20px; color: #1e5a22; font-size: 16px; font-weight: bold;\">\ud83d\udd2e Pr\u00f3ximas Rutas (Inscripciones disponibles 7 d\u00edas antes):<\/h3>\n<p style=\"color: #2b4c2e; font-size: 14px; margin-top: 5px; line-height: 1.6;\">Minas de Mazarr\u00f3n (28\/07), Ruta Nocturna de Luna Llena en las Calas de Bolnuevo (29\/07), Ruta Hist\u00f3rica por Mazarr\u00f3n (30\/07) y Subida al Collado de las V\u00edboras (31\/07).<\/p>\n<p style=\"margin-top: 10px; font-size: 13.5px; color: #2b4c2e; font-style: italic;\">\u26a0\ufe0f Nota: Todas las actividades son gratuitas pero las plazas son muy limitadas. Es obligatorio reservar plaza previamente a trav\u00e9s de la web oficial de Turismo de la Regi\u00f3n de Murcia.<\/p>\n<\/div>\n<h2 style=\"color: #333399; border-left: 4px solid #333399; padding-left: 8px; margin-top: 30px;\">\ud83c\udf9f\ufe0f \u00a1Ya a la venta! Entradas Anticipadas para los Grandes Shows de Mares de Papel<\/h2>\n<p>\u00a1Grandes noticias! Ya se encuentra abierta oficialmente la venta anticipada de entradas para asistir a los espect\u00e1culos de pago de la **VII Edici\u00f3n de Mares de Papel**. No te quedes sin tu sitio y asegura tu pase c\u00f3modamente.<\/p>\n<div style=\"background-color: #f1f8ff; border: 1px solid #c8e1ff; border-radius: 8px; padding: 20px; margin: 25px 0; font-family: sans-serif;\">\n<p style=\"color: #444; font-size: 14.5px; line-height: 1.6; margin-top: 0;\"><strong>Puntos de Venta Oficiales:<\/strong><\/p>\n<ul style=\"color: #444; font-size: 14px; line-height: 1.6; padding-left: 20px;\">\n<li><strong>Venta Online 24h:<\/strong> A trav\u00e9s de la web oficial <a href=\"https:\/\/www.maresdepapel.es\" target=\"_blank\" rel=\"noopener\">www.maresdepapel.es<\/a><\/li>\n<li><strong>Taquilla F\u00edsica:<\/strong> Ubicada en la Plaza Toneleros. Horario de martes a s\u00e1bado de 10:00 h a 13:00 h y de 17:00 h a 20:00 h.<\/li>\n<\/ul>\n<p style=\"margin-bottom: 5px; font-weight: bold; color: #0366d6;\">\ud83d\udcc5 Pr\u00f3ximos espect\u00e1culos destacados a la venta:<\/p>\n<table style=\"width: 100%; border-collapse: collapse; font-size: 13.5px; margin-top: 10px; color: #444;\">\n<thead>\n<tr style=\"background-color: #0366d6; color: white; text-align: left;\">\n<th style=\"padding: 8px;\">Fecha<\/th>\n<th style=\"padding: 8px;\">Espect\u00e1culo \/ Artista<\/th>\n<\/tr>\n<\/thead>\n<tbody>\n<tr style=\"border-bottom: 1px solid #eee;\">\n<td style=\"padding: 8px;\"><strong>24\/07<\/strong><\/td>\n<td style=\"padding: 8px;\">Brothers in Band (Tributo Internacional a Dire Straits)<\/td>\n<\/tr>\n<tr style=\"border-bottom: 1px solid #eee;\">\n<td style=\"padding: 8px;\"><strong>25\/07<\/strong><\/td>\n<td style=\"padding: 8px;\">We Love Disco (El Gran Musical)<\/td>\n<\/tr>\n<tr style=\"border-bottom: 1px solid #eee;\">\n<td style=\"padding: 8px;\"><strong>30\/07<\/strong><\/td>\n<td style=\"padding: 8px;\">Goyo Jim\u00e9nez &#8211; \u00abAm\u00e9rica Forever\u00bb (Mon\u00f3logo de Humor)<\/td>\n<\/tr>\n<tr style=\"border-bottom: 1px solid #eee;\">\n<td style=\"padding: 8px;\"><strong>31\/07<\/strong><\/td>\n<td style=\"padding: 8px;\">Mazarock (Mago de Oz, Medina Azahara, Bar\u00f3n Rojo, Ob\u00fas&#8230;)<\/td>\n<\/tr>\n<tr style=\"border-bottom: 1px solid #eee;\">\n<td style=\"padding: 8px;\"><strong>01\/08<\/strong><\/td>\n<td style=\"padding: 8px;\">Duncan Dhu &#8211; Gira 40 Aniversario<\/td>\n<\/tr>\n<\/tbody>\n<\/table>\n<\/div>\n<div style=\"background-color: #fff1f2; border-left: 5px solid #f43f5e; border-radius: 4px; padding: 15px; margin: 20px 0; font-family: sans-serif;\">\n<p style=\"margin: 0; color: #9f1239; font-size: 14.5px; font-weight: bold;\">\u26a0\ufe0f AVISO CAMBIO DE FECHA: La esperada \u00abFiesta de Pijamas\u00bb veraniega que estaba programada inicialmente para el 18 de julio se aplaza oficialmente al s\u00e1bado 25 de julio en sus dos ubicaciones habituales.<\/p>\n<\/div>\n<h2 style=\"color: #333399; border-left: 4px solid #333399; padding-left: 8px; margin-top: 30px;\">\ud83d\udcda Presentaci\u00f3n Literaria Infantil en la Biblioteca del Puerto<\/h2>\n<p>Si buscas un plan cultural y emotivo para disfrutar con los m\u00e1s peque\u00f1os de la casa, la Biblioteca P\u00fablica del Puerto de Mazarr\u00f3n acoge la presentaci\u00f3n oficial del cuento infantil **\u00bbEl ni\u00f1o que sembr\u00f3 esperanza\u00bb**, una obra entra\u00f1able de Blas Miras y Carmen Herrero que educa en valores fundamentales como la paz, el amor y el respeto.<\/p>\n<ul>\n<li><strong>Fecha:<\/strong> Jueves 23 de julio de 2026.<\/li>\n<li><strong>Hora:<\/strong> 20:30 h.<\/li>\n<li><strong>Ubicaci\u00f3n:<\/strong> Biblioteca de Puerto de Mazarr\u00f3n.<\/li>\n<li><strong>Entrada:<\/strong> Libre y gratuita hasta completar el aforo de la sala.<\/li>\n<\/ul>\n<h2 style=\"color: #333399; border-left: 4px solid #333399; padding-left: 8px; margin-top: 30px;\">\ud83c\udfac Noches de Pel\u00edcula: Cine en Mazarr\u00f3n este Verano<\/h2>\n<p>El s\u00e9ptimo arte cobra un protagonismo muy especial durante las noches estivales del municipio. Contamos con dos opciones fant\u00e1sticas para disfrutar de la cartelera tanto en sala como de forma gratuita al aire libre en la misma arena de la playa:<\/p>\n<div style=\"background-color: #f7f4fa; border: 1px solid #ebdff5; border-radius: 8px; padding: 20px; margin: 20px 0; font-family: sans-serif;\">\n<h3 style=\"margin-top: 0; color: #5b21b6; font-size: 18px;\">\ud83c\udf7f Opci\u00f3n 1: Cine Bah\u00eda Puerto de Mazarr\u00f3n<\/h3>\n<p style=\"color: #4c1d95; font-size: 14.5px; line-height: 1.6;\">Consulta toda la programaci\u00f3n de estrenos, pel\u00edculas familiares y los horarios de la sala tradicional del municipio para resguardarte de las horas de calor o planear una noche perfecta.<\/p>\n<div style=\"text-align: left; margin-bottom: 20px;\"><a style=\"display: inline-block; background-color: #6d28d9; color: #ffffff; font-weight: bold; font-size: 13px; padding: 8px 15px; text-decoration: none; border-radius: 4px;\" href=\"https:\/\/mazarrononline.com\/en\/cartelera-cine-bahia-julio\/\">\ud83c\udfac Consultar Cartelera del Cine Bah\u00eda<\/a><\/div>\n<h3 style=\"margin-top: 10px; color: #5b21b6; font-size: 18px;\">\ud83c\udf0a Opci\u00f3n 2: Cine de Verano Gratuito en Playa de La Isla<\/h3>\n<p style=\"color: #4c1d95; font-size: 14.5px; line-height: 1.6;\">Nada supera la experiencia de ver una pel\u00edcula por la noche con la brisa del mar. Ll\u00e9vate tu silla de playa o tu toalla y disfruta de las proyecciones estivales pensadas para disfrutar en familia.<\/p>\n<div style=\"text-align: left;\"><a style=\"display: inline-block; background-color: #6d28d9; color: #ffffff; font-weight: bold; font-size: 13px; padding: 8px 15px; text-decoration: none; border-radius: 4px;\" href=\"https:\/\/mazarrononline.com\/en\/cine-de-verano-playa-de-la-isla-mazarron\/\">\ud83c\udfd6\ufe0f Ver Programaci\u00f3n del Cine en la Playa<\/a><\/div>\n<\/div>\n<h2 style=\"color: #333399; border-left: 4px solid #333399; padding-left: 8px; margin-top: 30px;\">\ud83c\udfd6\ufe0f \u00a1Act\u00edvate este Julio en la Playa! Zumba, Aer\u00f3bic y Yoga<\/h2>\n<p>Disfruta del verano, cuida tu salud, conoce gente y entrena al aire libre en un entorno \u00fanico frente al mar. Durante todo el mes de julio llegan estas actividades completamente gratuitas y para todas las edades, de lunes a viernes.<\/p>\n<div style=\"background-color: #f0fdf4; border: 1px solid #bbf7d0; border-radius: 8px; padding: 20px; margin: 20px 0; font-family: sans-serif;\">\n<h3 style=\"margin-top: 0; color: #16a34a; font-size: 18px;\">\ud83d\udccb Horarios y Puntos de Encuentro<\/h3>\n<ul style=\"color: #444; font-size: 14px; line-height: 1.6; padding-left: 20px;\">\n<li><strong>Playa del Puerto:<\/strong> A las 10:00 h y a las 19:00 h.<\/li>\n<li><strong>Playa de La Reya (junto al Chiringuito):<\/strong> A las 11:15 h y a las 20:15 h.<\/li>\n<li><strong>Playa de La Reya (junto a Hotel Bah\u00eda):<\/strong> A las 09:00 h.<\/li>\n<\/ul>\n<p style=\"margin: 10px 0 0 0; font-size: 13px; color: #15803d; font-style: italic;\">\u00a1No importa tu nivel, solo las ganas de pasarlo bien! Te esperamos para vivir un julio lleno de energ\u00eda.<\/p>\n<\/div>\n<h2 style=\"color: #333399; border-left: 4px solid #333399; padding-left: 8px; margin-top: 30px;\">\ud83c\udfa8 Exposici\u00f3n \u2013 Mares de Colores: \u00abRock Museum: El Pirata\u00bb<\/h2>\n<p>Dentro de la programaci\u00f3n cultural de <strong>Mares de Papel 2026<\/strong>, se encuentra plenamente activa la exposici\u00f3n \u201cRock Museum: El Pirata\u201d, enmarcada en la II Edici\u00f3n de Mares de Colores. La muestra ofrece un recorrido por el universo del rock a trav\u00e9s de piezas y materiales vinculados a su historia y est\u00e9tica.<\/p>\n<ul>\n<li><strong>Fechas:<\/strong> Del 3 de julio al 30 de agosto de 2026.<\/li>\n<li><strong>Ubicaci\u00f3n:<\/strong> Casino de Mazarr\u00f3n.<\/li>\n<li><strong>Entrada:<\/strong> Gratuita.<\/li>\n<\/ul>\n<h2 style=\"color: #333399; border-left: 4px solid #333399; padding-left: 8px; margin-top: 30px;\">\ud83c\udfd6\ufe0f \u00a1Al Agua! Piscina Municipal de Mazarr\u00f3n<\/h2>\n<p>\u00a1Ya est\u00e1 en marcha la temporada estival en las instalaciones deportivas locales! La Piscina Municipal mantiene abiertas sus puertas para que puedas refrescarte y mantenerte en forma con las mejores tarifas.<\/p>\n<div style=\"background-color: #f0f8ff; border: 1px solid #afeeee; border-radius: 8px; padding: 20px; margin: 20px 0; font-family: sans-serif;\">\n<h3 style=\"margin-top: 0; color: #008b8b; font-size: 18px;\">Horarios y Opciones de Ba\u00f1o<\/h3>\n<p style=\"margin-bottom: 5px; font-weight: bold;\">\ud83c\udf0a Modalidad de Ba\u00f1o Libre (Ya disponible):<\/p>\n<ul style=\"color: #444; font-size: 14px; margin-top: 0; line-height: 1.5;\">\n<li><strong>D\u00edas:<\/strong> De lunes a s\u00e1bado.<\/li>\n<li><strong>Horario:<\/strong> De 16:00 h a 21:00 h.<\/li>\n<li><strong>Precio entrada individual:<\/strong> 2 \u20ac por acceso.<\/li>\n<li><strong>Bono ahorro:<\/strong> 18 \u20ac por 10 ba\u00f1os individuales.<\/li>\n<\/ul>\n<div style=\"background-color: #f1f8ff; border-left: 5px solid #008b8b; border-radius: 4px; padding: 20px; margin: 25px 0; font-family: sans-serif;\">\n<h4 style=\"margin-top: 0; color: #008b8b; font-size: 18px; font-weight: bold;\">\ud83c\udf0a \u00bfVas a ir a la Piscina Municipal de Mazarr\u00f3n?<\/h4>\n<div style=\"text-align: left;\"><a style=\"display: inline-block; background-color: #008b8b; color: #ffffff; font-weight: bold; font-size: 14px; padding: 10px 18px; text-decoration: none; border-radius: 4px; box-shadow: 0 2px 4px rgba(0,0,0,0.1);\" href=\"https:\/\/mazarrononline.com\/en\/piscina-municipal-mazarron\/\">\ud83d\udc49 Leer la gu\u00eda completa de la Piscina Municipal<\/a><\/div>\n<\/div>\n<\/div>\n<h2 style=\"color: #333399; border-left: 4px solid #333399; padding-left: 8px; margin-top: 30px;\">\ud83c\udfdb\ufe0f Historia Viva: Visita el Centro de Interpretaci\u00f3n del Barco Fenicio<\/h2>\n<p>\u00bfTe apasiona la arqueolog\u00eda y el mar? Una de las paradas fijas que contin\u00faa plenamente activa dentro de la <strong>agenda de Mazarr\u00f3n<\/strong> para cualquier d\u00eda de la semana es sumergirse en los fascinantes secretos de la Ruta Fenicia. Un viaje hist\u00f3rico perfecto para vivir en familia.<\/p>\n<div style=\"background-color: #f9f9f9; border: 1px solid #e1e1e1; border-radius: 8px; padding: 20px; margin: 20px 0; font-family: sans-serif;\">\n<h3 style=\"margin-top: 0; color: #cc3333; font-size: 18px;\">\ud83d\udccd Horarios de Acceso al Centro de Interpretaci\u00f3n<\/h3>\n<table style=\"width: 100%; border-collapse: collapse; font-size: 14px; margin-top: 10px;\">\n<tbody>\n<tr style=\"border-bottom: 1px solid #eee;\">\n<td style=\"padding: 8px; font-weight: bold; width: 30%;\">D\u00edas de apertura:<\/td>\n<td style=\"padding: 8px;\">De martes a s\u00e1bado.<\/td>\n<\/tr>\n<tr style=\"border-bottom: 1px solid #eee;\">\n<td style=\"padding: 8px; font-weight: bold;\">Horario diario:<\/td>\n<td style=\"padding: 8px;\">De <strong>9:00 h a 14:00 h<\/strong> por las ma\u00f1anas y de <strong>17:00 h a 20:00 h<\/strong> por las tardes.<\/td>\n<\/tr>\n<tr style=\"border-bottom: 1px solid #eee;\">\n<td style=\"padding: 8px; font-weight: bold;\">Domingos:<\/td>\n<td style=\"padding: 8px;\">Abierto <strong>solo por la ma\u00f1ana<\/strong> de 9:00 h a 14:00 h.<\/td>\n<\/tr>\n<\/tbody>\n<\/table>\n<\/div>\n<div style=\"background-color: #f1f8ff; border-left: 5px solid #0366d6; border-radius: 4px; padding: 20px; margin: 25px 0; font-family: sans-serif;\">\n<div style=\"text-align: left;\"><a style=\"display: inline-block; background-color: #0366d6; color: #ffffff; font-weight: bold; font-size: 14px; padding: 10px 18px; text-decoration: none; border-radius: 4px; box-shadow: 0 2px 4px rgba(0,0,0,0.1);\" href=\"https:\/\/mazarrononline.com\/en\/centro-de-interpretacion-del-barco-fenicio-mazarron\/\">\ud83d\udc49 Leer la gu\u00eda completa del Centro de Interpretaci\u00f3n<\/a><\/div>\n<\/div>\n<h2 style=\"color: #333399; border-left: 4px solid #333399; padding-left: 8px; margin-top: 30px;\">\ud83c\udf92 Conciliaci\u00f3n y Familia: Escuela de Talentos<\/h2>\n<p>Sigue en marcha el programa de conciliaci\u00f3n del Ayuntamiento enfocado en el aprendizaje significativo, los valores y el respeto mutuo durante el periodo vacacional.<\/p>\n<div style=\"background-color: #f1f8ff; border: 1px solid #c8e1ff; border-radius: 8px; padding: 20px; margin: 25px 0; font-family: sans-serif;\">\n<ul style=\"color: #444; font-size: 14px; line-height: 1.6; padding-left: 20px;\">\n<li><strong>Fechas del programa:<\/strong> Del 29 de junio al 14 de agosto de 2026.<\/li>\n<li><strong>Horario:<\/strong> De 9:00 h a 14:00 h.<\/li>\n<li><strong>Ubicaci\u00f3n:<\/strong> CEIP Francisco Caparr\u00f3s (Aula Abierta).<\/li>\n<\/ul>\n<\/div>\n<h2 style=\"color: #333399; border-left: 4px solid #333399; padding-left: 8px; margin-top: 30px;\">\ud83d\udcc5 \u00a1Grandes Avances! Pr\u00f3ximos Eventos Destacados<\/h2>\n<p>Muchos de los eventos m\u00e1s esperados de este verano ya se aproximan en el calendario. \u00a1Prepara tu agenda para no perderte nada!<\/p>\n<div style=\"background-color: #fff2f2; border-left: 5px solid #ef4444; padding: 20px; margin: 20px 0; border-radius: 4px; font-family: sans-serif;\">\n<h3 style=\"margin-top: 0; color: #991b1b; font-size: 18px;\">\ud83c\udfad Teatro Infantil Gratis: \u00abEl Libro de la Selva\u00bb<\/h3>\n<p style=\"color: #444; font-size: 14px; line-height: 1.6;\">Una de las grandes citas familiares dentro de la programaci\u00f3n de Mares de Papel 2026 tendr\u00e1 lugar este pr\u00f3ximo <strong>domingo 26 de julio<\/strong>. Disfruta de una maravillosa adaptaci\u00f3n teatral completamente gratuita ideal para los m\u00e1s peque\u00f1os.<\/p>\n<div style=\"text-align: left; margin-top: 10px;\"><a style=\"display: inline-block; background-color: #ef4444; color: #ffffff; font-weight: bold; font-size: 13px; padding: 8px 15px; text-decoration: none; border-radius: 4px;\" href=\"https:\/\/mazarrononline.com\/en\/eventos\/el-libro-de-la-selva-en-mazarron-2026-teatro-infantil-gratis\/\">\ud83d\udc49 Ver detalles de El Libro de la Selva<\/a><\/div>\n<\/div>\n<h2>Preguntas Frecuentes sobre la agenda en Mazarr\u00f3n (FAQ)<\/h2>\n<h3 style=\"color: #444; font-size: 16px; margin-top: 20px;\">\u00bfQu\u00e9 coste tienen los eventos gratuitos de Mares de Papel en el Complejo Deportivo?<\/h3>\n<p>El acceso a los conciertos gratuitos del festival, como el de La Banda Sabinera o las obras de teatro infantil de los domingos, es completamente <strong>gratuito<\/strong> y libre hasta completar el aforo disponible de las instalaciones deportivas. No es necesario reservar entrada para estas citas espec\u00edficas.<\/p>\n<div style=\"background-color: #fff9db; border: 1px solid #ffe066; border-left: 5px solid #fcc419; border-radius: 8px; padding: 22px; margin: 25px 0; font-family: sans-serif;\">\n<h3 style=\"margin-top: 0; color: #925410; font-size: 19px; font-weight: bold;\">\ud83d\udcc5 \u00bfQuieres descubrir TODOS los eventos de Mazarr\u00f3n?<\/h3>\n<p style=\"color: #495057; font-size: 14.5px; line-height: 1.6; margin-bottom: 15px;\">No te quedes solo con los planes de esta semana. La programaci\u00f3n festiva, cultural, deportiva y de ocio en nuestro municipio se actualiza constantemente para que no te pierdas nada durante todo el a\u00f1o.<\/p>\n<div style=\"text-align: left;\"><a style=\"display: inline-block; background-color: #f59f00; color: #ffffff; font-weight: bold; font-size: 14px; padding: 12px 22px; text-decoration: none; border-radius: 4px; box-shadow: 0 2px 4px rgba(0,0,0,0.1);\" href=\"https:\/\/mazarrononline.com\/en\/agenda-mazarron\/\" target=\"_blank\" rel=\"noopener\">\ud83d\udc49 Ver la Agenda Completa de Eventos de Mazarr\u00f3n<\/a><\/div>\n<\/div>\n<h2><span style=\"color: #333399;\">Conclusi\u00f3n<\/span><\/h2>\n<p>La <strong>agenda en Mazarr\u00f3n<\/strong> para esta semana del 20 al 26 de julio vuelve a dejar claro que nuestro municipio es un destino din\u00e1mico, acogedor y plenamente comprometido con la cultura, el deporte al aire libre y el entretenimiento estival de calidad. Desde empezar el d\u00eda haciendo yoga frente al mar, descubrir la historia minera en una ruta guiada gratuita por la tarde, contemplar la costa a 45 metros de altura en la nueva noria o corear los himnos de Joaqu\u00edn Sabina por la noche, las opciones se adaptan a todos los gustos. \u00a1Aprovecha al m\u00e1ximo estos d\u00edas de julio!<\/p>","protected":false},"excerpt":{"rendered":"<p>\u00a1La cuarta semana de julio llega repleta de actividades ideales para exprimir el periodo estival en nuestro municipio! Si te est\u00e1s preguntando qu\u00e9 hacer durante estos d\u00edas, la agenda en [&hellip;]<\/p>\n","protected":false},"author":1,"featured_media":4359,"comment_status":"open","ping_status":"open","sticky":false,"template":"","format":"standard","meta":{"footnotes":""},"categories":[87],"tags":[],"class_list":["post-4357","post","type-post","status-publish","format-standard","has-post-thumbnail","hentry","category-agenda"],"blocksy_meta":[],"yoast_head":"<!-- This site is optimized with the Yoast SEO plugin v28.3 - https:\/\/yoast.com\/product\/yoast-seo-wordpress\/ -->\n<title>Agenda en Mazarr\u00f3n del 20 al 26 de julio de 2026: Qu\u00e9 hacer<\/title>\n<meta name=\"description\" content=\"\u00a1Llega una semana espectacular! Descubre la agenda en Mazarr\u00f3n del 20 al 26 de julio de 2026: conciertos gratis, rutas guiadas, la nueva noria y m\u00e1s planes.\" \/>\n<meta name=\"robots\" content=\"index, follow, max-snippet:-1, max-image-preview:large, max-video-preview:-1\" \/>\n<link rel=\"canonical\" href=\"https:\/\/mazarrononline.com\/en\/agenda-en-mazarron-20-al-26-de-julio-2026\/\" \/>\n<meta property=\"og:locale\" content=\"en_GB\" \/>\n<meta property=\"og:type\" content=\"article\" \/>\n<meta property=\"og:title\" content=\"Agenda en Mazarr\u00f3n del 20 al 26 de julio de 2026: Qu\u00e9 hacer\" \/>\n<meta property=\"og:description\" content=\"\u00a1Llega una semana espectacular! Descubre la agenda en Mazarr\u00f3n del 20 al 26 de julio de 2026: conciertos gratis, rutas guiadas, la nueva noria y m\u00e1s planes.\" \/>\n<meta property=\"og:url\" content=\"https:\/\/mazarrononline.com\/en\/agenda-en-mazarron-20-al-26-de-julio-2026\/\" \/>\n<meta property=\"og:site_name\" content=\"Mazarron Online\" \/>\n<meta property=\"article:published_time\" content=\"2026-07-20T16:42:38+00:00\" \/>\n<meta property=\"og:image\" content=\"https:\/\/mazarrononline.com\/wp-content\/uploads\/2026\/07\/agenda-en-mazarron-20-al-26-de-julio-2026-1024x559.png\" \/>\n\t<meta property=\"og:image:width\" content=\"1024\" \/>\n\t<meta property=\"og:image:height\" content=\"559\" \/>\n\t<meta property=\"og:image:type\" content=\"image\/png\" \/>\n<meta name=\"author\" content=\"Leyre\" \/>\n<meta name=\"twitter:card\" content=\"summary_large_image\" \/>\n<meta name=\"twitter:label1\" content=\"Written by\" \/>\n\t<meta name=\"twitter:data1\" content=\"Leyre\" \/>\n\t<meta name=\"twitter:label2\" content=\"Estimated reading time\" \/>\n\t<meta name=\"twitter:data2\" content=\"9 minutes\" \/>\n<script type=\"application\/ld+json\" class=\"yoast-schema-graph\">{\"@context\":\"https:\\\/\\\/schema.org\",\"@graph\":[{\"@type\":\"Article\",\"@id\":\"https:\\\/\\\/mazarrononline.com\\\/agenda-en-mazarron-20-al-26-de-julio-2026\\\/#article\",\"isPartOf\":{\"@id\":\"https:\\\/\\\/mazarrononline.com\\\/agenda-en-mazarron-20-al-26-de-julio-2026\\\/\"},\"author\":{\"name\":\"Leyre\",\"@id\":\"https:\\\/\\\/mazarrononline.com\\\/#\\\/schema\\\/person\\\/d9631cc872d8c011f835a190d882e76d\"},\"headline\":\"Agenda en Mazarr\u00f3n del 20 al 26 de julio de 2026: Qu\u00e9 hacer\",\"datePublished\":\"2026-07-20T16:42:38+00:00\",\"mainEntityOfPage\":{\"@id\":\"https:\\\/\\\/mazarrononline.com\\\/agenda-en-mazarron-20-al-26-de-julio-2026\\\/\"},\"wordCount\":1766,\"commentCount\":0,\"publisher\":{\"@id\":\"https:\\\/\\\/mazarrononline.com\\\/#organization\"},\"image\":{\"@id\":\"https:\\\/\\\/mazarrononline.com\\\/agenda-en-mazarron-20-al-26-de-julio-2026\\\/#primaryimage\"},\"thumbnailUrl\":\"https:\\\/\\\/mazarrononline.com\\\/wp-content\\\/uploads\\\/2026\\\/07\\\/agenda-en-mazarron-20-al-26-de-julio-2026.png\",\"articleSection\":[\"Agenda\"],\"inLanguage\":\"en-GB\",\"potentialAction\":[{\"@type\":\"CommentAction\",\"name\":\"Comment\",\"target\":[\"https:\\\/\\\/mazarrononline.com\\\/agenda-en-mazarron-20-al-26-de-julio-2026\\\/#respond\"]}]},{\"@type\":\"WebPage\",\"@id\":\"https:\\\/\\\/mazarrononline.com\\\/agenda-en-mazarron-20-al-26-de-julio-2026\\\/\",\"url\":\"https:\\\/\\\/mazarrononline.com\\\/agenda-en-mazarron-20-al-26-de-julio-2026\\\/\",\"name\":\"Agenda en Mazarr\u00f3n del 20 al 26 de julio de 2026: Qu\u00e9 hacer\",\"isPartOf\":{\"@id\":\"https:\\\/\\\/mazarrononline.com\\\/#website\"},\"primaryImageOfPage\":{\"@id\":\"https:\\\/\\\/mazarrononline.com\\\/agenda-en-mazarron-20-al-26-de-julio-2026\\\/#primaryimage\"},\"image\":{\"@id\":\"https:\\\/\\\/mazarrononline.com\\\/agenda-en-mazarron-20-al-26-de-julio-2026\\\/#primaryimage\"},\"thumbnailUrl\":\"https:\\\/\\\/mazarrononline.com\\\/wp-content\\\/uploads\\\/2026\\\/07\\\/agenda-en-mazarron-20-al-26-de-julio-2026.png\",\"datePublished\":\"2026-07-20T16:42:38+00:00\",\"description\":\"\u00a1Llega una semana espectacular! Descubre la agenda en Mazarr\u00f3n del 20 al 26 de julio de 2026: conciertos gratis, rutas guiadas, la nueva noria y m\u00e1s planes.\",\"breadcrumb\":{\"@id\":\"https:\\\/\\\/mazarrononline.com\\\/agenda-en-mazarron-20-al-26-de-julio-2026\\\/#breadcrumb\"},\"inLanguage\":\"en-GB\",\"potentialAction\":[{\"@type\":\"ReadAction\",\"target\":[\"https:\\\/\\\/mazarrononline.com\\\/agenda-en-mazarron-20-al-26-de-julio-2026\\\/\"]}]},{\"@type\":\"ImageObject\",\"inLanguage\":\"en-GB\",\"@id\":\"https:\\\/\\\/mazarrononline.com\\\/agenda-en-mazarron-20-al-26-de-julio-2026\\\/#primaryimage\",\"url\":\"https:\\\/\\\/mazarrononline.com\\\/wp-content\\\/uploads\\\/2026\\\/07\\\/agenda-en-mazarron-20-al-26-de-julio-2026.png\",\"contentUrl\":\"https:\\\/\\\/mazarrononline.com\\\/wp-content\\\/uploads\\\/2026\\\/07\\\/agenda-en-mazarron-20-al-26-de-julio-2026.png\",\"width\":1408,\"height\":768,\"caption\":\"agenda-en-mazarron-20-al-26-de-julio-2026\"},{\"@type\":\"BreadcrumbList\",\"@id\":\"https:\\\/\\\/mazarrononline.com\\\/agenda-en-mazarron-20-al-26-de-julio-2026\\\/#breadcrumb\",\"itemListElement\":[{\"@type\":\"ListItem\",\"position\":1,\"name\":\"Portada\",\"item\":\"https:\\\/\\\/mazarrononline.com\\\/\"},{\"@type\":\"ListItem\",\"position\":2,\"name\":\"Agenda en Mazarr\u00f3n del 20 al 26 de julio de 2026: Qu\u00e9 hacer\"}]},{\"@type\":\"WebSite\",\"@id\":\"https:\\\/\\\/mazarrononline.com\\\/#website\",\"url\":\"https:\\\/\\\/mazarrononline.com\\\/\",\"name\":\"Mazarron Online\",\"description\":\"\",\"publisher\":{\"@id\":\"https:\\\/\\\/mazarrononline.com\\\/#organization\"},\"potentialAction\":[{\"@type\":\"SearchAction\",\"target\":{\"@type\":\"EntryPoint\",\"urlTemplate\":\"https:\\\/\\\/mazarrononline.com\\\/?s={search_term_string}\"},\"query-input\":{\"@type\":\"PropertyValueSpecification\",\"valueRequired\":true,\"valueName\":\"search_term_string\"}}],\"inLanguage\":\"en-GB\"},{\"@type\":\"Organization\",\"@id\":\"https:\\\/\\\/mazarrononline.com\\\/#organization\",\"name\":\"Mazarron Online\",\"url\":\"https:\\\/\\\/mazarrononline.com\\\/\",\"logo\":{\"@type\":\"ImageObject\",\"inLanguage\":\"en-GB\",\"@id\":\"https:\\\/\\\/mazarrononline.com\\\/#\\\/schema\\\/logo\\\/image\\\/\",\"url\":\"https:\\\/\\\/mazarrononline.com\\\/wp-content\\\/uploads\\\/2026\\\/03\\\/mazarrononline.com_.png\",\"contentUrl\":\"https:\\\/\\\/mazarrononline.com\\\/wp-content\\\/uploads\\\/2026\\\/03\\\/mazarrononline.com_.png\",\"width\":891,\"height\":340,\"caption\":\"Mazarron Online\"},\"image\":{\"@id\":\"https:\\\/\\\/mazarrononline.com\\\/#\\\/schema\\\/logo\\\/image\\\/\"}},{\"@type\":\"Person\",\"@id\":\"https:\\\/\\\/mazarrononline.com\\\/#\\\/schema\\\/person\\\/d9631cc872d8c011f835a190d882e76d\",\"name\":\"Leyre\",\"image\":{\"@type\":\"ImageObject\",\"inLanguage\":\"en-GB\",\"@id\":\"https:\\\/\\\/secure.gravatar.com\\\/avatar\\\/3c782ce00e025f94599c550917c21e50e8a575481f274333674068bc26c1b3ff?s=96&d=mm&r=g\",\"url\":\"https:\\\/\\\/secure.gravatar.com\\\/avatar\\\/3c782ce00e025f94599c550917c21e50e8a575481f274333674068bc26c1b3ff?s=96&d=mm&r=g\",\"contentUrl\":\"https:\\\/\\\/secure.gravatar.com\\\/avatar\\\/3c782ce00e025f94599c550917c21e50e8a575481f274333674068bc26c1b3ff?s=96&d=mm&r=g\",\"caption\":\"Leyre\"},\"description\":\"Apasionada del periodismo de viajes y la cultura local, de Mazarr\u00f3n, donde recorro cada d\u00eda los rincones, playas y eventos. Estoy Especializada en gu\u00edas de turismo, ocio y gastronom\u00eda de Mazarr\u00f3n, comparto consejos pr\u00e1cticos y recomendaciones de primera mano para ayudar a vecinos y visitantes a disfrutar al m\u00e1ximo del municipio.\",\"sameAs\":[\"https:\\\/\\\/mazarrononline.com\"],\"url\":\"https:\\\/\\\/mazarrononline.com\\\/en\\\/author\\\/todalainformacionweb\\\/\"}]}<\/script>\n<!-- \/ Yoast SEO plugin. -->","yoast_head_json":{"title":"Agenda en Mazarr\u00f3n del 20 al 26 de julio de 2026: Qu\u00e9 hacer","description":"\u00a1Llega una semana espectacular! Descubre la agenda en Mazarr\u00f3n del 20 al 26 de julio de 2026: conciertos gratis, rutas guiadas, la nueva noria y m\u00e1s planes.","robots":{"index":"index","follow":"follow","max-snippet":"max-snippet:-1","max-image-preview":"max-image-preview:large","max-video-preview":"max-video-preview:-1"},"canonical":"https:\/\/mazarrononline.com\/en\/agenda-en-mazarron-20-al-26-de-julio-2026\/","og_locale":"en_GB","og_type":"article","og_title":"Agenda en Mazarr\u00f3n del 20 al 26 de julio de 2026: Qu\u00e9 hacer","og_description":"\u00a1Llega una semana espectacular! Descubre la agenda en Mazarr\u00f3n del 20 al 26 de julio de 2026: conciertos gratis, rutas guiadas, la nueva noria y m\u00e1s planes.","og_url":"https:\/\/mazarrononline.com\/en\/agenda-en-mazarron-20-al-26-de-julio-2026\/","og_site_name":"Mazarron Online","article_published_time":"2026-07-20T16:42:38+00:00","og_image":[{"width":1024,"height":559,"url":"https:\/\/mazarrononline.com\/wp-content\/uploads\/2026\/07\/agenda-en-mazarron-20-al-26-de-julio-2026-1024x559.png","type":"image\/png"}],"author":"Leyre","twitter_card":"summary_large_image","twitter_misc":{"Written by":"Leyre","Estimated reading time":"9 minutes"},"schema":{"@context":"https:\/\/schema.org","@graph":[{"@type":"Article","@id":"https:\/\/mazarrononline.com\/agenda-en-mazarron-20-al-26-de-julio-2026\/#article","isPartOf":{"@id":"https:\/\/mazarrononline.com\/agenda-en-mazarron-20-al-26-de-julio-2026\/"},"author":{"name":"Leyre","@id":"https:\/\/mazarrononline.com\/#\/schema\/person\/d9631cc872d8c011f835a190d882e76d"},"headline":"Agenda en Mazarr\u00f3n del 20 al 26 de julio de 2026: Qu\u00e9 hacer","datePublished":"2026-07-20T16:42:38+00:00","mainEntityOfPage":{"@id":"https:\/\/mazarrononline.com\/agenda-en-mazarron-20-al-26-de-julio-2026\/"},"wordCount":1766,"commentCount":0,"publisher":{"@id":"https:\/\/mazarrononline.com\/#organization"},"image":{"@id":"https:\/\/mazarrononline.com\/agenda-en-mazarron-20-al-26-de-julio-2026\/#primaryimage"},"thumbnailUrl":"https:\/\/mazarrononline.com\/wp-content\/uploads\/2026\/07\/agenda-en-mazarron-20-al-26-de-julio-2026.png","articleSection":["Agenda"],"inLanguage":"en-GB","potentialAction":[{"@type":"CommentAction","name":"Comment","target":["https:\/\/mazarrononline.com\/agenda-en-mazarron-20-al-26-de-julio-2026\/#respond"]}]},{"@type":"WebPage","@id":"https:\/\/mazarrononline.com\/agenda-en-mazarron-20-al-26-de-julio-2026\/","url":"https:\/\/mazarrononline.com\/agenda-en-mazarron-20-al-26-de-julio-2026\/","name":"Agenda en Mazarr\u00f3n del 20 al 26 de julio de 2026: Qu\u00e9 hacer","isPartOf":{"@id":"https:\/\/mazarrononline.com\/#website"},"primaryImageOfPage":{"@id":"https:\/\/mazarrononline.com\/agenda-en-mazarron-20-al-26-de-julio-2026\/#primaryimage"},"image":{"@id":"https:\/\/mazarrononline.com\/agenda-en-mazarron-20-al-26-de-julio-2026\/#primaryimage"},"thumbnailUrl":"https:\/\/mazarrononline.com\/wp-content\/uploads\/2026\/07\/agenda-en-mazarron-20-al-26-de-julio-2026.png","datePublished":"2026-07-20T16:42:38+00:00","description":"\u00a1Llega una semana espectacular! Descubre la agenda en Mazarr\u00f3n del 20 al 26 de julio de 2026: conciertos gratis, rutas guiadas, la nueva noria y m\u00e1s planes.","breadcrumb":{"@id":"https:\/\/mazarrononline.com\/agenda-en-mazarron-20-al-26-de-julio-2026\/#breadcrumb"},"inLanguage":"en-GB","potentialAction":[{"@type":"ReadAction","target":["https:\/\/mazarrononline.com\/agenda-en-mazarron-20-al-26-de-julio-2026\/"]}]},{"@type":"ImageObject","inLanguage":"en-GB","@id":"https:\/\/mazarrononline.com\/agenda-en-mazarron-20-al-26-de-julio-2026\/#primaryimage","url":"https:\/\/mazarrononline.com\/wp-content\/uploads\/2026\/07\/agenda-en-mazarron-20-al-26-de-julio-2026.png","contentUrl":"https:\/\/mazarrononline.com\/wp-content\/uploads\/2026\/07\/agenda-en-mazarron-20-al-26-de-julio-2026.png","width":1408,"height":768,"caption":"agenda-en-mazarron-20-al-26-de-julio-2026"},{"@type":"BreadcrumbList","@id":"https:\/\/mazarrononline.com\/agenda-en-mazarron-20-al-26-de-julio-2026\/#breadcrumb","itemListElement":[{"@type":"ListItem","position":1,"name":"Portada","item":"https:\/\/mazarrononline.com\/"},{"@type":"ListItem","position":2,"name":"Agenda en Mazarr\u00f3n del 20 al 26 de julio de 2026: Qu\u00e9 hacer"}]},{"@type":"WebSite","@id":"https:\/\/mazarrononline.com\/#website","url":"https:\/\/mazarrononline.com\/","name":"Mazarron Online","description":"","publisher":{"@id":"https:\/\/mazarrononline.com\/#organization"},"potentialAction":[{"@type":"SearchAction","target":{"@type":"EntryPoint","urlTemplate":"https:\/\/mazarrononline.com\/?s={search_term_string}"},"query-input":{"@type":"PropertyValueSpecification","valueRequired":true,"valueName":"search_term_string"}}],"inLanguage":"en-GB"},{"@type":"Organization","@id":"https:\/\/mazarrononline.com\/#organization","name":"Mazarron Online","url":"https:\/\/mazarrononline.com\/","logo":{"@type":"ImageObject","inLanguage":"en-GB","@id":"https:\/\/mazarrononline.com\/#\/schema\/logo\/image\/","url":"https:\/\/mazarrononline.com\/wp-content\/uploads\/2026\/03\/mazarrononline.com_.png","contentUrl":"https:\/\/mazarrononline.com\/wp-content\/uploads\/2026\/03\/mazarrononline.com_.png","width":891,"height":340,"caption":"Mazarron Online"},"image":{"@id":"https:\/\/mazarrononline.com\/#\/schema\/logo\/image\/"}},{"@type":"Person","@id":"https:\/\/mazarrononline.com\/#\/schema\/person\/d9631cc872d8c011f835a190d882e76d","name":"Leyre","image":{"@type":"ImageObject","inLanguage":"en-GB","@id":"https:\/\/secure.gravatar.com\/avatar\/3c782ce00e025f94599c550917c21e50e8a575481f274333674068bc26c1b3ff?s=96&d=mm&r=g","url":"https:\/\/secure.gravatar.com\/avatar\/3c782ce00e025f94599c550917c21e50e8a575481f274333674068bc26c1b3ff?s=96&d=mm&r=g","contentUrl":"https:\/\/secure.gravatar.com\/avatar\/3c782ce00e025f94599c550917c21e50e8a575481f274333674068bc26c1b3ff?s=96&d=mm&r=g","caption":"Leyre"},"description":"Apasionada del periodismo de viajes y la cultura local, de Mazarr\u00f3n, donde recorro cada d\u00eda los rincones, playas y eventos. Estoy Especializada en gu\u00edas de turismo, ocio y gastronom\u00eda de Mazarr\u00f3n, comparto consejos pr\u00e1cticos y recomendaciones de primera mano para ayudar a vecinos y visitantes a disfrutar al m\u00e1ximo del municipio.","sameAs":["https:\/\/mazarrononline.com"],"url":"https:\/\/mazarrononline.com\/en\/author\/todalainformacionweb\/"}]}},"_links":{"self":[{"href":"https:\/\/mazarrononline.com\/en\/wp-json\/wp\/v2\/posts\/4357","targetHints":{"allow":["GET"]}}],"collection":[{"href":"https:\/\/mazarrononline.com\/en\/wp-json\/wp\/v2\/posts"}],"about":[{"href":"https:\/\/mazarrononline.com\/en\/wp-json\/wp\/v2\/types\/post"}],"author":[{"embeddable":true,"href":"https:\/\/mazarrononline.com\/en\/wp-json\/wp\/v2\/users\/1"}],"replies":[{"embeddable":true,"href":"https:\/\/mazarrononline.com\/en\/wp-json\/wp\/v2\/comments?post=4357"}],"version-history":[{"count":2,"href":"https:\/\/mazarrononline.com\/en\/wp-json\/wp\/v2\/posts\/4357\/revisions"}],"predecessor-version":[{"id":4360,"href":"https:\/\/mazarrononline.com\/en\/wp-json\/wp\/v2\/posts\/4357\/revisions\/4360"}],"wp:featuredmedia":[{"embeddable":true,"href":"https:\/\/mazarrononline.com\/en\/wp-json\/wp\/v2\/media\/4359"}],"wp:attachment":[{"href":"https:\/\/mazarrononline.com\/en\/wp-json\/wp\/v2\/media?parent=4357"}],"wp:term":[{"taxonomy":"category","embeddable":true,"href":"https:\/\/mazarrononline.com\/en\/wp-json\/wp\/v2\/categories?post=4357"},{"taxonomy":"post_tag","embeddable":true,"href":"https:\/\/mazarrononline.com\/en\/wp-json\/wp\/v2\/tags?post=4357"}],"curies":[{"name":"wp","href":"https:\/\/api.w.org\/{rel}","templated":true}]}}