{"id":4186,"date":"2026-07-05T09:51:00","date_gmt":"2026-07-05T09:51:00","guid":{"rendered":"https:\/\/mazarrononline.com\/?p=4186"},"modified":"2026-07-07T15:26:06","modified_gmt":"2026-07-07T15:26:06","slug":"fiestas-virgen-del-carmen-mazarron-2026","status":"publish","type":"post","link":"https:\/\/mazarrononline.com\/en\/fiestas-virgen-del-carmen-mazarron-2026\/","title":{"rendered":"Fiestas de la Virgen del Carmen en Mazarr\u00f3n 2026: Gu\u00eda y Procesi\u00f3n en Barco"},"content":{"rendered":"<p>El verano en la Regi\u00f3n de Murcia se viste de gala a mediados de julio para celebrar una de las tradiciones marineras m\u00e1s arraigadas y emotivas del litoral mediterr\u00e1neo. Las <b>Fiestas de la Virgen del Carmen en Mazarr\u00f3n 2026<\/b> prometen volver a llenar las calles y aguas del Puerto de Mazarr\u00f3n de color, fervor y m\u00fasica. Si est\u00e1s planeando tus vacaciones de julio o buscas una escapada inolvidable, esta festividad es una cita imprescindible dentro de la completa programaci\u00f3n tur\u00edstica estival del municipio.<\/p>\n<p>En este art\u00edculo te contamos todo lo que necesitas saber sobre las fiestas de este a\u00f1o, la programaci\u00f3n completa d\u00eda a d\u00eda, los eventos destacados, los horarios clave y c\u00f3mo puedes disfrutar de su famosa procesi\u00f3n mar\u00edtima desde una perspectiva \u00fanica.<\/p>\n<div style=\"background-color: #fdf2f2; border-left: 5px solid #cc3333; padding: 20px; margin: 25px 0; border-radius: 4px; font-family: sans-serif;\">\n<h3 style=\"margin-top: 0; color: #cc3333; font-size: 19px; font-weight: bold;\">\ud83d\udce2 Presentaci\u00f3n Oficial de las Fiestas 2026<\/h3>\n<p style=\"color: #333; font-size: 14.5px; line-height: 1.6;\">La Iglesia de San Jos\u00e9, en el Puerto de Mazarr\u00f3n, acogi\u00f3 el acto oficial de presentaci\u00f3n. Durante la cita, el p\u00e1rroco local destac\u00f3 el profundo significado religioso y humano de esta festividad tan arraigada, invitando formalmente a todos los vecinos y visitantes a participar activamente: <em>\u00abSon unos d\u00edas para compartir, reencontrarnos y mantener vivas nuestras tradiciones, participando tanto en los actos religiosos como en las actividades programadas\u00bb<\/em>.<\/p>\n<\/div>\n<h2><span style=\"color: #333399;\">\u00bfCu\u00e1ndo se celebran las Fiestas de la Virgen del Carmen en Mazarr\u00f3n 2026?<\/span><\/h2>\n<p>El periodo principal de las fiestas se desarrollar\u00e1 formalmente del <strong>10 al 16 de julio de 2026<\/strong>. No obstante, los actos lit\u00fargicos comenzar\u00e1n a sentirse unos d\u00edas antes: el <strong>martes 7 de julio<\/strong> dar\u00e1 inicio la tradicional Novena a la patrona, que se oficiar\u00e1 todas las tardes a las 19:30 h en honor a la Virgen hasta la llegada del d\u00eda grande.<\/p>\n<div style=\"background-color: #f9f9f9; border: 1px solid #e1e1e1; border-radius: 8px; padding: 20px; margin: 20px 0; font-family: sans-serif;\">\n<h3 style=\"margin-top: 0; color: #333399; font-size: 18px;\">\u2728 El Preg\u00f3n y Grandes Protagonistas<\/h3>\n<ul style=\"color: #444; font-size: 14.5px; line-height: 1.6; padding-left: 20px;\">\n<li><strong>La Pregonera:<\/strong> Este a\u00f1o el gran honor recae en <strong>D\u00f1a. Mari Carmen Mart\u00ednez Guirao<\/strong>, muy conocida y querida en el municipio por su vinculaci\u00f3n a la m\u00edtica <em>Helader\u00eda Venecia<\/em>.<\/li>\n<li><strong>Acto del Preg\u00f3n:<\/strong> Tendr\u00e1 lugar el <strong>viernes 10 de julio<\/strong> a las 20:00 h justo al t\u00e9rmino de la Santa Misa (19:30 h) en la Parroquia de San Jos\u00e9, dando el pistoletazo de salida oficial a los d\u00edas m\u00e1s festivos.<\/li>\n<\/ul>\n<\/div>\n<h2><span style=\"color: #333399;\">Programa Completo de las Fiestas de la Virgen del Carmen 2026<\/span><\/h2>\n<p>A continuaci\u00f3n, te detallamos toda la agenda de actos, horarios y localizaciones para que no te pierdas ninguna de las actividades programadas por la Concejal\u00eda de Festejos, Pesca y la Asociaci\u00f3n de Vecinos del Puerto de Mazarr\u00f3n:<\/p>\n<h3>\ud83d\udcc5 Viernes 10 de julio \u2013 El Preg\u00f3n Oficial<\/h3>\n<ul>\n<li><strong>19:30 h:<\/strong> Santa Misa.<\/li>\n<li><strong>20:00 h:<\/strong> <strong>Solemne Preg\u00f3n<\/strong> a cargo de D\u00f1a. Mari Carmen Mart\u00ednez Guirao.<\/li>\n<li><strong>Durante la velada:<\/strong> Acto de homenaje con entrega de placas y distinciones a los pescadores jubilados y, a t\u00edtulo p\u00f3stumo, a los pescadores fallecidos. El acto estar\u00e1 amenizado por el grupo musical <strong>Cadenza D\u00fao<\/strong>, integrado por Blanca Redondo y Guillermo Miras.<\/li>\n<li><strong>Lugar:<\/strong> Parroquia de San Jos\u00e9 de Puerto de Mazarr\u00f3n.<\/li>\n<\/ul>\n<h3>\ud83d\udcc5 S\u00e1bado 11 de julio \u2013 Juegos Infantiles y Musical Familiar<\/h3>\n<ul>\n<li><strong>18:00 h:<\/strong> <strong>Jornada de Juegos Populares Infantiles<\/strong>. Los m\u00e1s peque\u00f1os podr\u00e1n disfrutar de una divertida tarde con carreras de sacos, el juego del pa\u00f1uelo, tira y afloja, y la carrera de cuchara y huevo.<\/li>\n<li><strong>22:00 h:<\/strong> Espect\u00e1culo musical familiar <strong>\u00abLas Aventuras de Stitch &amp; Angel\u00bb<\/strong> (Canta, Juega, Baila) a cargo del Grupo Golosinas.<\/li>\n<li><strong>Lugar:<\/strong> Plaza Campe\u00f3n Pedro Acosta (junto al escenario).<\/li>\n<\/ul>\n<h3>\ud83d\udcc5 Domingo 12 de julio \u2013 Conciencia Medioambiental<\/h3>\n<ul>\n<li><strong>18:30 h a 20:30 h:<\/strong> <strong>Jornada Medioambiental \u00abCuidemos Nuestro Mar\u00bb<\/strong>. Una actividad de limpieza de la Playa del Paseo de Puerto de Mazarr\u00f3n organizada en colaboraci\u00f3n con la Asociaci\u00f3n de Vecinos.<\/li>\n<li><strong>Punto de encuentro:<\/strong> Monumento al Pescador, Plaza Campe\u00f3n Pedro Acosta.<\/li>\n<\/ul>\n<h3>\ud83d\udcc5 Mi\u00e9rcoles 15 de julio \u2013 Ofrenda Floral Solidaria y Conciertos<\/h3>\n<ul>\n<li><strong>20:00 h:<\/strong> Ofrenda solidaria a cargo de C\u00e1ritas de la Parroquia de Puerto de Mazarr\u00f3n.<\/li>\n<li><strong>22:00 h:<\/strong> Acto oficial de <strong>Ofrenda Floral<\/strong> a la Sant\u00edsima Virgen del Carmen, con la actuaci\u00f3n de la <strong>Escuela de Baile Ana Ruiz<\/strong>.<\/li>\n<li><strong>23:00 h:<\/strong> Concierto a cargo de la <strong>Coral del Centro Social de Mayores<\/strong> de Puerto de Mazarr\u00f3n y actuaci\u00f3n musical de la <strong>Rondalla de Mazarr\u00f3n<\/strong>.<\/li>\n<li><strong>Lugar:<\/strong> Plaza Campe\u00f3n Pedro Acosta.<\/li>\n<\/ul>\n<h3>\ud83d\udcc5 Jueves 16 de julio \u2013 El D\u00eda Grande y Concierto de \u00abLas Carlotas\u00bb<\/h3>\n<ul>\n<li><strong>Tarde:<\/strong> Traslado de la imagen, Ofrenda Floral en el mar y la espectacular <strong>Procesi\u00f3n Mar\u00edtima<\/strong> a bordo del pesquero <em>\u00abParedes Garc\u00eda II\u00bb<\/em>.<\/li>\n<li><strong>19:10 h (Hora aproximada):<\/strong> Actuaci\u00f3n musical a la llegada de la Virgen del Carmen al Paseo Mar\u00edtimo durante la procesi\u00f3n terrestre.<\/li>\n<li><strong>22:30 h:<\/strong> Gran concierto gratuito de las reconocidas artistas de flamenco <strong>\u00abLas Carlotas\u00bb<\/strong>.<\/li>\n<li><strong>Lugar del concierto:<\/strong> Plaza Campe\u00f3n Pedro Acosta.<\/li>\n<\/ul>\n<h2><span style=\"color: #333399;\">La Procesi\u00f3n Mar\u00edtima: El coraz\u00f3n de la fiesta y un emotivo homenaje<\/span><\/h2>\n<p>El momento cumbre de las celebraciones tiene lugar la tarde del <strong>jueves 16 de julio de 2026<\/strong>, festividad de la Virgen del Carmen. Tras la tradicional eucarist\u00eda y el traslado de la imagen desde la Iglesia Parroquial de San Jos\u00e9 hasta el muelle, dar\u00e1 comienzo la impresionante procesi\u00f3n marinera.<\/p>\n<p>Este a\u00f1o, la traves\u00eda estar\u00e1 cargada de una gran emotividad. El barco pesquero designado para portar la sagrada imagen de la Virgen ser\u00e1 el <strong>\u00abParedes Garc\u00eda II\u00bb<\/strong>. Esta elecci\u00f3n tiene un significado muy especial para la comunidad marinera local, ya que se rendir\u00e1 un sentido homenaje a Manuel, fallecido a bordo de dicha embarcaci\u00f3n el pasado mes de abril.<\/p>\n<p>La talla de la Virgen iniciar\u00e1 su emocionante recorrido por las aguas de la bah\u00eda de Mazarr\u00f3n escoltada por decenas de embarcaciones engalanadas, regalando una de las estampas m\u00e1s hermosas del verano murciano que culmina con la sentida ofrenda floral en el mar en memoria de los marineros fallecidos.<\/p>\n<div style=\"background-color: #fff5f5; border-left: 5px solid #b81d24; padding: 20px; margin: 20px 0; border-radius: 4px; font-family: sans-serif;\">\n<h3 style=\"margin-top: 0; color: #b81d24; font-size: 18px; font-weight: bold;\">\ud83c\udfb6 Noche de M\u00fasica tras la Procesi\u00f3n<\/h3>\n<p style=\"color: #444; font-size: 14.5px; line-height: 1.6;\">El mismo <strong>jueves 16 de julio<\/strong>, al finalizar la procesi\u00f3n terrestre, la actividad se trasladar\u00e1 a la <strong>Plaza Campe\u00f3n Pedro Acosta<\/strong> en el Puerto de Mazarr\u00f3n. El broche de oro llegar\u00e1 con la gran actuaci\u00f3n en directo del reconocido d\u00fao flamenco <strong>\u00abLas Carlotas\u00bb<\/strong> a las 22:30 h, un concierto gratuito ideal para cerrar la festividad por todo lo alto.<\/p>\n<\/div>\n<h2><span style=\"color: #333399;\">\u00bfC\u00f3mo vivir la procesi\u00f3n? \u00a1Puedes ir en barco!<\/span><\/h2>\n<p>Aunque miles de personas se agolpan en el puerto y a lo largo del Paseo Mar\u00edtimo para contemplar el desfile de embarcaciones, la forma m\u00e1s espectacular y genuina de experimentar esta festividad es <strong>formar parte de la propia procesi\u00f3n mar\u00edtima<\/strong>.<\/p>\n<p>Si no dispones de una embarcaci\u00f3n propia, \u00a1no te preocupes! Tienes la oportunidad perfecta para navegar junto a la patrona de los mares: <strong>puedes ir en barco reservando tu plaza en excursiones mar\u00edtimas organizadas<\/strong>.<\/p>\n<p>Compa\u00f1\u00edas locales como <strong><a href=\"https:\/\/stelartrips.com\/es\/virgendelcarmen\" target=\"_blank\" rel=\"noopener\"><i>Stelar Trips<\/i><\/a><\/strong> ofrecen salidas especiales el <strong>16 de julio de 2026<\/strong> desde el Puerto Deportivo de Mazarr\u00f3n (Amarre n\u00ba1). Esta experiencia te permitir\u00e1:<\/p>\n<ul style=\"line-height: 1.6;\">\n<li>Navegar en paralelo a la embarcaci\u00f3n \u00abParedes Garc\u00eda II\u00bb sintiendo el fervor desde el agua.<\/li>\n<li>Disfrutar de la procesi\u00f3n con comodidad gracias a aforos reducidos y adaptados para la ocasi\u00f3n.<\/li>\n<li>Asegurar tu sitio comprando los tiques anticipadamente en su web o de manera presencial en el barco a partir del 23 de junio.<\/li>\n<\/ul>\n<p><i>Nota: Al ser una fecha \u00fanica y el d\u00eda m\u00e1s especial del a\u00f1o, las plazas son muy limitadas, por lo que se recomienda realizar una reserva previa para no quedarte en tierra.<\/i><\/p>\n<h2><span style=\"color: #333399;\">Disfruta del Verano 2026 en Mazarr\u00f3n<\/span><\/h2>\n<p>Aprovechar las <strong>Fiestas de la Virgen del Carmen en Mazarr\u00f3n 2026<\/strong> te da la excusa perfecta para descubrir todo lo que la Costa C\u00e1lida ofrece. Durante todo el mes de julio, el Ayuntamiento y la Regi\u00f3n de Murcia organizan visitas guiadas gratuitas a la Lonja de Pescados, rutas de senderismo al atardecer por parajes naturales y actividades familiares que complementan tus d\u00edas de playa.<\/p>\n<p>Prepara tu escapada, reserva tu sitio en el mar y d\u00e9jate contagiar por la magia y la devoci\u00f3n de las fiestas marineras de Mazarr\u00f3n. \u00a1Una experiencia que recordar\u00e1s para siempre!<\/p>\n<h2><span style=\"color: #333399;\">Preguntas Frecuentes sobre las Fiestas de la Virgen del Carmen en Mazarr\u00f3n 2026<\/span><\/h2>\n<h3 style=\"color: #444; font-size: 16px; margin-top: 20px;\">\u00bfCu\u00e1ndo es la procesi\u00f3n mar\u00edtima de la Virgen del Carmen en el Puerto de Mazarr\u00f3n?<\/h3>\n<p>La tradicional procesi\u00f3n mar\u00edtima y terrestre se celebra el <strong>jueves 16 de julio de 2026<\/strong> por la tarde. Los actos comienzan tras la santa misa en la Iglesia de San Jos\u00e9, momento en el que la imagen es trasladada al muelle pesquero para embarcar. A la llegada al Paseo Mar\u00edtimo (aprox. 19:10 h), habr\u00e1 una actuaci\u00f3n musical dedicada.<\/p>\n<h3 style=\"color: #444; font-size: 16px; margin-top: 20px;\">\u00bfQu\u00e9 barco llevar\u00e1 a la Virgen del Carmen este a\u00f1o 2026?<\/h3>\n<p>En esta edici\u00f3n, la sagrada imagen de la patrona de los marineros ser\u00e1 portada por el pesquero local <strong>\u00abParedes Garc\u00eda II\u00bb<\/strong>, en un emotivo trayecto que servir\u00e1 tambi\u00e9n como homenaje en memoria de Manuel, marinero fallecido en dicha embarcaci\u00f3n el pasado mes de abril.<\/p>\n<h3 style=\"color: #444; font-size: 16px; margin-top: 20px;\">\u00bfD\u00f3nde y a qu\u00e9 hora es el concierto de Las Carlotas en Mazarr\u00f3n?<\/h3>\n<p>El concierto gratuito del reconocido d\u00fao flamenco <strong>Las Carlotas<\/strong> tendr\u00e1 lugar el <strong>jueves 16 de julio de 2026<\/strong> a las <strong>22:30 h<\/strong> en la <strong>Plaza Campe\u00f3n Pedro Acosta<\/strong> (Puerto de Mazarr\u00f3n), justo al finalizar la procesi\u00f3n terrestre que cierra los actos oficiales del d\u00eda grande.<\/p>\n<h3 style=\"color: #444; font-size: 16px; margin-top: 20px;\">\u00bfCu\u00e1ndo se celebra el preg\u00f3n de las fiestas y qui\u00e9n es la pregonera?<\/h3>\n<p>El acto del preg\u00f3n oficial se celebrar\u00e1 el <strong>viernes 10 de julio de 2026<\/strong> a las <strong>20:00 h<\/strong> tras la misa vespertina en la Parroquia de San Jos\u00e9. La pregonera de este a\u00f1o es <strong>D\u00f1a. Mari Carmen Mart\u00ednez Guirao<\/strong>, una vecina muy querida vinculada a la conocida Helader\u00eda Venecia del municipio.<\/p>\n<h3 style=\"color: #444; font-size: 16px; margin-top: 20px;\">\u00bfQu\u00e9 actividades infantiles y familiares hay programadas?<\/h3>\n<p>El <strong>s\u00e1bado 11 de julio<\/strong> se concentra la programaci\u00f3n familiar en la Plaza Campe\u00f3n Pedro Acosta: a las 18:00 h habr\u00e1 una <strong>Jornada de Juegos Populares Infantiles<\/strong> (sacos, pa\u00f1uelo, etc.) y a las 22:00 h el espect\u00e1culo musical infantil <strong>\u00abLas Aventuras de Stitch &amp; Angel\u00bb<\/strong>.<\/p>\n<h3 style=\"color: #444; font-size: 16px; margin-top: 20px;\">\u00bfEs necesario pagar entrada para los conciertos y festivales de las Fiestas del Carmen?<\/h3>\n<p>No, todas las actividades populares, el festival de baile de Ana Ruiz, el musical de Stitch, las actividades infantiles, las corales y el gran concierto de Las Carlotas son completamente <strong>gratuitos y de libre acceso<\/strong> hasta completar el aforo de las plazas y recintos habilitados.<\/p>\n<p><span style=\"color: #0073aa; font-size: 20px; background-color: #f4f7f6; font-family: sans-serif;\">\ud83d\udcc5 \u00a1No te pierdas nada!<\/span><\/p>\n<div style=\"background-color: #f4f7f6; border-left: 5px solid #0073aa; padding: 20px; margin: 20px 0; border-radius: 4px; font-family: sans-serif;\">\n<p style=\"color: #333333; font-size: 16px; line-height: 1.5;\">Consulta la programaci\u00f3n completa de eventos, conciertos y actividades culturales de este verano en nuestro municipio.<\/p>\n<p style=\"margin-bottom: 0px; text-align: center;\"><a style=\"background-color: #0073aa; color: #ffffff; padding: 10px 20px; text-decoration: none; font-weight: bold; border-radius: 3px; display: inline-block;\" href=\"https:\/\/mazarrononline.com\/en\/agenda-mazarron\/\" target=\"_blank\" rel=\"noopener\">Ver la Agenda de Mazarr\u00f3n \u2192<\/a><\/p>\n<\/div>","protected":false},"excerpt":{"rendered":"<p>El verano en la Regi\u00f3n de Murcia se viste de gala a mediados de julio para celebrar una de las tradiciones marineras m\u00e1s arraigadas y emotivas del litoral mediterr\u00e1neo. Las [&hellip;]<\/p>\n","protected":false},"author":1,"featured_media":4187,"comment_status":"open","ping_status":"open","sticky":false,"template":"","format":"standard","meta":{"footnotes":""},"categories":[87,71,27],"tags":[],"class_list":["post-4186","post","type-post","status-publish","format-standard","has-post-thumbnail","hentry","category-agenda","category-festividades","category-fiestas-patronales"],"blocksy_meta":[],"yoast_head":"<!-- This site is optimized with the Yoast SEO plugin v28.3 - https:\/\/yoast.com\/product\/yoast-seo-wordpress\/ -->\n<title>Fiestas de la Virgen del Carmen en Mazarr\u00f3n 2026: Gu\u00eda y Procesi\u00f3n en Barco<\/title>\n<meta name=\"description\" content=\"Descubre la magia de las Fiestas de la Virgen del Carmen en Mazarr\u00f3n 2026. Vive su emotiva procesi\u00f3n mar\u00edtima y ent\u00e9rate de c\u00f3mo ir en barco para una experiencia \u00fanica.\" \/>\n<meta name=\"robots\" content=\"index, follow, max-snippet:-1, max-image-preview:large, max-video-preview:-1\" \/>\n<link rel=\"canonical\" href=\"https:\/\/mazarrononline.com\/en\/fiestas-virgen-del-carmen-mazarron-2026\/\" \/>\n<meta property=\"og:locale\" content=\"en_GB\" \/>\n<meta property=\"og:type\" content=\"article\" \/>\n<meta property=\"og:title\" content=\"Fiestas de la Virgen del Carmen en Mazarr\u00f3n 2026: Gu\u00eda y Procesi\u00f3n en Barco\" \/>\n<meta property=\"og:description\" content=\"Descubre la magia de las Fiestas de la Virgen del Carmen en Mazarr\u00f3n 2026. Vive su emotiva procesi\u00f3n mar\u00edtima y ent\u00e9rate de c\u00f3mo ir en barco para una experiencia \u00fanica.\" \/>\n<meta property=\"og:url\" content=\"https:\/\/mazarrononline.com\/en\/fiestas-virgen-del-carmen-mazarron-2026\/\" \/>\n<meta property=\"og:site_name\" content=\"Mazarron Online\" \/>\n<meta property=\"article:published_time\" content=\"2026-07-05T09:51:00+00:00\" \/>\n<meta property=\"article:modified_time\" content=\"2026-07-07T15:26:06+00:00\" \/>\n<meta property=\"og:image\" content=\"https:\/\/mazarrononline.com\/wp-content\/uploads\/2026\/07\/fiestas-virgen-del-carmen-mazarron-2026-e1783245046838-1024x565.png\" \/>\n\t<meta property=\"og:image:width\" content=\"1024\" \/>\n\t<meta property=\"og:image:height\" content=\"565\" \/>\n\t<meta property=\"og:image:type\" content=\"image\/png\" \/>\n<meta name=\"author\" content=\"Leyre\" \/>\n<meta name=\"twitter:card\" content=\"summary_large_image\" \/>\n<meta name=\"twitter:label1\" content=\"Written by\" \/>\n\t<meta name=\"twitter:data1\" content=\"Leyre\" \/>\n\t<meta name=\"twitter:label2\" content=\"Estimated reading time\" \/>\n\t<meta name=\"twitter:data2\" content=\"8 minutes\" \/>\n<script type=\"application\/ld+json\" class=\"yoast-schema-graph\">{\"@context\":\"https:\\\/\\\/schema.org\",\"@graph\":[{\"@type\":\"Article\",\"@id\":\"https:\\\/\\\/mazarrononline.com\\\/fiestas-virgen-del-carmen-mazarron-2026\\\/#article\",\"isPartOf\":{\"@id\":\"https:\\\/\\\/mazarrononline.com\\\/fiestas-virgen-del-carmen-mazarron-2026\\\/\"},\"author\":{\"name\":\"Leyre\",\"@id\":\"https:\\\/\\\/mazarrononline.com\\\/#\\\/schema\\\/person\\\/d9631cc872d8c011f835a190d882e76d\"},\"headline\":\"Fiestas de la Virgen del Carmen en Mazarr\u00f3n 2026: Gu\u00eda y Procesi\u00f3n en Barco\",\"datePublished\":\"2026-07-05T09:51:00+00:00\",\"dateModified\":\"2026-07-07T15:26:06+00:00\",\"mainEntityOfPage\":{\"@id\":\"https:\\\/\\\/mazarrononline.com\\\/fiestas-virgen-del-carmen-mazarron-2026\\\/\"},\"wordCount\":1788,\"commentCount\":0,\"publisher\":{\"@id\":\"https:\\\/\\\/mazarrononline.com\\\/#organization\"},\"image\":{\"@id\":\"https:\\\/\\\/mazarrononline.com\\\/fiestas-virgen-del-carmen-mazarron-2026\\\/#primaryimage\"},\"thumbnailUrl\":\"https:\\\/\\\/mazarrononline.com\\\/wp-content\\\/uploads\\\/2026\\\/07\\\/fiestas-virgen-del-carmen-mazarron-2026-e1783245046838.png\",\"articleSection\":[\"Agenda\",\"Festividades\",\"Fiestas Patronales\"],\"inLanguage\":\"en-GB\",\"potentialAction\":[{\"@type\":\"CommentAction\",\"name\":\"Comment\",\"target\":[\"https:\\\/\\\/mazarrononline.com\\\/fiestas-virgen-del-carmen-mazarron-2026\\\/#respond\"]}]},{\"@type\":\"WebPage\",\"@id\":\"https:\\\/\\\/mazarrononline.com\\\/fiestas-virgen-del-carmen-mazarron-2026\\\/\",\"url\":\"https:\\\/\\\/mazarrononline.com\\\/fiestas-virgen-del-carmen-mazarron-2026\\\/\",\"name\":\"Fiestas de la Virgen del Carmen en Mazarr\u00f3n 2026: Gu\u00eda y Procesi\u00f3n en Barco\",\"isPartOf\":{\"@id\":\"https:\\\/\\\/mazarrononline.com\\\/#website\"},\"primaryImageOfPage\":{\"@id\":\"https:\\\/\\\/mazarrononline.com\\\/fiestas-virgen-del-carmen-mazarron-2026\\\/#primaryimage\"},\"image\":{\"@id\":\"https:\\\/\\\/mazarrononline.com\\\/fiestas-virgen-del-carmen-mazarron-2026\\\/#primaryimage\"},\"thumbnailUrl\":\"https:\\\/\\\/mazarrononline.com\\\/wp-content\\\/uploads\\\/2026\\\/07\\\/fiestas-virgen-del-carmen-mazarron-2026-e1783245046838.png\",\"datePublished\":\"2026-07-05T09:51:00+00:00\",\"dateModified\":\"2026-07-07T15:26:06+00:00\",\"description\":\"Descubre la magia de las Fiestas de la Virgen del Carmen en Mazarr\u00f3n 2026. Vive su emotiva procesi\u00f3n mar\u00edtima y ent\u00e9rate de c\u00f3mo ir en barco para una experiencia \u00fanica.\",\"breadcrumb\":{\"@id\":\"https:\\\/\\\/mazarrononline.com\\\/fiestas-virgen-del-carmen-mazarron-2026\\\/#breadcrumb\"},\"inLanguage\":\"en-GB\",\"potentialAction\":[{\"@type\":\"ReadAction\",\"target\":[\"https:\\\/\\\/mazarrononline.com\\\/fiestas-virgen-del-carmen-mazarron-2026\\\/\"]}]},{\"@type\":\"ImageObject\",\"inLanguage\":\"en-GB\",\"@id\":\"https:\\\/\\\/mazarrononline.com\\\/fiestas-virgen-del-carmen-mazarron-2026\\\/#primaryimage\",\"url\":\"https:\\\/\\\/mazarrononline.com\\\/wp-content\\\/uploads\\\/2026\\\/07\\\/fiestas-virgen-del-carmen-mazarron-2026-e1783245046838.png\",\"contentUrl\":\"https:\\\/\\\/mazarrononline.com\\\/wp-content\\\/uploads\\\/2026\\\/07\\\/fiestas-virgen-del-carmen-mazarron-2026-e1783245046838.png\",\"width\":1260,\"height\":695,\"caption\":\"fiestas-virgen-del-carmen-mazarron-2026\"},{\"@type\":\"BreadcrumbList\",\"@id\":\"https:\\\/\\\/mazarrononline.com\\\/fiestas-virgen-del-carmen-mazarron-2026\\\/#breadcrumb\",\"itemListElement\":[{\"@type\":\"ListItem\",\"position\":1,\"name\":\"Portada\",\"item\":\"https:\\\/\\\/mazarrononline.com\\\/\"},{\"@type\":\"ListItem\",\"position\":2,\"name\":\"Fiestas de la Virgen del Carmen en Mazarr\u00f3n 2026: Gu\u00eda y Procesi\u00f3n en Barco\"}]},{\"@type\":\"WebSite\",\"@id\":\"https:\\\/\\\/mazarrononline.com\\\/#website\",\"url\":\"https:\\\/\\\/mazarrononline.com\\\/\",\"name\":\"Mazarron Online\",\"description\":\"\",\"publisher\":{\"@id\":\"https:\\\/\\\/mazarrononline.com\\\/#organization\"},\"potentialAction\":[{\"@type\":\"SearchAction\",\"target\":{\"@type\":\"EntryPoint\",\"urlTemplate\":\"https:\\\/\\\/mazarrononline.com\\\/?s={search_term_string}\"},\"query-input\":{\"@type\":\"PropertyValueSpecification\",\"valueRequired\":true,\"valueName\":\"search_term_string\"}}],\"inLanguage\":\"en-GB\"},{\"@type\":\"Organization\",\"@id\":\"https:\\\/\\\/mazarrononline.com\\\/#organization\",\"name\":\"Mazarron Online\",\"url\":\"https:\\\/\\\/mazarrononline.com\\\/\",\"logo\":{\"@type\":\"ImageObject\",\"inLanguage\":\"en-GB\",\"@id\":\"https:\\\/\\\/mazarrononline.com\\\/#\\\/schema\\\/logo\\\/image\\\/\",\"url\":\"https:\\\/\\\/mazarrononline.com\\\/wp-content\\\/uploads\\\/2026\\\/03\\\/mazarrononline.com_.png\",\"contentUrl\":\"https:\\\/\\\/mazarrononline.com\\\/wp-content\\\/uploads\\\/2026\\\/03\\\/mazarrononline.com_.png\",\"width\":891,\"height\":340,\"caption\":\"Mazarron Online\"},\"image\":{\"@id\":\"https:\\\/\\\/mazarrononline.com\\\/#\\\/schema\\\/logo\\\/image\\\/\"}},{\"@type\":\"Person\",\"@id\":\"https:\\\/\\\/mazarrononline.com\\\/#\\\/schema\\\/person\\\/d9631cc872d8c011f835a190d882e76d\",\"name\":\"Leyre\",\"image\":{\"@type\":\"ImageObject\",\"inLanguage\":\"en-GB\",\"@id\":\"https:\\\/\\\/secure.gravatar.com\\\/avatar\\\/3c782ce00e025f94599c550917c21e50e8a575481f274333674068bc26c1b3ff?s=96&d=mm&r=g\",\"url\":\"https:\\\/\\\/secure.gravatar.com\\\/avatar\\\/3c782ce00e025f94599c550917c21e50e8a575481f274333674068bc26c1b3ff?s=96&d=mm&r=g\",\"contentUrl\":\"https:\\\/\\\/secure.gravatar.com\\\/avatar\\\/3c782ce00e025f94599c550917c21e50e8a575481f274333674068bc26c1b3ff?s=96&d=mm&r=g\",\"caption\":\"Leyre\"},\"description\":\"Apasionada del periodismo de viajes y la cultura local, de Mazarr\u00f3n, donde recorro cada d\u00eda los rincones, playas y eventos. Estoy Especializada en gu\u00edas de turismo, ocio y gastronom\u00eda de Mazarr\u00f3n, comparto consejos pr\u00e1cticos y recomendaciones de primera mano para ayudar a vecinos y visitantes a disfrutar al m\u00e1ximo del municipio.\",\"sameAs\":[\"https:\\\/\\\/mazarrononline.com\"],\"url\":\"https:\\\/\\\/mazarrononline.com\\\/en\\\/author\\\/todalainformacionweb\\\/\"}]}<\/script>\n<!-- \/ Yoast SEO plugin. -->","yoast_head_json":{"title":"Fiestas de la Virgen del Carmen en Mazarr\u00f3n 2026: Gu\u00eda y Procesi\u00f3n en Barco","description":"Descubre la magia de las Fiestas de la Virgen del Carmen en Mazarr\u00f3n 2026. Vive su emotiva procesi\u00f3n mar\u00edtima y ent\u00e9rate de c\u00f3mo ir en barco para una experiencia \u00fanica.","robots":{"index":"index","follow":"follow","max-snippet":"max-snippet:-1","max-image-preview":"max-image-preview:large","max-video-preview":"max-video-preview:-1"},"canonical":"https:\/\/mazarrononline.com\/en\/fiestas-virgen-del-carmen-mazarron-2026\/","og_locale":"en_GB","og_type":"article","og_title":"Fiestas de la Virgen del Carmen en Mazarr\u00f3n 2026: Gu\u00eda y Procesi\u00f3n en Barco","og_description":"Descubre la magia de las Fiestas de la Virgen del Carmen en Mazarr\u00f3n 2026. Vive su emotiva procesi\u00f3n mar\u00edtima y ent\u00e9rate de c\u00f3mo ir en barco para una experiencia \u00fanica.","og_url":"https:\/\/mazarrononline.com\/en\/fiestas-virgen-del-carmen-mazarron-2026\/","og_site_name":"Mazarron Online","article_published_time":"2026-07-05T09:51:00+00:00","article_modified_time":"2026-07-07T15:26:06+00:00","og_image":[{"width":1024,"height":565,"url":"https:\/\/mazarrononline.com\/wp-content\/uploads\/2026\/07\/fiestas-virgen-del-carmen-mazarron-2026-e1783245046838-1024x565.png","type":"image\/png"}],"author":"Leyre","twitter_card":"summary_large_image","twitter_misc":{"Written by":"Leyre","Estimated reading time":"8 minutes"},"schema":{"@context":"https:\/\/schema.org","@graph":[{"@type":"Article","@id":"https:\/\/mazarrononline.com\/fiestas-virgen-del-carmen-mazarron-2026\/#article","isPartOf":{"@id":"https:\/\/mazarrononline.com\/fiestas-virgen-del-carmen-mazarron-2026\/"},"author":{"name":"Leyre","@id":"https:\/\/mazarrononline.com\/#\/schema\/person\/d9631cc872d8c011f835a190d882e76d"},"headline":"Fiestas de la Virgen del Carmen en Mazarr\u00f3n 2026: Gu\u00eda y Procesi\u00f3n en Barco","datePublished":"2026-07-05T09:51:00+00:00","dateModified":"2026-07-07T15:26:06+00:00","mainEntityOfPage":{"@id":"https:\/\/mazarrononline.com\/fiestas-virgen-del-carmen-mazarron-2026\/"},"wordCount":1788,"commentCount":0,"publisher":{"@id":"https:\/\/mazarrononline.com\/#organization"},"image":{"@id":"https:\/\/mazarrononline.com\/fiestas-virgen-del-carmen-mazarron-2026\/#primaryimage"},"thumbnailUrl":"https:\/\/mazarrononline.com\/wp-content\/uploads\/2026\/07\/fiestas-virgen-del-carmen-mazarron-2026-e1783245046838.png","articleSection":["Agenda","Festividades","Fiestas Patronales"],"inLanguage":"en-GB","potentialAction":[{"@type":"CommentAction","name":"Comment","target":["https:\/\/mazarrononline.com\/fiestas-virgen-del-carmen-mazarron-2026\/#respond"]}]},{"@type":"WebPage","@id":"https:\/\/mazarrononline.com\/fiestas-virgen-del-carmen-mazarron-2026\/","url":"https:\/\/mazarrononline.com\/fiestas-virgen-del-carmen-mazarron-2026\/","name":"Fiestas de la Virgen del Carmen en Mazarr\u00f3n 2026: Gu\u00eda y Procesi\u00f3n en Barco","isPartOf":{"@id":"https:\/\/mazarrononline.com\/#website"},"primaryImageOfPage":{"@id":"https:\/\/mazarrononline.com\/fiestas-virgen-del-carmen-mazarron-2026\/#primaryimage"},"image":{"@id":"https:\/\/mazarrononline.com\/fiestas-virgen-del-carmen-mazarron-2026\/#primaryimage"},"thumbnailUrl":"https:\/\/mazarrononline.com\/wp-content\/uploads\/2026\/07\/fiestas-virgen-del-carmen-mazarron-2026-e1783245046838.png","datePublished":"2026-07-05T09:51:00+00:00","dateModified":"2026-07-07T15:26:06+00:00","description":"Descubre la magia de las Fiestas de la Virgen del Carmen en Mazarr\u00f3n 2026. Vive su emotiva procesi\u00f3n mar\u00edtima y ent\u00e9rate de c\u00f3mo ir en barco para una experiencia \u00fanica.","breadcrumb":{"@id":"https:\/\/mazarrononline.com\/fiestas-virgen-del-carmen-mazarron-2026\/#breadcrumb"},"inLanguage":"en-GB","potentialAction":[{"@type":"ReadAction","target":["https:\/\/mazarrononline.com\/fiestas-virgen-del-carmen-mazarron-2026\/"]}]},{"@type":"ImageObject","inLanguage":"en-GB","@id":"https:\/\/mazarrononline.com\/fiestas-virgen-del-carmen-mazarron-2026\/#primaryimage","url":"https:\/\/mazarrononline.com\/wp-content\/uploads\/2026\/07\/fiestas-virgen-del-carmen-mazarron-2026-e1783245046838.png","contentUrl":"https:\/\/mazarrononline.com\/wp-content\/uploads\/2026\/07\/fiestas-virgen-del-carmen-mazarron-2026-e1783245046838.png","width":1260,"height":695,"caption":"fiestas-virgen-del-carmen-mazarron-2026"},{"@type":"BreadcrumbList","@id":"https:\/\/mazarrononline.com\/fiestas-virgen-del-carmen-mazarron-2026\/#breadcrumb","itemListElement":[{"@type":"ListItem","position":1,"name":"Portada","item":"https:\/\/mazarrononline.com\/"},{"@type":"ListItem","position":2,"name":"Fiestas de la Virgen del Carmen en Mazarr\u00f3n 2026: Gu\u00eda y Procesi\u00f3n en Barco"}]},{"@type":"WebSite","@id":"https:\/\/mazarrononline.com\/#website","url":"https:\/\/mazarrononline.com\/","name":"Mazarron Online","description":"","publisher":{"@id":"https:\/\/mazarrononline.com\/#organization"},"potentialAction":[{"@type":"SearchAction","target":{"@type":"EntryPoint","urlTemplate":"https:\/\/mazarrononline.com\/?s={search_term_string}"},"query-input":{"@type":"PropertyValueSpecification","valueRequired":true,"valueName":"search_term_string"}}],"inLanguage":"en-GB"},{"@type":"Organization","@id":"https:\/\/mazarrononline.com\/#organization","name":"Mazarron Online","url":"https:\/\/mazarrononline.com\/","logo":{"@type":"ImageObject","inLanguage":"en-GB","@id":"https:\/\/mazarrononline.com\/#\/schema\/logo\/image\/","url":"https:\/\/mazarrononline.com\/wp-content\/uploads\/2026\/03\/mazarrononline.com_.png","contentUrl":"https:\/\/mazarrononline.com\/wp-content\/uploads\/2026\/03\/mazarrononline.com_.png","width":891,"height":340,"caption":"Mazarron Online"},"image":{"@id":"https:\/\/mazarrononline.com\/#\/schema\/logo\/image\/"}},{"@type":"Person","@id":"https:\/\/mazarrononline.com\/#\/schema\/person\/d9631cc872d8c011f835a190d882e76d","name":"Leyre","image":{"@type":"ImageObject","inLanguage":"en-GB","@id":"https:\/\/secure.gravatar.com\/avatar\/3c782ce00e025f94599c550917c21e50e8a575481f274333674068bc26c1b3ff?s=96&d=mm&r=g","url":"https:\/\/secure.gravatar.com\/avatar\/3c782ce00e025f94599c550917c21e50e8a575481f274333674068bc26c1b3ff?s=96&d=mm&r=g","contentUrl":"https:\/\/secure.gravatar.com\/avatar\/3c782ce00e025f94599c550917c21e50e8a575481f274333674068bc26c1b3ff?s=96&d=mm&r=g","caption":"Leyre"},"description":"Apasionada del periodismo de viajes y la cultura local, de Mazarr\u00f3n, donde recorro cada d\u00eda los rincones, playas y eventos. Estoy Especializada en gu\u00edas de turismo, ocio y gastronom\u00eda de Mazarr\u00f3n, comparto consejos pr\u00e1cticos y recomendaciones de primera mano para ayudar a vecinos y visitantes a disfrutar al m\u00e1ximo del municipio.","sameAs":["https:\/\/mazarrononline.com"],"url":"https:\/\/mazarrononline.com\/en\/author\/todalainformacionweb\/"}]}},"_links":{"self":[{"href":"https:\/\/mazarrononline.com\/en\/wp-json\/wp\/v2\/posts\/4186","targetHints":{"allow":["GET"]}}],"collection":[{"href":"https:\/\/mazarrononline.com\/en\/wp-json\/wp\/v2\/posts"}],"about":[{"href":"https:\/\/mazarrononline.com\/en\/wp-json\/wp\/v2\/types\/post"}],"author":[{"embeddable":true,"href":"https:\/\/mazarrononline.com\/en\/wp-json\/wp\/v2\/users\/1"}],"replies":[{"embeddable":true,"href":"https:\/\/mazarrononline.com\/en\/wp-json\/wp\/v2\/comments?post=4186"}],"version-history":[{"count":6,"href":"https:\/\/mazarrononline.com\/en\/wp-json\/wp\/v2\/posts\/4186\/revisions"}],"predecessor-version":[{"id":4214,"href":"https:\/\/mazarrononline.com\/en\/wp-json\/wp\/v2\/posts\/4186\/revisions\/4214"}],"wp:featuredmedia":[{"embeddable":true,"href":"https:\/\/mazarrononline.com\/en\/wp-json\/wp\/v2\/media\/4187"}],"wp:attachment":[{"href":"https:\/\/mazarrononline.com\/en\/wp-json\/wp\/v2\/media?parent=4186"}],"wp:term":[{"taxonomy":"category","embeddable":true,"href":"https:\/\/mazarrononline.com\/en\/wp-json\/wp\/v2\/categories?post=4186"},{"taxonomy":"post_tag","embeddable":true,"href":"https:\/\/mazarrononline.com\/en\/wp-json\/wp\/v2\/tags?post=4186"}],"curies":[{"name":"wp","href":"https:\/\/api.w.org\/{rel}","templated":true}]}}