{"id":4002,"date":"2026-08-21T12:13:10","date_gmt":"2026-08-21T12:13:10","guid":{"rendered":"https:\/\/mazarrononline.com\/?p=4002"},"modified":"2026-08-22T18:10:55","modified_gmt":"2026-08-22T18:10:55","slug":"que-hacer-en-mazarron-en-agosto","status":"publish","type":"post","link":"https:\/\/mazarrononline.com\/en\/que-hacer-en-mazarron-en-agosto\/","title":{"rendered":"Qu\u00e9 hacer en Mazarr\u00f3n en Agosto 2026: Agenda de Actividades"},"content":{"rendered":"<p>\u00a1El mes m\u00e1s fuerte del verano ya est\u00e1 aqu\u00ed y la <strong>Bah\u00eda de Mazarr\u00f3n<\/strong> despliega todo su potencial! Si est\u00e1s planeando tus vacaciones o te preguntas <strong>qu\u00e9 hacer en Mazarr\u00f3n en agosto<\/strong>, la Concejal\u00eda de Turismo y Cultura ha preparado una programaci\u00f3n cultural, deportiva y de ocio espectacular para este mes de <strong>agosto de 2026<\/strong>.<\/p>\n<p>Desde ver el amanecer o pasear bajo las estrellas en rutas nocturnas singulares, hasta disfrutar de los \u00faltimos estrenos de cine, grandes conciertos y shows infantiles en primera l\u00ednea de playa. Prepara tu calendario y no te pierdas nada de la agenda m\u00e1s completa del a\u00f1o.<\/p>\n<h2 style=\"color: #333399; border-left: 4px solid #333399; padding-left: 8px; margin-top: 30px;\">\ud83c\udfa1 \u00a1Atracci\u00f3n Estrella! Noria Mirador Princess en el Paseo del Puerto<\/h2>\n<p>\u00a1Ya est\u00e1 en funcionamiento la Noria Mirador Princess en el Paseo del Puerto de Mazarr\u00f3n! Disfruta de una experiencia \u00fanica desde las alturas en la noria m\u00e1s grande instalada hasta la fecha en la Regi\u00f3n de Murcia. Con sus 45 metros de altura, cabinas climatizadas con capacidad para 8 personas e impresionantes vistas panor\u00e1micas de 360\u00b0, se convierte en el plan imprescindible de este verano. Adem\u00e1s, est\u00e1 totalmente adaptada para personas con movilidad reducida.<\/p>\n<div style=\"background-color: #fdf6e2; border: 1px solid #f3d996; border-radius: 8px; padding: 20px; margin: 20px 0; font-family: sans-serif;\">\n<h3 style=\"margin-top: 0; color: #7d5a00; font-size: 18px;\">\ud83d\udccb Detalles de la Atracci\u00f3n<\/h3>\n<ul style=\"color: #4e4222; font-size: 14px; line-height: 1.6; padding-left: 20px;\">\n<li><strong>Ubicaci\u00f3n:<\/strong> Paseo del Puerto de Mazarr\u00f3n.<\/li>\n<li><strong>Disponibilidad:<\/strong> Durante todo el mes de agosto hasta octubre de 2026.<\/li>\n<\/ul>\n<p style=\"margin-bottom: 5px; font-weight: bold; color: #7d5a00;\">\u23f0 Horarios de Apertura:<\/p>\n<ul style=\"color: #4e4222; font-size: 14px; line-height: 1.6; padding-left: 20px; margin-top: 0;\">\n<li><strong>De Lunes a Viernes:<\/strong> 11:00 h a 14:00 h y de 18:00 h a 00:00 h.<\/li>\n<li><strong>S\u00e1bados, Domingos y Festivos:<\/strong> 11:00 h a 01:00 h.<\/li>\n<\/ul>\n<p style=\"margin-top: 10px; font-size: 13.5px; color: #7d5a00; font-style: italic;\">\u26a0\ufe0f Importante: Es una atracci\u00f3n gestionada por una empresa privada. Consulta los precios directamente en la taquilla del recinto.<\/p>\n<\/div>\n<h2 style=\"color: #333399; border-left: 4px solid #333399; padding-left: 8px; margin-top: 30px;\">\ud83c\udfb5 Festival Mares de Papel 2026: Conciertos, Humor y Espect\u00e1culos<\/h2>\n<p>El Espacio Esc\u00e9nico del Complejo Deportivo de Mazarr\u00f3n se consolida como el epicentro cultural del verano con la nueva edici\u00f3n del festival <strong>Mares de Papel<\/strong>. Una oferta inigualable con grandes artistas de la escena nacional, comedia y shows tributo:<\/p>\n<div style=\"background-color: #f1f8ff; border: 1px solid #c8e1ff; border-radius: 8px; padding: 20px; margin: 20px 0; font-family: sans-serif;\">\n<h3 style=\"margin-top: 0; color: #0366d6; font-size: 18px;\">\ud83d\udccb Cartelera Completa de Agosto<\/h3>\n<ul style=\"color: #444; font-size: 14px; line-height: 1.6; padding-left: 20px;\">\n<li><strong>S\u00e1bado 1:<\/strong> Duncan Dhu \u2013 Gira 40 Aniversario.<\/li>\n<li><strong>Jueves 6:<\/strong> Festival Indie Pop (La Llave + No Vire).<\/li>\n<li><strong>Viernes 7:<\/strong> Tributos Internacionales: Totally Tina + A Taste of Robbie Williams.<\/li>\n<li><strong>S\u00e1bado 8:<\/strong> Concierto de <strong>Rev\u00f3lver<\/strong>.<\/li>\n<li><strong>Mi\u00e9rcoles 12:<\/strong> Show K-Pop Tribute \u00abLas Guerreras\u00bb.<\/li>\n<li><strong>Jueves 13:<\/strong> Espect\u00e1culo de Humor con <strong>Los Morancos<\/strong>.<\/li>\n<li><strong>Viernes 14:<\/strong> Comedia con Aguilera y Meni.<\/li>\n<li><strong>S\u00e1bado 15:<\/strong> Gran Noche de Rock: <strong>Orquesta Mondrag\u00f3n + Burning + Apache<\/strong>.<\/li>\n<li><strong>Domingo 16:<\/strong> Tributos al Rock Espa\u00f1ol: H\u00e9roes del Silencio (Iberia Sumergida) y El Canto del Loco (La Esencia del Loco).<\/li>\n<li><strong>Viernes 21:<\/strong> El Canijo de Jerez + Los Estanques.<\/li>\n<li><strong>S\u00e1bado 22:<\/strong> Michael&#8217;s Legacy (Homenaje Oficial a Michael Jackson).<\/li>\n<li><strong>S\u00e1bado 29:<\/strong> Taylormania (Tributo a Taylor Swift por Katy Ellis).<\/li>\n<li><strong>Domingo 30 (22:00 h):<\/strong> \ud83c\udf1f <em>Gran Musical Infantil \u00abEl Libro de la Selva: La Aventura de Mowgli\u00bb<\/em> (Gratuito hasta completar aforo).<\/li>\n<\/ul>\n<p style=\"color: #444; font-size: 13px; margin-top: 15px; margin-bottom: 0;\"><strong>Venta de Entradas:<\/strong> Reserva de localidades para espect\u00e1culos de pago en <a href=\"https:\/\/www.maresdepapel.es\" target=\"_blank\" rel=\"noopener\">www.maresdepapel.es<\/a> y <a href=\"https:\/\/www.compralaentrada.es\" target=\"_blank\" rel=\"noopener\">www.compralaentrada.es<\/a> o en la taquilla f\u00edsica de Plaza Toneleros (de martes a s\u00e1bado de 10:00 a 13:00 h y de 17:00 a 20:00 h).<\/p>\n<\/div>\n<h2 style=\"color: #333399; border-left: 4px solid #333399; padding-left: 8px; margin-top: 30px;\">\ud83e\udd7e Rutas de Senderismo: Descubre Mazarr\u00f3n a Pie<\/h2>\n<p>El senderismo en agosto se adapta al clima estival buscando las horas m\u00e1s frescas del d\u00eda. Este mes destacan dos citas m\u00e1gicas imprescindibles: la observaci\u00f3n de las L\u00e1grimas de San Lorenzo y la ruta nocturna de luna llena por Bolnuevo.<\/p>\n<div style=\"background-color: #f4fbf7; border: 1px solid #c3e6cb; border-radius: 8px; padding: 20px; margin: 25px 0; font-family: sans-serif;\">\n<h3 style=\"margin-top: 0; color: #28a745; font-size: 19px;\">\ud83d\udccd Calendario de Rutas y Senderos en Agosto<\/h3>\n<ul style=\"color: #444; font-size: 14px; line-height: 1.6; padding-left: 20px;\">\n<li><strong>Martes 4 (18:30 h):<\/strong> De Cabezo del Gavil\u00e1n a Cabezo del Faro.<\/li>\n<li><strong>Jueves 6 (17:30 h):<\/strong> Sierra del Algarrobo desde Los Rincones por rambla de La Perita.<\/li>\n<li><strong>Mi\u00e9rcoles 12 (21:00 h):<\/strong> \ud83c\udf0c <em>Nocturna L\u00e1grimas de San Lorenzo<\/em>. Una oportunidad \u00fanica para disfrutar de las Perseidas en un entorno natural privilegiado.<\/li>\n<li><strong>Viernes 14 (17:30 h):<\/strong> Vuelta a los Cabezos de Pastrana y Montej\u00fa por las ramblas de Pastrana y Malcamino.<\/li>\n<li><strong>Martes 18 (18:00 h):<\/strong> De Percheles a Puntas de Calnegre.<\/li>\n<li><strong>Jueves 20 (18:00 h):<\/strong> Subida a Pe\u00f1as Blancas por PR MU133.<\/li>\n<li><strong>Mi\u00e9rcoles 26 (18:30 h):<\/strong> Playa del Rihuete al Cabezo del Moj\u00f3n.<\/li>\n<li><strong>Viernes 28 (21:00 h):<\/strong> \ud83c\udf15 <em>Nocturna Luna Llena &#8211; Calas de Bolnuevo<\/em>. El regreso del recorrido costero m\u00e1s id\u00edlico bajo la luz plateada.<\/li>\n<\/ul>\n<p style=\"margin: 15px 0 0 0; font-size: 13px; color: #155724; font-style: italic;\">\u26a0\ufe0f Nota obligatoria: Para todas las rutas es imprescindible calzado cerrado de monta\u00f1a, linterna (para rutas nocturnas) y m\u00ednimo 1,5L de agua. Las inscripciones se abren gratuitamente una semana antes en la plataforma oficial.<\/p>\n<div style=\"text-align: left; margin-top: 15px;\"><a style=\"display: inline-block; background-color: #28a745; color: #ffffff; font-weight: bold; font-size: 14px; padding: 12px 20px; text-decoration: none; border-radius: 5px; box-shadow: 0 2px 4px rgba(0,0,0,0.1);\" href=\"https:\/\/visitamazarron.com\/agenda\" target=\"_blank\" rel=\"noopener\">\ud83c\udf9f\ufe0f Reservar Plaza en las Visitas de Agosto<\/a><\/div>\n<\/div>\n<h2 style=\"color: #333399; border-left: 4px solid #333399; padding-left: 8px; margin-top: 30px;\">\ud83c\udfdb\ufe0f Visitas Culturales e Itinerarios Hist\u00f3ricos<\/h2>\n<p>Las tardes de agosto son id\u00f3neas para adentrarse en los secretos arqueol\u00f3gicos y monumentales del municipio de la mano de gu\u00edas oficiales.<\/p>\n<div style=\"background-color: #f9f9f9; border: 1px solid #e1e1e1; border-radius: 8px; padding: 20px; margin: 20px 0; font-family: sans-serif;\">\n<h3 style=\"margin-top: 0; color: #cc3333; font-size: 18px;\">\ud83d\udccb Agenda de Itinerarios Culturales<\/h3>\n<table style=\"width: 100%; border-collapse: collapse; font-size: 14px; margin-top: 10px;\">\n<tbody>\n<tr style=\"border-bottom: 1px solid #eee;\">\n<td style=\"padding: 8px; font-weight: bold;\">Cabezo del Plomo:<\/td>\n<td style=\"padding: 8px;\">Mi\u00e9rcoles 5 (19:00 h).<\/td>\n<\/tr>\n<tr style=\"border-bottom: 1px solid #eee;\">\n<td style=\"padding: 8px; font-weight: bold;\">Hist\u00f3rica Puerto:<\/td>\n<td style=\"padding: 8px;\">Viernes 7 (18:30 h) y Martes 25 (18:30 h).<\/td>\n<\/tr>\n<tr style=\"border-bottom: 1px solid #eee;\">\n<td style=\"padding: 8px; font-weight: bold;\">Torre de los Caballos:<\/td>\n<td style=\"padding: 8px;\">Martes 11 (18:30 h).<\/td>\n<\/tr>\n<tr style=\"border-bottom: 1px solid #eee;\">\n<td style=\"padding: 8px; font-weight: bold;\">Minas de Mazarr\u00f3n:<\/td>\n<td style=\"padding: 8px;\">Jueves 13 (18:30 h) y Jueves 27 (18:30 h).<\/td>\n<\/tr>\n<tr style=\"border-bottom: 1px solid #eee;\">\n<td style=\"padding: 8px; font-weight: bold;\">Museo MAP:<\/td>\n<td style=\"padding: 8px;\">Mi\u00e9rcoles 19 (18:00 h).<\/td>\n<\/tr>\n<tr>\n<td style=\"padding: 8px; font-weight: bold;\">Hist\u00f3rica Mazarr\u00f3n:<\/td>\n<td style=\"padding: 8px;\">Viernes 21 (18:30 h).<\/td>\n<\/tr>\n<\/tbody>\n<\/table>\n<\/div>\n<h2 style=\"color: #333399; border-left: 4px solid #333399; padding-left: 8px; margin-top: 30px;\">\ud83d\udcfb Aniversario Radiof\u00f3nico y Exposiciones en Agosto<\/h2>\n<div style=\"background-color: #fff9db; border: 1px solid #ffe066; border-left: 5px solid #fcc419; border-radius: 8px; padding: 20px; margin: 20px 0; font-family: sans-serif;\">\n<h3 style=\"margin-top: 0; color: #925410; font-size: 18px;\">\ud83c\udf89 Concierto Especial: \u00abLos 50 Mejores A\u00f1os de Nuestra Vida\u00bb<\/h3>\n<p style=\"color: #495057; font-size: 14px; line-height: 1.6; margin-bottom: 0;\">El <strong>lunes 10 de agosto (desde las 19:00 h)<\/strong> la Plaza Toneleros acoger\u00e1 una gran fiesta con actuaciones musicales en vivo para conmemorar el 50\u00ba Aniversario de Radio Costa C\u00e1lida y el 25\u00ba Aniversario de Qu\u00e9 Arte Radio.<\/p>\n<\/div>\n<ul>\n<li><strong>Casino de Mazarr\u00f3n:<\/strong> Exposici\u00f3n <em>\u00abRock Museum: El Pirata\u00bb<\/em> dentro del ciclo Mares de Colores (Entrada gratuita durante todo el mes).<\/li>\n<li><strong>Factor\u00eda Romana de Salazones:<\/strong> Museo Arqueol\u00f3gico Municipal con su relevante colecci\u00f3n de lucernas romanas (Abierto M-S 09:00-14:00 h y 17:00-20:00 h; Dom 09:00-14:00 h).<\/li>\n<\/ul>\n<h2 style=\"color: #333399; border-left: 4px solid #333399; padding-left: 8px; margin-top: 30px;\">\ud83c\udfac Cine de Verano: Grandes Estrenos al Aire Libre<\/h2>\n<p>Las noches frente al mar se disfrutan mejor con palomitas. En agosto las proyecciones en la arena de la Playa de La Isla se adelantan a las <strong>21:30 h<\/strong> a finales de mes adapt\u00e1ndose a la luz solar.<\/p>\n<div style=\"background-color: #fff0f5; border: 1px solid #ffb6c1; border-radius: 8px; padding: 20px; margin: 25px 0; font-family: sans-serif;\">\n<h3 style=\"margin-top: 0; color: #ff1493; font-size: 18px;\">\ud83c\udf7f Cartelera de Cine Gratuito en la Playa<\/h3>\n<h4 style=\"color: #333; font-size: 15px; margin-bottom: 5px; margin-top: 15px;\">\ud83d\udcc5 Los Lunes Infantiles y Juveniles<\/h4>\n<ul style=\"color: #444; font-size: 14px; line-height: 1.6; padding-left: 20px; margin-top: 0;\">\n<li><strong>3 de agosto (22:00 h):<\/strong> Lilo &amp; Stitch (infantil)<\/li>\n<li><strong>10 de agosto (22:00 h):<\/strong> Sketch cuidado con lo que dibujas (infantil)<\/li>\n<li><strong>17 de agosto (21:30 h):<\/strong> Una pel\u00edcula de MINECRAFT (infantil) \ud83c\udfae<\/li>\n<li><strong>24 de agosto (21:30 h):<\/strong> SONIC 3 (infantil)<\/li>\n<li><strong>31 de agosto (21:30 h):<\/strong> POLIC\u00c1N (infantil)<\/li>\n<\/ul>\n<h4 style=\"color: #333; font-size: 15px; margin-bottom: 5px; margin-top: 15px;\">\ud83d\udcc5 Los Mi\u00e9rcoles para Todos los P\u00fablicos<\/h4>\n<ul style=\"color: #444; font-size: 14px; line-height: 1.6; padding-left: 20px; margin-top: 0;\">\n<li><strong>5 de agosto (22:00 h):<\/strong> El Especialista<\/li>\n<li><strong>12 de agosto (22:00 h):<\/strong> Misi\u00f3n imposible: sentencia final \ud83c\udfac<\/li>\n<li><strong>19 de agosto (21:30 h):<\/strong> Jurassic World: EL RENACER \ud83e\udd96<\/li>\n<li><strong>26 de agosto (21:30 h):<\/strong> Bob Marley: One Love<\/li>\n<\/ul>\n<\/div>\n<div style=\"background-color: #f0f7ff; border: 1px solid #c8e1ff; border-left: 6px solid #0056b3; border-radius: 6px; padding: 20px; margin: 25px 0; font-family: Arial, sans-serif;\">\n<h3 style=\"margin-top: 0; color: #0056b3; font-size: 18px; display: flex; align-align: center; gap: 8px;\">\ud83c\udfac \u00bfQuieres consultar la cartelera completa de cine este verano?<\/h3>\n<p style=\"color: #333333; font-size: 14.5px; line-height: 1.6; margin-bottom: 15px;\">No te pierdas ninguna pel\u00edcula en Mazarr\u00f3n. Consulta la programaci\u00f3n detallada, fechas y horarios de tus cines de verano favoritos:<\/p>\n<ul style=\"margin: 0; padding-left: 20px; color: #333333; font-size: 14.5px; line-height: 1.8;\">\n<li>\ud83d\udc49 <a style=\"font-weight: bold; color: #0056b3; text-decoration: underline;\" href=\"https:\/\/mazarrononline.com\/en\/cartelera-cine-bahia-julio\/\" target=\"_blank\" rel=\"noopener\">Ver cartelera completa del Cine Bah\u00eda<\/a><\/li>\n<li>\ud83d\udc49 <a style=\"font-weight: bold; color: #0056b3; text-decoration: underline;\" href=\"https:\/\/mazarrononline.com\/en\/cine-de-verano-playa-de-la-isla-mazarron\/\" target=\"_blank\" rel=\"noopener\">Ver programaci\u00f3n completa del Cine de Verano en la Playa de La Isla<\/a><\/li>\n<\/ul>\n<\/div>\n<h2 style=\"color: #333399; border-left: 4px solid #333399; padding-left: 8px; margin-top: 30px;\">\ud83c\udfad Animaci\u00f3n en los Paseos Mar\u00edtimos: Magia, Cuentos y Baile<\/h2>\n<p>Los fines de semana se llenan de magia y ritmo para los m\u00e1s peque\u00f1os de la casa en los paseos mar\u00edtimos de la costa:<\/p>\n<ul style=\"color: #444; font-size: 14.5px; line-height: 1.7;\">\n<li><strong>S\u00e1bados de Ilusionismo y Letras (22:00 h):<\/strong>\n<ul>\n<li>S\u00e1bado 1: Show de magia en el <em>Paseo del Puerto<\/em>.<\/li>\n<li>S\u00e1bado 8: Cuentacuentos infantil en el <em>Paseo de la Ermita<\/em>.<\/li>\n<li>S\u00e1bado 15: Cuentacuentos infantil en el <em>Paseo del Rihuete<\/em>.<\/li>\n<li>S\u00e1bado 22: Show de magia en el <em>Paseo del Puerto<\/em>.<\/li>\n<li>S\u00e1bado 29: Cuentacuentos infantil en el <em>Paseo de la Ermita<\/em>.<\/li>\n<\/ul>\n<\/li>\n<li><strong>Domingos de Baile y Ritmo con &#8216;JUST DANCE&#8217; (19:00 h):<\/strong>\n<ul>\n<li>Domingo 2 y Domingo 30: Show infantil de bailes y diversi\u00f3n en el <em>Paseo del Rihuete<\/em>.<\/li>\n<li>Domingo 9 y Domingo 23: Tarde de diversi\u00f3n coreogr\u00e1fica en el <em>Paseo del Puerto<\/em>.<\/li>\n<li>Domingo 16: Show infantil de bailes y diversi\u00f3n en el <em>Paseo de la Ermita<\/em>.<\/li>\n<\/ul>\n<\/li>\n<\/ul>\n<h2 style=\"color: #333399; border-left: 4px solid #333399; padding-left: 8px; margin-top: 30px;\">\ud83e\uddd8 Zumba, Aer\u00f3bic y Yoga: Tu Gimnasio Gratuito sobre la Arena<\/h2>\n<p>El programa de actividad f\u00edsica en las playas se mantiene de lunes a viernes en los puntos habituales:<\/p>\n<div style=\"background-color: #f0f8ff; border: 1px solid #afeeee; border-radius: 8px; padding: 20px; margin: 20px 0; font-family: sans-serif;\">\n<h3 style=\"margin-top: 0; color: #008b8b; font-size: 18px;\">\ud83c\udf0a Horarios Completos de Lunes a Viernes<\/h3>\n<ul style=\"color: #444; font-size: 14px; line-height: 1.6; padding-left: 20px;\">\n<li><strong>Playa del Puerto:<\/strong> Clases matinales a las <strong>10:00 h<\/strong> y sesiones de tarde a las <strong>19:00 h<\/strong>.<\/li>\n<li><strong>Playa de La Reya (junto al Chiringuito):<\/strong> Actividad f\u00edsica a las <strong>11:15 h<\/strong> y entrenamientos al atardecer a las <strong>20:15 h<\/strong>.<\/li>\n<li><strong>Playa de La Reya (junto al Hotel Bah\u00eda):<\/strong> Sesi\u00f3n matinal exclusiva a las <strong>09:00 h<\/strong>.<\/li>\n<\/ul>\n<\/div>\n<h2 style=\"color: #333399; border-left: 4px solid #333399; padding-left: 8px; margin-top: 30px;\">Preguntas Frecuentes sobre la Agenda de Agosto (FAQ)<\/h2>\n<h3 style=\"color: #444; font-size: 16px; margin-top: 20px;\">\u00bfQu\u00e9 precio tienen las proyecciones de cine de verano y los shows infantiles?<\/h3>\n<p>Absolutamente todos los pases cinematogr\u00e1ficos de los lunes y mi\u00e9rcoles, as\u00ed como las animaciones infantiles de los fines de semana y el musical del Libro de la Selva, son de acceso <strong>completamente libre y gratuito<\/strong> hasta completar aforo.<\/p>\n<h3 style=\"color: #444; font-size: 16px; margin-top: 20px;\">\u00bfCu\u00e1ndo abren las inscripciones para la ruta de las L\u00e1grimas de San Lorenzo?<\/h3>\n<p>Al celebrarse la ruta el mi\u00e9rcoles 12 de agosto, el formulario oficial de inscripci\u00f3n se habilitar\u00e1 en la plataforma el mi\u00e9rcoles 5 de agosto. Te recomendamos estar atento ya que las plazas vuelan.<\/p>\n<div style=\"background-color: #f1f8ff; border-left: 5px solid #0366d6; border-radius: 4px; padding: 20px; margin: 25px 0; font-family: sans-serif;\">\n<h4 style=\"margin-top: 0; color: #0366d6; font-size: 18px; font-weight: bold;\">\ud83d\udcc5 \u00a1No te pierdas ning\u00fan evento en Mazarr\u00f3n!<\/h4>\n<p style=\"color: #444; font-size: 14.5px; line-height: 1.6; margin-bottom: 15px;\">Si quieres conocer todos los detalles actualizados, horarios de \u00faltima hora y la programaci\u00f3n d\u00eda a d\u00eda, visita nuestra agenda oficial del municipio.<\/p>\n<div style=\"text-align: left;\"><a style=\"display: inline-block; background-color: #0366d6; color: #ffffff; font-weight: bold; font-size: 14px; padding: 10px 18px; text-decoration: none; border-radius: 4px; box-shadow: 0 2px 4px rgba(0,0,0,0.1);\" href=\"https:\/\/mazarrononline.com\/en\/agenda-mazarron\/\">\ud83d\udc49 Ver la Agenda Completa de Mazarr\u00f3n<\/a><\/div>\n<\/div>\n<h2 style=\"color: #333399; border-left: 4px solid #333399; padding-left: 8px; margin-top: 30px;\">Conclusi\u00f3n<\/h2>\n<p>Saber <strong>qu\u00e9 hacer en Mazarr\u00f3n en agosto de 2026<\/strong> es sin\u00f3nimo de elegir entre una oferta inagotable de cultura, grandes conciertos, deporte e ilusi\u00f3n familiar. Las c\u00e1lidas noches del mes estival por excelencia se prestan a vivir experiencias \u00fanicas. \u00a1Guarda este art\u00edculo, organiza tus salidas y disfruta al m\u00e1ximo de la Bah\u00eda!<\/p>","protected":false},"excerpt":{"rendered":"<p>\u00a1El mes m\u00e1s fuerte del verano ya est\u00e1 aqu\u00ed y la Bah\u00eda de Mazarr\u00f3n despliega todo su potencial! Si est\u00e1s planeando tus vacaciones o te preguntas qu\u00e9 hacer en Mazarr\u00f3n [&hellip;]<\/p>\n","protected":false},"author":1,"featured_media":4004,"comment_status":"open","ping_status":"open","sticky":false,"template":"","format":"standard","meta":{"footnotes":""},"categories":[87],"tags":[],"class_list":["post-4002","post","type-post","status-publish","format-standard","has-post-thumbnail","hentry","category-agenda"],"blocksy_meta":[],"yoast_head":"<!-- This site is optimized with the Yoast SEO plugin v28.3 - https:\/\/yoast.com\/product\/yoast-seo-wordpress\/ -->\n<title>Qu\u00e9 hacer en Mazarr\u00f3n en Agosto 2026: Agenda de Actividades<\/title>\n<meta name=\"description\" content=\"\u00a1Descubre la agenda completa de verano en Mazarr\u00f3n para agosto 2026! Cine de verano, rutas de senderismo nocturnas, animaci\u00f3n infantil y deporte gratis.\" \/>\n<meta name=\"robots\" content=\"index, follow, max-snippet:-1, max-image-preview:large, max-video-preview:-1\" \/>\n<link rel=\"canonical\" href=\"https:\/\/mazarrononline.com\/en\/que-hacer-en-mazarron-en-agosto\/\" \/>\n<meta property=\"og:locale\" content=\"en_GB\" \/>\n<meta property=\"og:type\" content=\"article\" \/>\n<meta property=\"og:title\" content=\"Qu\u00e9 hacer en Mazarr\u00f3n en Agosto 2026: Agenda de Actividades\" \/>\n<meta property=\"og:description\" content=\"\u00a1Descubre la agenda completa de verano en Mazarr\u00f3n para agosto 2026! Cine de verano, rutas de senderismo nocturnas, animaci\u00f3n infantil y deporte gratis.\" \/>\n<meta property=\"og:url\" content=\"https:\/\/mazarrononline.com\/en\/que-hacer-en-mazarron-en-agosto\/\" \/>\n<meta property=\"og:site_name\" content=\"Mazarron Online\" \/>\n<meta property=\"article:published_time\" content=\"2026-08-21T12:13:10+00:00\" \/>\n<meta property=\"article:modified_time\" content=\"2026-08-22T18:10:55+00:00\" \/>\n<meta property=\"og:image\" content=\"https:\/\/mazarrononline.com\/wp-content\/uploads\/2026\/06\/que-hacer-en-mazarron-en-agosto-1-e1782400378669.png\" \/>\n\t<meta property=\"og:image:width\" content=\"918\" \/>\n\t<meta property=\"og:image:height\" content=\"792\" \/>\n\t<meta property=\"og:image:type\" content=\"image\/png\" \/>\n<meta name=\"author\" content=\"Leyre\" \/>\n<meta name=\"twitter:card\" content=\"summary_large_image\" \/>\n<meta name=\"twitter:label1\" content=\"Written by\" \/>\n\t<meta name=\"twitter:data1\" content=\"Leyre\" \/>\n\t<meta name=\"twitter:label2\" content=\"Estimated reading time\" \/>\n\t<meta name=\"twitter:data2\" content=\"8 minutes\" \/>\n<script type=\"application\/ld+json\" class=\"yoast-schema-graph\">{\"@context\":\"https:\\\/\\\/schema.org\",\"@graph\":[{\"@type\":\"Article\",\"@id\":\"https:\\\/\\\/mazarrononline.com\\\/que-hacer-en-mazarron-en-agosto\\\/#article\",\"isPartOf\":{\"@id\":\"https:\\\/\\\/mazarrononline.com\\\/que-hacer-en-mazarron-en-agosto\\\/\"},\"author\":{\"name\":\"Leyre\",\"@id\":\"https:\\\/\\\/mazarrononline.com\\\/#\\\/schema\\\/person\\\/d9631cc872d8c011f835a190d882e76d\"},\"headline\":\"Qu\u00e9 hacer en Mazarr\u00f3n en Agosto 2026: Agenda de Actividades\",\"datePublished\":\"2026-08-21T12:13:10+00:00\",\"dateModified\":\"2026-08-22T18:10:55+00:00\",\"mainEntityOfPage\":{\"@id\":\"https:\\\/\\\/mazarrononline.com\\\/que-hacer-en-mazarron-en-agosto\\\/\"},\"wordCount\":1514,\"commentCount\":0,\"publisher\":{\"@id\":\"https:\\\/\\\/mazarrononline.com\\\/#organization\"},\"image\":{\"@id\":\"https:\\\/\\\/mazarrononline.com\\\/que-hacer-en-mazarron-en-agosto\\\/#primaryimage\"},\"thumbnailUrl\":\"https:\\\/\\\/mazarrononline.com\\\/wp-content\\\/uploads\\\/2026\\\/06\\\/que-hacer-en-mazarron-en-agosto-1-e1782400378669.png\",\"articleSection\":[\"Agenda\"],\"inLanguage\":\"en-GB\",\"potentialAction\":[{\"@type\":\"CommentAction\",\"name\":\"Comment\",\"target\":[\"https:\\\/\\\/mazarrononline.com\\\/que-hacer-en-mazarron-en-agosto\\\/#respond\"]}]},{\"@type\":\"WebPage\",\"@id\":\"https:\\\/\\\/mazarrononline.com\\\/que-hacer-en-mazarron-en-agosto\\\/\",\"url\":\"https:\\\/\\\/mazarrononline.com\\\/que-hacer-en-mazarron-en-agosto\\\/\",\"name\":\"Qu\u00e9 hacer en Mazarr\u00f3n en Agosto 2026: Agenda de Actividades\",\"isPartOf\":{\"@id\":\"https:\\\/\\\/mazarrononline.com\\\/#website\"},\"primaryImageOfPage\":{\"@id\":\"https:\\\/\\\/mazarrononline.com\\\/que-hacer-en-mazarron-en-agosto\\\/#primaryimage\"},\"image\":{\"@id\":\"https:\\\/\\\/mazarrononline.com\\\/que-hacer-en-mazarron-en-agosto\\\/#primaryimage\"},\"thumbnailUrl\":\"https:\\\/\\\/mazarrononline.com\\\/wp-content\\\/uploads\\\/2026\\\/06\\\/que-hacer-en-mazarron-en-agosto-1-e1782400378669.png\",\"datePublished\":\"2026-08-21T12:13:10+00:00\",\"dateModified\":\"2026-08-22T18:10:55+00:00\",\"description\":\"\u00a1Descubre la agenda completa de verano en Mazarr\u00f3n para agosto 2026! Cine de verano, rutas de senderismo nocturnas, animaci\u00f3n infantil y deporte gratis.\",\"breadcrumb\":{\"@id\":\"https:\\\/\\\/mazarrononline.com\\\/que-hacer-en-mazarron-en-agosto\\\/#breadcrumb\"},\"inLanguage\":\"en-GB\",\"potentialAction\":[{\"@type\":\"ReadAction\",\"target\":[\"https:\\\/\\\/mazarrononline.com\\\/que-hacer-en-mazarron-en-agosto\\\/\"]}]},{\"@type\":\"ImageObject\",\"inLanguage\":\"en-GB\",\"@id\":\"https:\\\/\\\/mazarrononline.com\\\/que-hacer-en-mazarron-en-agosto\\\/#primaryimage\",\"url\":\"https:\\\/\\\/mazarrononline.com\\\/wp-content\\\/uploads\\\/2026\\\/06\\\/que-hacer-en-mazarron-en-agosto-1-e1782400378669.png\",\"contentUrl\":\"https:\\\/\\\/mazarrononline.com\\\/wp-content\\\/uploads\\\/2026\\\/06\\\/que-hacer-en-mazarron-en-agosto-1-e1782400378669.png\",\"width\":918,\"height\":792},{\"@type\":\"BreadcrumbList\",\"@id\":\"https:\\\/\\\/mazarrononline.com\\\/que-hacer-en-mazarron-en-agosto\\\/#breadcrumb\",\"itemListElement\":[{\"@type\":\"ListItem\",\"position\":1,\"name\":\"Portada\",\"item\":\"https:\\\/\\\/mazarrononline.com\\\/\"},{\"@type\":\"ListItem\",\"position\":2,\"name\":\"Qu\u00e9 hacer en Mazarr\u00f3n en Agosto 2026: Agenda de Actividades\"}]},{\"@type\":\"WebSite\",\"@id\":\"https:\\\/\\\/mazarrononline.com\\\/#website\",\"url\":\"https:\\\/\\\/mazarrononline.com\\\/\",\"name\":\"Mazarron Online\",\"description\":\"\",\"publisher\":{\"@id\":\"https:\\\/\\\/mazarrononline.com\\\/#organization\"},\"potentialAction\":[{\"@type\":\"SearchAction\",\"target\":{\"@type\":\"EntryPoint\",\"urlTemplate\":\"https:\\\/\\\/mazarrononline.com\\\/?s={search_term_string}\"},\"query-input\":{\"@type\":\"PropertyValueSpecification\",\"valueRequired\":true,\"valueName\":\"search_term_string\"}}],\"inLanguage\":\"en-GB\"},{\"@type\":\"Organization\",\"@id\":\"https:\\\/\\\/mazarrononline.com\\\/#organization\",\"name\":\"Mazarron Online\",\"url\":\"https:\\\/\\\/mazarrononline.com\\\/\",\"logo\":{\"@type\":\"ImageObject\",\"inLanguage\":\"en-GB\",\"@id\":\"https:\\\/\\\/mazarrononline.com\\\/#\\\/schema\\\/logo\\\/image\\\/\",\"url\":\"https:\\\/\\\/mazarrononline.com\\\/wp-content\\\/uploads\\\/2026\\\/03\\\/mazarrononline.com_.png\",\"contentUrl\":\"https:\\\/\\\/mazarrononline.com\\\/wp-content\\\/uploads\\\/2026\\\/03\\\/mazarrononline.com_.png\",\"width\":891,\"height\":340,\"caption\":\"Mazarron Online\"},\"image\":{\"@id\":\"https:\\\/\\\/mazarrononline.com\\\/#\\\/schema\\\/logo\\\/image\\\/\"}},{\"@type\":\"Person\",\"@id\":\"https:\\\/\\\/mazarrononline.com\\\/#\\\/schema\\\/person\\\/d9631cc872d8c011f835a190d882e76d\",\"name\":\"Leyre\",\"image\":{\"@type\":\"ImageObject\",\"inLanguage\":\"en-GB\",\"@id\":\"https:\\\/\\\/secure.gravatar.com\\\/avatar\\\/3c782ce00e025f94599c550917c21e50e8a575481f274333674068bc26c1b3ff?s=96&d=mm&r=g\",\"url\":\"https:\\\/\\\/secure.gravatar.com\\\/avatar\\\/3c782ce00e025f94599c550917c21e50e8a575481f274333674068bc26c1b3ff?s=96&d=mm&r=g\",\"contentUrl\":\"https:\\\/\\\/secure.gravatar.com\\\/avatar\\\/3c782ce00e025f94599c550917c21e50e8a575481f274333674068bc26c1b3ff?s=96&d=mm&r=g\",\"caption\":\"Leyre\"},\"description\":\"Apasionada del periodismo de viajes y la cultura local, de Mazarr\u00f3n, donde recorro cada d\u00eda los rincones, playas y eventos. Estoy Especializada en gu\u00edas de turismo, ocio y gastronom\u00eda de Mazarr\u00f3n, comparto consejos pr\u00e1cticos y recomendaciones de primera mano para ayudar a vecinos y visitantes a disfrutar al m\u00e1ximo del municipio.\",\"sameAs\":[\"https:\\\/\\\/mazarrononline.com\"],\"url\":\"https:\\\/\\\/mazarrononline.com\\\/en\\\/author\\\/todalainformacionweb\\\/\"}]}<\/script>\n<!-- \/ Yoast SEO plugin. -->","yoast_head_json":{"title":"Qu\u00e9 hacer en Mazarr\u00f3n en Agosto 2026: Agenda de Actividades","description":"\u00a1Descubre la agenda completa de verano en Mazarr\u00f3n para agosto 2026! Cine de verano, rutas de senderismo nocturnas, animaci\u00f3n infantil y deporte gratis.","robots":{"index":"index","follow":"follow","max-snippet":"max-snippet:-1","max-image-preview":"max-image-preview:large","max-video-preview":"max-video-preview:-1"},"canonical":"https:\/\/mazarrononline.com\/en\/que-hacer-en-mazarron-en-agosto\/","og_locale":"en_GB","og_type":"article","og_title":"Qu\u00e9 hacer en Mazarr\u00f3n en Agosto 2026: Agenda de Actividades","og_description":"\u00a1Descubre la agenda completa de verano en Mazarr\u00f3n para agosto 2026! Cine de verano, rutas de senderismo nocturnas, animaci\u00f3n infantil y deporte gratis.","og_url":"https:\/\/mazarrononline.com\/en\/que-hacer-en-mazarron-en-agosto\/","og_site_name":"Mazarron Online","article_published_time":"2026-08-21T12:13:10+00:00","article_modified_time":"2026-08-22T18:10:55+00:00","og_image":[{"width":918,"height":792,"url":"https:\/\/mazarrononline.com\/wp-content\/uploads\/2026\/06\/que-hacer-en-mazarron-en-agosto-1-e1782400378669.png","type":"image\/png"}],"author":"Leyre","twitter_card":"summary_large_image","twitter_misc":{"Written by":"Leyre","Estimated reading time":"8 minutes"},"schema":{"@context":"https:\/\/schema.org","@graph":[{"@type":"Article","@id":"https:\/\/mazarrononline.com\/que-hacer-en-mazarron-en-agosto\/#article","isPartOf":{"@id":"https:\/\/mazarrononline.com\/que-hacer-en-mazarron-en-agosto\/"},"author":{"name":"Leyre","@id":"https:\/\/mazarrononline.com\/#\/schema\/person\/d9631cc872d8c011f835a190d882e76d"},"headline":"Qu\u00e9 hacer en Mazarr\u00f3n en Agosto 2026: Agenda de Actividades","datePublished":"2026-08-21T12:13:10+00:00","dateModified":"2026-08-22T18:10:55+00:00","mainEntityOfPage":{"@id":"https:\/\/mazarrononline.com\/que-hacer-en-mazarron-en-agosto\/"},"wordCount":1514,"commentCount":0,"publisher":{"@id":"https:\/\/mazarrononline.com\/#organization"},"image":{"@id":"https:\/\/mazarrononline.com\/que-hacer-en-mazarron-en-agosto\/#primaryimage"},"thumbnailUrl":"https:\/\/mazarrononline.com\/wp-content\/uploads\/2026\/06\/que-hacer-en-mazarron-en-agosto-1-e1782400378669.png","articleSection":["Agenda"],"inLanguage":"en-GB","potentialAction":[{"@type":"CommentAction","name":"Comment","target":["https:\/\/mazarrononline.com\/que-hacer-en-mazarron-en-agosto\/#respond"]}]},{"@type":"WebPage","@id":"https:\/\/mazarrononline.com\/que-hacer-en-mazarron-en-agosto\/","url":"https:\/\/mazarrononline.com\/que-hacer-en-mazarron-en-agosto\/","name":"Qu\u00e9 hacer en Mazarr\u00f3n en Agosto 2026: Agenda de Actividades","isPartOf":{"@id":"https:\/\/mazarrononline.com\/#website"},"primaryImageOfPage":{"@id":"https:\/\/mazarrononline.com\/que-hacer-en-mazarron-en-agosto\/#primaryimage"},"image":{"@id":"https:\/\/mazarrononline.com\/que-hacer-en-mazarron-en-agosto\/#primaryimage"},"thumbnailUrl":"https:\/\/mazarrononline.com\/wp-content\/uploads\/2026\/06\/que-hacer-en-mazarron-en-agosto-1-e1782400378669.png","datePublished":"2026-08-21T12:13:10+00:00","dateModified":"2026-08-22T18:10:55+00:00","description":"\u00a1Descubre la agenda completa de verano en Mazarr\u00f3n para agosto 2026! Cine de verano, rutas de senderismo nocturnas, animaci\u00f3n infantil y deporte gratis.","breadcrumb":{"@id":"https:\/\/mazarrononline.com\/que-hacer-en-mazarron-en-agosto\/#breadcrumb"},"inLanguage":"en-GB","potentialAction":[{"@type":"ReadAction","target":["https:\/\/mazarrononline.com\/que-hacer-en-mazarron-en-agosto\/"]}]},{"@type":"ImageObject","inLanguage":"en-GB","@id":"https:\/\/mazarrononline.com\/que-hacer-en-mazarron-en-agosto\/#primaryimage","url":"https:\/\/mazarrononline.com\/wp-content\/uploads\/2026\/06\/que-hacer-en-mazarron-en-agosto-1-e1782400378669.png","contentUrl":"https:\/\/mazarrononline.com\/wp-content\/uploads\/2026\/06\/que-hacer-en-mazarron-en-agosto-1-e1782400378669.png","width":918,"height":792},{"@type":"BreadcrumbList","@id":"https:\/\/mazarrononline.com\/que-hacer-en-mazarron-en-agosto\/#breadcrumb","itemListElement":[{"@type":"ListItem","position":1,"name":"Portada","item":"https:\/\/mazarrononline.com\/"},{"@type":"ListItem","position":2,"name":"Qu\u00e9 hacer en Mazarr\u00f3n en Agosto 2026: Agenda de Actividades"}]},{"@type":"WebSite","@id":"https:\/\/mazarrononline.com\/#website","url":"https:\/\/mazarrononline.com\/","name":"Mazarron Online","description":"","publisher":{"@id":"https:\/\/mazarrononline.com\/#organization"},"potentialAction":[{"@type":"SearchAction","target":{"@type":"EntryPoint","urlTemplate":"https:\/\/mazarrononline.com\/?s={search_term_string}"},"query-input":{"@type":"PropertyValueSpecification","valueRequired":true,"valueName":"search_term_string"}}],"inLanguage":"en-GB"},{"@type":"Organization","@id":"https:\/\/mazarrononline.com\/#organization","name":"Mazarron Online","url":"https:\/\/mazarrononline.com\/","logo":{"@type":"ImageObject","inLanguage":"en-GB","@id":"https:\/\/mazarrononline.com\/#\/schema\/logo\/image\/","url":"https:\/\/mazarrononline.com\/wp-content\/uploads\/2026\/03\/mazarrononline.com_.png","contentUrl":"https:\/\/mazarrononline.com\/wp-content\/uploads\/2026\/03\/mazarrononline.com_.png","width":891,"height":340,"caption":"Mazarron Online"},"image":{"@id":"https:\/\/mazarrononline.com\/#\/schema\/logo\/image\/"}},{"@type":"Person","@id":"https:\/\/mazarrononline.com\/#\/schema\/person\/d9631cc872d8c011f835a190d882e76d","name":"Leyre","image":{"@type":"ImageObject","inLanguage":"en-GB","@id":"https:\/\/secure.gravatar.com\/avatar\/3c782ce00e025f94599c550917c21e50e8a575481f274333674068bc26c1b3ff?s=96&d=mm&r=g","url":"https:\/\/secure.gravatar.com\/avatar\/3c782ce00e025f94599c550917c21e50e8a575481f274333674068bc26c1b3ff?s=96&d=mm&r=g","contentUrl":"https:\/\/secure.gravatar.com\/avatar\/3c782ce00e025f94599c550917c21e50e8a575481f274333674068bc26c1b3ff?s=96&d=mm&r=g","caption":"Leyre"},"description":"Apasionada del periodismo de viajes y la cultura local, de Mazarr\u00f3n, donde recorro cada d\u00eda los rincones, playas y eventos. Estoy Especializada en gu\u00edas de turismo, ocio y gastronom\u00eda de Mazarr\u00f3n, comparto consejos pr\u00e1cticos y recomendaciones de primera mano para ayudar a vecinos y visitantes a disfrutar al m\u00e1ximo del municipio.","sameAs":["https:\/\/mazarrononline.com"],"url":"https:\/\/mazarrononline.com\/en\/author\/todalainformacionweb\/"}]}},"_links":{"self":[{"href":"https:\/\/mazarrononline.com\/en\/wp-json\/wp\/v2\/posts\/4002","targetHints":{"allow":["GET"]}}],"collection":[{"href":"https:\/\/mazarrononline.com\/en\/wp-json\/wp\/v2\/posts"}],"about":[{"href":"https:\/\/mazarrononline.com\/en\/wp-json\/wp\/v2\/types\/post"}],"author":[{"embeddable":true,"href":"https:\/\/mazarrononline.com\/en\/wp-json\/wp\/v2\/users\/1"}],"replies":[{"embeddable":true,"href":"https:\/\/mazarrononline.com\/en\/wp-json\/wp\/v2\/comments?post=4002"}],"version-history":[{"count":4,"href":"https:\/\/mazarrononline.com\/en\/wp-json\/wp\/v2\/posts\/4002\/revisions"}],"predecessor-version":[{"id":4487,"href":"https:\/\/mazarrononline.com\/en\/wp-json\/wp\/v2\/posts\/4002\/revisions\/4487"}],"wp:featuredmedia":[{"embeddable":true,"href":"https:\/\/mazarrononline.com\/en\/wp-json\/wp\/v2\/media\/4004"}],"wp:attachment":[{"href":"https:\/\/mazarrononline.com\/en\/wp-json\/wp\/v2\/media?parent=4002"}],"wp:term":[{"taxonomy":"category","embeddable":true,"href":"https:\/\/mazarrononline.com\/en\/wp-json\/wp\/v2\/categories?post=4002"},{"taxonomy":"post_tag","embeddable":true,"href":"https:\/\/mazarrononline.com\/en\/wp-json\/wp\/v2\/tags?post=4002"}],"curies":[{"name":"wp","href":"https:\/\/api.w.org\/{rel}","templated":true}]}}