{"id":3841,"date":"2026-06-08T16:17:01","date_gmt":"2026-06-08T16:17:01","guid":{"rendered":"https:\/\/mazarrononline.com\/?p=3841"},"modified":"2026-06-15T16:46:53","modified_gmt":"2026-06-15T16:46:53","slug":"agenda-en-mazarron-planes-y-eventos-del-15-al-21-de-junio-de-2026","status":"publish","type":"post","link":"https:\/\/mazarrononline.com\/en\/agenda-en-mazarron-planes-y-eventos-del-15-al-21-de-junio-de-2026\/","title":{"rendered":"Qu\u00e9 hacer en Mazarr\u00f3n del 15 al 21 de junio de 2026 | Agenda Cultural"},"content":{"rendered":"<p>\u00a1La tercera semana de junio llega repleta de actividades ideales para exprimir el inicio del periodo estival en nuestro municipio! Si te est\u00e1s preguntando qu\u00e9 hacer durante estos d\u00edas, la <strong>agenda en Mazarr\u00f3n del 15 al 21 de junio de 2026<\/strong> viene cargada de propuestas que combinan patrimonio hist\u00f3rico, cultura minera, inscripciones para escuelas de verano y planes familiares de primer nivel.<\/p>\n<p>Tanto si resides en el casco urbano como si disfrutas de unos d\u00edas de descanso en la costa, saca tu calendario, toma nota y apunta los mejores planes para exprimir cada jornada.<\/p>\n<h2 style=\"color: #333399; border-left: 4px solid #333399; padding-left: 8px; margin-top: 30px;\">\ud83c\udfdb\ufe0f Historia Viva: Visita el Centro de Interpretaci\u00f3n del Barco Fenicio<\/h2>\n<p>\u00bfTe apasiona la arqueolog\u00eda y el mar? Una de las paradas obligatorias dentro de la <strong>agenda en Mazarr\u00f3n<\/strong> para cualquier d\u00eda de la semana es sumergirse en los secretos de la Ruta Fenicia. Ven a descubrir c\u00f3mo navegaban por nuestras costas hace miles de a\u00f1os a trav\u00e9s de un viaje fascinante en el tiempo ideal para toda la familia.<\/p>\n<div style=\"background-color: #f9f9f9; border: 1px solid #e1e1e1; border-radius: 8px; padding: 20px; margin: 20px 0; font-family: sans-serif;\">\n<h3 style=\"margin-top: 0; color: #cc3333; font-size: 18px;\">\ud83d\udccd Horarios del Centro de Interpretaci\u00f3n<\/h3>\n<table style=\"width: 100%; border-collapse: collapse; font-size: 14px; margin-top: 10px;\">\n<tbody>\n<tr style=\"border-bottom: 1px solid #eee;\">\n<td style=\"padding: 8px; font-weight: bold; width: 30%;\">D\u00edas de apertura:<\/td>\n<td style=\"padding: 8px;\">De martes a s\u00e1bado.<\/td>\n<\/tr>\n<tr style=\"border-bottom: 1px solid #eee;\">\n<td style=\"padding: 8px; font-weight: bold;\">Horario diario:<\/td>\n<td style=\"padding: 8px;\">De <strong>9:00 h a 14:00 h<\/strong> por las ma\u00f1anas y de <strong>17:00 h a 20:00 h<\/strong> por las tardes.<\/td>\n<\/tr>\n<tr style=\"border-bottom: 1px solid #eee;\">\n<td style=\"padding: 8px; font-weight: bold;\">Domingos:<\/td>\n<td style=\"padding: 8px;\">Abierto <strong>solo por la ma\u00f1ana<\/strong>.<\/td>\n<\/tr>\n<tr>\n<td style=\"padding: 8px; font-weight: bold;\">Recomendaci\u00f3n:<\/td>\n<td style=\"padding: 8px; color: #2e7d32; font-weight: bold;\">Un plan cultural fant\u00e1stico y accesible para realizar con ni\u00f1os.<\/td>\n<\/tr>\n<\/tbody>\n<\/table>\n<\/div>\n<div style=\"background-color: #f1f8ff; border-left: 5px solid #0366d6; border-radius: 4px; padding: 20px; margin: 25px 0; font-family: sans-serif;\">\n<h4 style=\"margin-top: 0; color: #0366d6; font-size: 18px; font-weight: bold;\">\u2139\ufe0f \u00bfQuieres planificar tu visita al Barco Fenicio?<\/h4>\n<p style=\"color: #444; font-size: 14.5px; line-height: 1.6; margin-bottom: 15px;\">Si quieres conocer la historia completa, d\u00f3nde aparcar, tarifas y qu\u00e9 vas a encontrar exactamente en las salas del museo, no te pierdas nuestra gu\u00eda especializada.<\/p>\n<div style=\"text-align: left;\"><a style=\"display: inline-block; background-color: #0366d6; color: #ffffff; font-weight: bold; font-size: 14px; padding: 10px 18px; text-decoration: none; border-radius: 4px; box-shadow: 0 2px 4px rgba(0,0,0,0.1);\" href=\"https:\/\/mazarrononline.com\/en\/centro-de-interpretacion-del-barco-fenicio-mazarron\/\"><br \/>\n\ud83d\udc49 Leer la gu\u00eda completa del Centro de Interpretaci\u00f3n<br \/>\n<\/a><\/div>\n<\/div>\n<h2 style=\"color: #333399; border-left: 4px solid #333399; padding-left: 8px; margin-top: 30px;\">\u2692\ufe0f Cultura y Patrimonio: Visita Guiada Gratuita al Museo de la Miner\u00eda MAP<\/h2>\n<p>El plato fuerte del fin de semana est\u00e1 dedicado a nuestra identidad hist\u00f3rica. El pr\u00f3ximo s\u00e1bado se abre una oportunidad \u00fanica para conocer a fondo el fascinante pasado minero de Mazarr\u00f3n gracias a una visita guiada completamente gratuita al <strong>Museo de la Miner\u00eda Antonio Paredes (MAP)<\/strong>.<\/p>\n<div style=\"background-color: #fff9e6; border: 1px solid #ffe399; border-radius: 8px; padding: 20px; margin: 25px 0; font-family: sans-serif;\">\n<h3 style=\"margin-top: 0; color: #b06000; font-size: 19px;\">\ud83e\udd7e Ficha de la Actividad: Visita al Museo Minero<\/h3>\n<p style=\"color: #555; font-size: 14.5px; line-height: 1.6; margin-bottom: 12px;\">Descubre las instalaciones, herramientas y la huella hist\u00f3rica que la miner\u00eda ha dejado en el paisaje y el car\u00e1cter mazarronero.<\/p>\n<table style=\"width: 100%; border-collapse: collapse; font-size: 14px; margin-bottom: 15px; background: #ffffff;\">\n<tbody>\n<tr style=\"border-bottom: 1px solid #eee;\">\n<td style=\"padding: 8px; font-weight: bold; color: #b06000; width: 35%;\">\ud83d\udcc5 Fecha y Hora:<\/td>\n<td style=\"padding: 8px;\"><strong>S\u00e1bado 20 de junio de 2026 a las 17:00 h.<\/strong><\/td>\n<\/tr>\n<tr style=\"border-bottom: 1px solid #eee;\">\n<td style=\"padding: 8px; font-weight: bold; color: #b06000;\">\ud83d\udcb0 Coste:<\/td>\n<td style=\"padding: 8px; color: #2e7d32; font-weight: bold;\">Gratuito.<\/td>\n<\/tr>\n<tr style=\"border-bottom: 1px solid #eee;\">\n<td style=\"padding: 8px; font-weight: bold; color: #b06000;\">\u26a0\ufe0f Condiciones:<\/td>\n<td style=\"padding: 8px;\"><strong>Plazas limitadas.<\/strong> La inscripci\u00f3n previa y online es obligatoria.<\/td>\n<\/tr>\n<\/tbody>\n<\/table>\n<div style=\"text-align: left; margin-top: 15px;\"><a style=\"display: inline-block; background-color: #e67e22; color: #ffffff; font-weight: bold; font-size: 14px; padding: 12px 20px; text-decoration: none; border-radius: 5px; box-shadow: 0 2px 4px rgba(0,0,0,0.1);\" href=\"https:\/\/visitamazarron.com\/agenda\" target=\"_blank\" rel=\"noopener\"><br \/>\n\ud83c\udf9f\ufe0f Reservar Plaza en el apartado \u00abVisitas Guiadas de Junio\u00bb<br \/>\n<\/a><\/div>\n<div>\n<div style=\"background-color: #fff9e6; border-left: 5px solid #e67e22; border-radius: 4px; padding: 20px; margin: 25px 0; font-family: sans-serif;\">\n<h4 style=\"margin-top: 0; color: #b06000; font-size: 18px; font-weight: bold;\">\u2692\ufe0f Todo sobre el Museo Minero Antonio Paredes<\/h4>\n<p style=\"color: #444; font-size: 14.5px; line-height: 1.6; margin-bottom: 15px;\">\u00bfQuieres saber qu\u00e9 vas a encontrar en esta colecci\u00f3n antes de ir? Hemos preparado un art\u00edculo completo con la historia del museo, detalles de su fundador y qu\u00e9 piezas no te puedes perder.<\/p>\n<div style=\"text-align: left;\"><a style=\"display: inline-block; background-color: #e67e22; color: #ffffff; font-weight: bold; font-size: 14px; padding: 10px 18px; text-decoration: none; border-radius: 4px; box-shadow: 0 2px 4px rgba(0,0,0,0.1);\" href=\"https:\/\/mazarrononline.com\/en\/museo-antonio-paredes-mazarron\/\"><br \/>\n\ud83d\udc49 Descubre la historia del Museo Antonio Paredes aqu\u00ed<\/a><\/div>\n<\/div>\n<\/div>\n<\/div>\n<h2 style=\"color: #333399; border-left: 4px solid #333399; padding-left: 8px; margin-top: 30px;\">\ud83c\udf92 Conciliaci\u00f3n y Familia: Apertura de Inscripciones de Verano<\/h2>\n<p>Esta semana es clave para organizar las vacaciones de los m\u00e1s peque\u00f1os de la casa. El Ayuntamiento de Mazarr\u00f3n ha abierto los plazos de inscripci\u00f3n para dos de sus programas estrella de este verano de 2026. \u00a1Asegura tu plaza antes de que se agoten!<\/p>\n<div style=\"background-color: #f1f8ff; border: 1px solid #c8e1ff; border-radius: 8px; padding: 20px; margin: 25px 0; font-family: sans-serif;\">\n<h3 style=\"margin-top: 0; color: #0366d6; font-size: 19px;\">\u2600\ufe0f 1. Bienvenida al Verano 2026 (Piscina Municipal)<\/h3>\n<p style=\"font-size: 14.5px; color: #444;\">Una propuesta id\u00f3nea para combinar diversi\u00f3n, din\u00e1micas infantiles y piscina durante los primeros d\u00edas de vacaciones.<\/p>\n<ul style=\"color: #444; font-size: 14px; line-height: 1.6; padding-left: 20px;\">\n<li><strong>Fechas del programa:<\/strong> 23, 24, 25, 26, 29 y 30 de junio de 2026.<\/li>\n<li><strong>Horario:<\/strong> De 09:00 a 14:00 horas.<\/li>\n<li><strong>Destinatarios:<\/strong> Menores nacidos entre 2014 y 2020, empadronados y\/o escolarizados en Mazarr\u00f3n.<\/li>\n<li><strong>Plazas:<\/strong> 150 plazas disponibles por estricto orden de inscripci\u00f3n.<\/li>\n<li><strong>Ventaja destacada:<\/strong> Incluye servicio de <strong>autob\u00fas gratuito<\/strong> con conexiones desde Mazarr\u00f3n y Puerto de Mazarr\u00f3n.<\/li>\n<li><strong>Contacto e informaci\u00f3n:<\/strong> Tel\u00e9fono 682 043 318 o correo <a href=\"mailto:igualdad@mazarron.es\">igualdad@mazarron.es<\/a>.<\/li>\n<\/ul>\n<hr style=\"border: 0; border-top: 1px solid #c8e1ff; margin: 20px 0;\" \/>\n<h3 style=\"margin-top: 0; color: #0366d6; font-size: 19px;\">\ud83c\udfa8 2. Escuela de Talentos (Creatividad e Inclusi\u00f3n)<\/h3>\n<p style=\"font-size: 14.5px; color: #444;\">Un espacio enfocado en el aprendizaje significativo, los valores, la participaci\u00f3n activa y el respeto mutuo.<\/p>\n<ul style=\"color: #444; font-size: 14px; line-height: 1.6; padding-left: 20px;\">\n<li><strong>Fechas del programa:<\/strong> Del 29 de junio al 14 de agosto de 2026.<\/li>\n<li><strong>Horario:<\/strong> De 9:00 h a 14:00 h.<\/li>\n<li><strong>Ubicaci\u00f3n:<\/strong> CEIP Francisco Caparr\u00f3s (Aula Abierta).<\/li>\n<li><strong>Plazas:<\/strong> Limitadas a \u00fanicamente 20 plazas por orden de inscripci\u00f3n.<\/li>\n<\/ul>\n<p style=\"margin: 10px 0 0 0; font-size: 13.5px; color: #2e7d32; font-style: italic;\">\ud83d\udcdd \u00bfC\u00f3mo inscribirse en ambas actividades? Se debe tramitar de forma telem\u00e1tica en la sede electr\u00f3nica o de manera presencial en el Registro de Entrada del Ayuntamiento de Mazarr\u00f3n presentando la documentaci\u00f3n requerida.<\/p>\n<\/div>\n<h2 style=\"color: #333399; border-left: 4px solid #333399; padding-left: 8px; margin-top: 30px;\">\ud83c\udfa8 Exposici\u00f3n de Arte Abierta esta Semana<\/h2>\n<p>Si est\u00e1s dando un paseo por el centro hist\u00f3rico del municipio, te recordamos que contin\u00faa plenamente vigente la magn\u00edfica exposici\u00f3n de arte contempor\u00e1neo <strong>\u00abResina y Alambre\u00bb de la artista Ana Villena<\/strong>. Una cita imprescindible si te gusta contemplar la original combinaci\u00f3n de vol\u00famenes y texturas.<\/p>\n<ul>\n<li><strong>Ubicaci\u00f3n:<\/strong> Casino de Mazarr\u00f3n (Plaza del Ayuntamiento, s\/n).<\/li>\n<li><strong>Horarios de visita:<\/strong> De lunes a s\u00e1bado por las ma\u00f1anas de 10:00 h a 14:00 h. Las tardes de jueves y viernes tambi\u00e9n abre en horario de 17:00 h a 20:00 h (Cerrado los d\u00edas festivos).<\/li>\n<\/ul>\n<div style=\"background-color: #fcfcfc; border-left: 5px solid #4a5568; border-radius: 4px; padding: 20px; margin: 25px 0; font-family: sans-serif; box-shadow: 0 1px 3px rgba(0,0,0,0.05);\">\n<h4 style=\"margin-top: 0; color: #2d3748; font-size: 18px; font-weight: bold;\">\ud83c\udfa8 Galer\u00eda Completa de \u00abResina y Alambre\u00bb<\/h4>\n<p style=\"color: #444; font-size: 14.5px; line-height: 1.6; margin-bottom: 15px;\">\u00bfQuieres conocer m\u00e1s detalles sobre la propuesta art\u00edstica de Ana Villena? Echa un vistazo a nuestra cr\u00f3nica especial con toda la informaci\u00f3n sobre el proceso creativo y el montaje en el Casino.<\/p>\n<div style=\"text-align: left;\"><a style=\"display: inline-block; background-color: #4a5568; color: #ffffff; font-weight: bold; font-size: 14px; padding: 10px 18px; text-decoration: none; border-radius: 4px; box-shadow: 0 2px 4px rgba(0,0,0,0.1);\" href=\"https:\/\/mazarrononline.com\/en\/exposicion-resina-y-alambre-ana-villena-mazarron\/\"><br \/>\n\ud83d\udc49 Ver detalles de la Exposici\u00f3n de Ana Villena<br \/>\n<\/a><\/div>\n<\/div>\n<div style=\"background-color: #f8f9fa; border-left: 5px solid #4a5568; padding: 18px; margin: 30px 0; border-radius: 4px; font-family: sans-serif;\">\n<h3 style=\"margin-top: 0; color: #2d3748; font-size: 18px;\">\ud83d\udcc5 \u00a1Avance de Agenda! Pr\u00f3ximos eventos destacados para el s\u00e1bado 20<\/h3>\n<p style=\"color: #555; font-size: 14.5px; line-height: 1.6; margin-bottom: 12px;\">Adem\u00e1s de la visita guiada al Museo Minero, el mismo <strong>s\u00e1bado 20 de junio de 2026<\/strong> se concentran grandes eventos en nuestras costas e instalaciones:<\/p>\n<ul style=\"color: #555; font-size: 14px; line-height: 1.5; margin: 0; padding-left: 20px;\">\n<li style=\"margin-bottom: 6px;\">\ud83d\udc22 <strong>De 10:00 h a 13:00 h:<\/strong> Actividad y simulacro familiar interactivo \u00abTerritorio Tortuga\u00bb en la Playa de Bah\u00eda (Puerto de Mazarr\u00f3n). Acceso gratuito sin inscripci\u00f3n previa.<\/li>\n<li style=\"margin-bottom: 6px;\">\ud83c\udfcd\ufe0f <strong>Durante todo el d\u00eda:<\/strong> Gran cita motera con la <em>I Concentraci\u00f3n Motera &#8211; Patente de Corso<\/em>, coronada por el esperado concierto de los m\u00edticos <strong>Mojinos Escocios<\/strong> en el Complejo Deportivo Mazarr\u00f3n.<\/li>\n<li>\ud83c\udfb8 <strong>A partir del 1 de julio de 2026:<\/strong> Apertura de la exposici\u00f3n tem\u00e1tica de verano <em>II Mares de Colores &#8211; Rock Museum<\/em> en el Casino de Mazarr\u00f3n, de la mano del legendario locutor de radio El Pirata.<\/li>\n<\/ul>\n<\/div>\n<h2 style=\"color: #333399; border-left: 4px solid #333399; padding-left: 8px; margin-top: 30px;\">Preguntas Frecuentes sobre la agenda en Mazarr\u00f3n (FAQ)<\/h2>\n<h3 style=\"color: #444; font-size: 16px; margin-top: 20px;\">\u00bfQu\u00e9 precio tiene la visita guiada al Museo de la Miner\u00eda de Mazarr\u00f3n?<\/h3>\n<p>La visita guiada al Museo de la Miner\u00eda Antonio Paredes es totalmente gratuita, pero requiere inscripci\u00f3n obligatoria online en la plataforma oficial de turismo del ayuntamiento ya que las plazas son limitadas para garantizar la calidad de la experiencia.<\/p>\n<h3 style=\"color: #444; font-size: 16px; margin-top: 20px;\">\u00bfQui\u00e9nes pueden apuntarse a la escuela de &#8216;Bienvenida al Verano&#8217; en la Piscina Municipal?<\/h3>\n<p>Esta actividad est\u00e1 dirigida espec\u00edficamente a menores nacidos entre los a\u00f1os 2014 y 2020 que se encuentren empadronados o debidamente escolarizados en el municipio de Mazarr\u00f3n.<\/p>\n<h3 style=\"color: #444; font-size: 16px; margin-top: 20px;\">\u00bfD\u00f3nde se encuentra el Aula Abierta de la Escuela de Talentos?<\/h3>\n<p>La Escuela de Talentos se desarrollar\u00e1 en las instalaciones del CEIP Francisco Caparr\u00f3s, ubicado en el n\u00facleo urbano de Mazarr\u00f3n, ofreciendo un entorno \u00f3ptimo y adaptado para sus 20 participantes.<\/p>\n<h2 style=\"color: #333399; border-left: 4px solid #333399; padding-left: 8px; margin-top: 30px;\">Conclusi\u00f3n<\/h2>\n<p>La <strong>agenda en Mazarr\u00f3n<\/strong> para esta semana vuelve a dejar claro que nuestro municipio es un destino din\u00e1mico y comprometido con la cultura, la conciliaci\u00f3n familiar y la puesta en valor de sus ra\u00edces. Desde aprender sobre navegaci\u00f3n antigua en el Centro del Barco Fenicio hasta recorrer las galer\u00edas hist\u00f3ricas de la miner\u00eda, pasando por asegurar el ocio de los ni\u00f1os para las pr\u00f3ximas semanas, hay opciones para todos los gustos. \u00a1Aprovecha al m\u00e1ximo estos d\u00edas y disfruta de todo lo que Mazarr\u00f3n tiene preparado para ti!<\/p>","protected":false},"excerpt":{"rendered":"<p>\u00a1La tercera semana de junio llega repleta de actividades ideales para exprimir el inicio del periodo estival en nuestro municipio! Si te est\u00e1s preguntando qu\u00e9 hacer durante estos d\u00edas, la [&hellip;]<\/p>\n","protected":false},"author":1,"featured_media":3926,"comment_status":"open","ping_status":"open","sticky":false,"template":"","format":"standard","meta":{"footnotes":""},"categories":[87],"tags":[],"class_list":["post-3841","post","type-post","status-publish","format-standard","has-post-thumbnail","hentry","category-agenda"],"blocksy_meta":[],"yoast_head":"<!-- This site is optimized with the Yoast SEO plugin v28.4 - https:\/\/yoast.com\/product\/yoast-seo-wordpress\/ -->\n<title>Qu\u00e9 hacer en Mazarr\u00f3n del 15 al 21 de junio de 2026 | Agenda Cultural<\/title>\n<meta name=\"description\" content=\"Descubre la agenda de planes en Mazarr\u00f3n del 15 al 21 de junio de 2026. Visitas guiadas gratuitas al Museo Minero, Centro de Interpretaci\u00f3n del Barco Fenicio, Escuela de Talentos y escuela de verano. \u00a1Apunta los mejores planes!\" \/>\n<meta name=\"robots\" content=\"index, follow, max-snippet:-1, max-image-preview:large, max-video-preview:-1\" \/>\n<link rel=\"canonical\" href=\"https:\/\/mazarrononline.com\/en\/agenda-en-mazarron-planes-y-eventos-del-15-al-21-de-junio-de-2026\/\" \/>\n<meta property=\"og:locale\" content=\"en_GB\" \/>\n<meta property=\"og:type\" content=\"article\" \/>\n<meta property=\"og:title\" content=\"Qu\u00e9 hacer en Mazarr\u00f3n del 15 al 21 de junio de 2026 | Agenda Cultural\" \/>\n<meta property=\"og:description\" content=\"Descubre la agenda de planes en Mazarr\u00f3n del 15 al 21 de junio de 2026. Visitas guiadas gratuitas al Museo Minero, Centro de Interpretaci\u00f3n del Barco Fenicio, Escuela de Talentos y escuela de verano. \u00a1Apunta los mejores planes!\" \/>\n<meta property=\"og:url\" content=\"https:\/\/mazarrononline.com\/en\/agenda-en-mazarron-planes-y-eventos-del-15-al-21-de-junio-de-2026\/\" \/>\n<meta property=\"og:site_name\" content=\"Mazarron Online\" \/>\n<meta property=\"article:published_time\" content=\"2026-06-08T16:17:01+00:00\" \/>\n<meta property=\"article:modified_time\" content=\"2026-06-15T16:46:53+00:00\" \/>\n<meta property=\"og:image\" content=\"https:\/\/mazarrononline.com\/wp-content\/uploads\/2026\/06\/exposicion-resina-y-alambre-ana-villena-mazarron.png\" \/>\n\t<meta property=\"og:image:width\" content=\"928\" \/>\n\t<meta property=\"og:image:height\" content=\"862\" \/>\n\t<meta property=\"og:image:type\" content=\"image\/png\" \/>\n<meta name=\"author\" content=\"Leyre\" \/>\n<meta name=\"twitter:card\" content=\"summary_large_image\" \/>\n<meta name=\"twitter:label1\" content=\"Written by\" \/>\n\t<meta name=\"twitter:data1\" content=\"Leyre\" \/>\n\t<meta name=\"twitter:label2\" content=\"Estimated reading time\" \/>\n\t<meta name=\"twitter:data2\" content=\"6 minutes\" \/>\n<script type=\"application\/ld+json\" class=\"yoast-schema-graph\">{\"@context\":\"https:\\\/\\\/schema.org\",\"@graph\":[{\"@type\":\"Article\",\"@id\":\"https:\\\/\\\/mazarrononline.com\\\/agenda-en-mazarron-planes-y-eventos-del-15-al-21-de-junio-de-2026\\\/#article\",\"isPartOf\":{\"@id\":\"https:\\\/\\\/mazarrononline.com\\\/agenda-en-mazarron-planes-y-eventos-del-15-al-21-de-junio-de-2026\\\/\"},\"author\":{\"name\":\"Leyre\",\"@id\":\"https:\\\/\\\/mazarrononline.com\\\/#\\\/schema\\\/person\\\/d9631cc872d8c011f835a190d882e76d\"},\"headline\":\"Qu\u00e9 hacer en Mazarr\u00f3n del 15 al 21 de junio de 2026 | Agenda Cultural\",\"datePublished\":\"2026-06-08T16:17:01+00:00\",\"dateModified\":\"2026-06-15T16:46:53+00:00\",\"mainEntityOfPage\":{\"@id\":\"https:\\\/\\\/mazarrononline.com\\\/agenda-en-mazarron-planes-y-eventos-del-15-al-21-de-junio-de-2026\\\/\"},\"wordCount\":1245,\"commentCount\":0,\"publisher\":{\"@id\":\"https:\\\/\\\/mazarrononline.com\\\/#organization\"},\"image\":{\"@id\":\"https:\\\/\\\/mazarrononline.com\\\/agenda-en-mazarron-planes-y-eventos-del-15-al-21-de-junio-de-2026\\\/#primaryimage\"},\"thumbnailUrl\":\"https:\\\/\\\/mazarrononline.com\\\/wp-content\\\/uploads\\\/2026\\\/06\\\/exposicion-resina-y-alambre-ana-villena-mazarron.png\",\"articleSection\":[\"Agenda\"],\"inLanguage\":\"en-GB\",\"potentialAction\":[{\"@type\":\"CommentAction\",\"name\":\"Comment\",\"target\":[\"https:\\\/\\\/mazarrononline.com\\\/agenda-en-mazarron-planes-y-eventos-del-15-al-21-de-junio-de-2026\\\/#respond\"]}]},{\"@type\":\"WebPage\",\"@id\":\"https:\\\/\\\/mazarrononline.com\\\/agenda-en-mazarron-planes-y-eventos-del-15-al-21-de-junio-de-2026\\\/\",\"url\":\"https:\\\/\\\/mazarrononline.com\\\/agenda-en-mazarron-planes-y-eventos-del-15-al-21-de-junio-de-2026\\\/\",\"name\":\"Qu\u00e9 hacer en Mazarr\u00f3n del 15 al 21 de junio de 2026 | Agenda Cultural\",\"isPartOf\":{\"@id\":\"https:\\\/\\\/mazarrononline.com\\\/#website\"},\"primaryImageOfPage\":{\"@id\":\"https:\\\/\\\/mazarrononline.com\\\/agenda-en-mazarron-planes-y-eventos-del-15-al-21-de-junio-de-2026\\\/#primaryimage\"},\"image\":{\"@id\":\"https:\\\/\\\/mazarrononline.com\\\/agenda-en-mazarron-planes-y-eventos-del-15-al-21-de-junio-de-2026\\\/#primaryimage\"},\"thumbnailUrl\":\"https:\\\/\\\/mazarrononline.com\\\/wp-content\\\/uploads\\\/2026\\\/06\\\/exposicion-resina-y-alambre-ana-villena-mazarron.png\",\"datePublished\":\"2026-06-08T16:17:01+00:00\",\"dateModified\":\"2026-06-15T16:46:53+00:00\",\"description\":\"Descubre la agenda de planes en Mazarr\u00f3n del 15 al 21 de junio de 2026. Visitas guiadas gratuitas al Museo Minero, Centro de Interpretaci\u00f3n del Barco Fenicio, Escuela de Talentos y escuela de verano. \u00a1Apunta los mejores planes!\",\"breadcrumb\":{\"@id\":\"https:\\\/\\\/mazarrononline.com\\\/agenda-en-mazarron-planes-y-eventos-del-15-al-21-de-junio-de-2026\\\/#breadcrumb\"},\"inLanguage\":\"en-GB\",\"potentialAction\":[{\"@type\":\"ReadAction\",\"target\":[\"https:\\\/\\\/mazarrononline.com\\\/agenda-en-mazarron-planes-y-eventos-del-15-al-21-de-junio-de-2026\\\/\"]}]},{\"@type\":\"ImageObject\",\"inLanguage\":\"en-GB\",\"@id\":\"https:\\\/\\\/mazarrononline.com\\\/agenda-en-mazarron-planes-y-eventos-del-15-al-21-de-junio-de-2026\\\/#primaryimage\",\"url\":\"https:\\\/\\\/mazarrononline.com\\\/wp-content\\\/uploads\\\/2026\\\/06\\\/exposicion-resina-y-alambre-ana-villena-mazarron.png\",\"contentUrl\":\"https:\\\/\\\/mazarrononline.com\\\/wp-content\\\/uploads\\\/2026\\\/06\\\/exposicion-resina-y-alambre-ana-villena-mazarron.png\",\"width\":928,\"height\":862,\"caption\":\"exposicion-resina-y-alambre-ana-villena-mazarron\"},{\"@type\":\"BreadcrumbList\",\"@id\":\"https:\\\/\\\/mazarrononline.com\\\/agenda-en-mazarron-planes-y-eventos-del-15-al-21-de-junio-de-2026\\\/#breadcrumb\",\"itemListElement\":[{\"@type\":\"ListItem\",\"position\":1,\"name\":\"Portada\",\"item\":\"https:\\\/\\\/mazarrononline.com\\\/\"},{\"@type\":\"ListItem\",\"position\":2,\"name\":\"Qu\u00e9 hacer en Mazarr\u00f3n del 15 al 21 de junio de 2026 | Agenda Cultural\"}]},{\"@type\":\"WebSite\",\"@id\":\"https:\\\/\\\/mazarrononline.com\\\/#website\",\"url\":\"https:\\\/\\\/mazarrononline.com\\\/\",\"name\":\"Mazarron Online\",\"description\":\"\",\"publisher\":{\"@id\":\"https:\\\/\\\/mazarrononline.com\\\/#organization\"},\"potentialAction\":[{\"@type\":\"SearchAction\",\"target\":{\"@type\":\"EntryPoint\",\"urlTemplate\":\"https:\\\/\\\/mazarrononline.com\\\/?s={search_term_string}\"},\"query-input\":{\"@type\":\"PropertyValueSpecification\",\"valueRequired\":true,\"valueName\":\"search_term_string\"}}],\"inLanguage\":\"en-GB\"},{\"@type\":\"Organization\",\"@id\":\"https:\\\/\\\/mazarrononline.com\\\/#organization\",\"name\":\"Mazarron Online\",\"url\":\"https:\\\/\\\/mazarrononline.com\\\/\",\"logo\":{\"@type\":\"ImageObject\",\"inLanguage\":\"en-GB\",\"@id\":\"https:\\\/\\\/mazarrononline.com\\\/#\\\/schema\\\/logo\\\/image\\\/\",\"url\":\"https:\\\/\\\/mazarrononline.com\\\/wp-content\\\/uploads\\\/2026\\\/03\\\/mazarrononline.com_.png\",\"contentUrl\":\"https:\\\/\\\/mazarrononline.com\\\/wp-content\\\/uploads\\\/2026\\\/03\\\/mazarrononline.com_.png\",\"width\":891,\"height\":340,\"caption\":\"Mazarron Online\"},\"image\":{\"@id\":\"https:\\\/\\\/mazarrononline.com\\\/#\\\/schema\\\/logo\\\/image\\\/\"}},{\"@type\":\"Person\",\"@id\":\"https:\\\/\\\/mazarrononline.com\\\/#\\\/schema\\\/person\\\/d9631cc872d8c011f835a190d882e76d\",\"name\":\"Leyre\",\"image\":{\"@type\":\"ImageObject\",\"inLanguage\":\"en-GB\",\"@id\":\"https:\\\/\\\/secure.gravatar.com\\\/avatar\\\/3c782ce00e025f94599c550917c21e50e8a575481f274333674068bc26c1b3ff?s=96&d=mm&r=g\",\"url\":\"https:\\\/\\\/secure.gravatar.com\\\/avatar\\\/3c782ce00e025f94599c550917c21e50e8a575481f274333674068bc26c1b3ff?s=96&d=mm&r=g\",\"contentUrl\":\"https:\\\/\\\/secure.gravatar.com\\\/avatar\\\/3c782ce00e025f94599c550917c21e50e8a575481f274333674068bc26c1b3ff?s=96&d=mm&r=g\",\"caption\":\"Leyre\"},\"description\":\"Apasionada del periodismo de viajes y la cultura local, de Mazarr\u00f3n, donde recorro cada d\u00eda los rincones, playas y eventos. Estoy Especializada en gu\u00edas de turismo, ocio y gastronom\u00eda de Mazarr\u00f3n, comparto consejos pr\u00e1cticos y recomendaciones de primera mano para ayudar a vecinos y visitantes a disfrutar al m\u00e1ximo del municipio.\",\"sameAs\":[\"https:\\\/\\\/mazarrononline.com\"],\"url\":\"https:\\\/\\\/mazarrononline.com\\\/en\\\/author\\\/todalainformacionweb\\\/\"}]}<\/script>\n<!-- \/ Yoast SEO plugin. -->","yoast_head_json":{"title":"Qu\u00e9 hacer en Mazarr\u00f3n del 15 al 21 de junio de 2026 | Agenda Cultural","description":"Descubre la agenda de planes en Mazarr\u00f3n del 15 al 21 de junio de 2026. Visitas guiadas gratuitas al Museo Minero, Centro de Interpretaci\u00f3n del Barco Fenicio, Escuela de Talentos y escuela de verano. \u00a1Apunta los mejores planes!","robots":{"index":"index","follow":"follow","max-snippet":"max-snippet:-1","max-image-preview":"max-image-preview:large","max-video-preview":"max-video-preview:-1"},"canonical":"https:\/\/mazarrononline.com\/en\/agenda-en-mazarron-planes-y-eventos-del-15-al-21-de-junio-de-2026\/","og_locale":"en_GB","og_type":"article","og_title":"Qu\u00e9 hacer en Mazarr\u00f3n del 15 al 21 de junio de 2026 | Agenda Cultural","og_description":"Descubre la agenda de planes en Mazarr\u00f3n del 15 al 21 de junio de 2026. Visitas guiadas gratuitas al Museo Minero, Centro de Interpretaci\u00f3n del Barco Fenicio, Escuela de Talentos y escuela de verano. \u00a1Apunta los mejores planes!","og_url":"https:\/\/mazarrononline.com\/en\/agenda-en-mazarron-planes-y-eventos-del-15-al-21-de-junio-de-2026\/","og_site_name":"Mazarron Online","article_published_time":"2026-06-08T16:17:01+00:00","article_modified_time":"2026-06-15T16:46:53+00:00","og_image":[{"width":928,"height":862,"url":"https:\/\/mazarrononline.com\/wp-content\/uploads\/2026\/06\/exposicion-resina-y-alambre-ana-villena-mazarron.png","type":"image\/png"}],"author":"Leyre","twitter_card":"summary_large_image","twitter_misc":{"Written by":"Leyre","Estimated reading time":"6 minutes"},"schema":{"@context":"https:\/\/schema.org","@graph":[{"@type":"Article","@id":"https:\/\/mazarrononline.com\/agenda-en-mazarron-planes-y-eventos-del-15-al-21-de-junio-de-2026\/#article","isPartOf":{"@id":"https:\/\/mazarrononline.com\/agenda-en-mazarron-planes-y-eventos-del-15-al-21-de-junio-de-2026\/"},"author":{"name":"Leyre","@id":"https:\/\/mazarrononline.com\/#\/schema\/person\/d9631cc872d8c011f835a190d882e76d"},"headline":"Qu\u00e9 hacer en Mazarr\u00f3n del 15 al 21 de junio de 2026 | Agenda Cultural","datePublished":"2026-06-08T16:17:01+00:00","dateModified":"2026-06-15T16:46:53+00:00","mainEntityOfPage":{"@id":"https:\/\/mazarrononline.com\/agenda-en-mazarron-planes-y-eventos-del-15-al-21-de-junio-de-2026\/"},"wordCount":1245,"commentCount":0,"publisher":{"@id":"https:\/\/mazarrononline.com\/#organization"},"image":{"@id":"https:\/\/mazarrononline.com\/agenda-en-mazarron-planes-y-eventos-del-15-al-21-de-junio-de-2026\/#primaryimage"},"thumbnailUrl":"https:\/\/mazarrononline.com\/wp-content\/uploads\/2026\/06\/exposicion-resina-y-alambre-ana-villena-mazarron.png","articleSection":["Agenda"],"inLanguage":"en-GB","potentialAction":[{"@type":"CommentAction","name":"Comment","target":["https:\/\/mazarrononline.com\/agenda-en-mazarron-planes-y-eventos-del-15-al-21-de-junio-de-2026\/#respond"]}]},{"@type":"WebPage","@id":"https:\/\/mazarrononline.com\/agenda-en-mazarron-planes-y-eventos-del-15-al-21-de-junio-de-2026\/","url":"https:\/\/mazarrononline.com\/agenda-en-mazarron-planes-y-eventos-del-15-al-21-de-junio-de-2026\/","name":"Qu\u00e9 hacer en Mazarr\u00f3n del 15 al 21 de junio de 2026 | Agenda Cultural","isPartOf":{"@id":"https:\/\/mazarrononline.com\/#website"},"primaryImageOfPage":{"@id":"https:\/\/mazarrononline.com\/agenda-en-mazarron-planes-y-eventos-del-15-al-21-de-junio-de-2026\/#primaryimage"},"image":{"@id":"https:\/\/mazarrononline.com\/agenda-en-mazarron-planes-y-eventos-del-15-al-21-de-junio-de-2026\/#primaryimage"},"thumbnailUrl":"https:\/\/mazarrononline.com\/wp-content\/uploads\/2026\/06\/exposicion-resina-y-alambre-ana-villena-mazarron.png","datePublished":"2026-06-08T16:17:01+00:00","dateModified":"2026-06-15T16:46:53+00:00","description":"Descubre la agenda de planes en Mazarr\u00f3n del 15 al 21 de junio de 2026. Visitas guiadas gratuitas al Museo Minero, Centro de Interpretaci\u00f3n del Barco Fenicio, Escuela de Talentos y escuela de verano. \u00a1Apunta los mejores planes!","breadcrumb":{"@id":"https:\/\/mazarrononline.com\/agenda-en-mazarron-planes-y-eventos-del-15-al-21-de-junio-de-2026\/#breadcrumb"},"inLanguage":"en-GB","potentialAction":[{"@type":"ReadAction","target":["https:\/\/mazarrononline.com\/agenda-en-mazarron-planes-y-eventos-del-15-al-21-de-junio-de-2026\/"]}]},{"@type":"ImageObject","inLanguage":"en-GB","@id":"https:\/\/mazarrononline.com\/agenda-en-mazarron-planes-y-eventos-del-15-al-21-de-junio-de-2026\/#primaryimage","url":"https:\/\/mazarrononline.com\/wp-content\/uploads\/2026\/06\/exposicion-resina-y-alambre-ana-villena-mazarron.png","contentUrl":"https:\/\/mazarrononline.com\/wp-content\/uploads\/2026\/06\/exposicion-resina-y-alambre-ana-villena-mazarron.png","width":928,"height":862,"caption":"exposicion-resina-y-alambre-ana-villena-mazarron"},{"@type":"BreadcrumbList","@id":"https:\/\/mazarrononline.com\/agenda-en-mazarron-planes-y-eventos-del-15-al-21-de-junio-de-2026\/#breadcrumb","itemListElement":[{"@type":"ListItem","position":1,"name":"Portada","item":"https:\/\/mazarrononline.com\/"},{"@type":"ListItem","position":2,"name":"Qu\u00e9 hacer en Mazarr\u00f3n del 15 al 21 de junio de 2026 | Agenda Cultural"}]},{"@type":"WebSite","@id":"https:\/\/mazarrononline.com\/#website","url":"https:\/\/mazarrononline.com\/","name":"Mazarron Online","description":"","publisher":{"@id":"https:\/\/mazarrononline.com\/#organization"},"potentialAction":[{"@type":"SearchAction","target":{"@type":"EntryPoint","urlTemplate":"https:\/\/mazarrononline.com\/?s={search_term_string}"},"query-input":{"@type":"PropertyValueSpecification","valueRequired":true,"valueName":"search_term_string"}}],"inLanguage":"en-GB"},{"@type":"Organization","@id":"https:\/\/mazarrononline.com\/#organization","name":"Mazarron Online","url":"https:\/\/mazarrononline.com\/","logo":{"@type":"ImageObject","inLanguage":"en-GB","@id":"https:\/\/mazarrononline.com\/#\/schema\/logo\/image\/","url":"https:\/\/mazarrononline.com\/wp-content\/uploads\/2026\/03\/mazarrononline.com_.png","contentUrl":"https:\/\/mazarrononline.com\/wp-content\/uploads\/2026\/03\/mazarrononline.com_.png","width":891,"height":340,"caption":"Mazarron Online"},"image":{"@id":"https:\/\/mazarrononline.com\/#\/schema\/logo\/image\/"}},{"@type":"Person","@id":"https:\/\/mazarrononline.com\/#\/schema\/person\/d9631cc872d8c011f835a190d882e76d","name":"Leyre","image":{"@type":"ImageObject","inLanguage":"en-GB","@id":"https:\/\/secure.gravatar.com\/avatar\/3c782ce00e025f94599c550917c21e50e8a575481f274333674068bc26c1b3ff?s=96&d=mm&r=g","url":"https:\/\/secure.gravatar.com\/avatar\/3c782ce00e025f94599c550917c21e50e8a575481f274333674068bc26c1b3ff?s=96&d=mm&r=g","contentUrl":"https:\/\/secure.gravatar.com\/avatar\/3c782ce00e025f94599c550917c21e50e8a575481f274333674068bc26c1b3ff?s=96&d=mm&r=g","caption":"Leyre"},"description":"Apasionada del periodismo de viajes y la cultura local, de Mazarr\u00f3n, donde recorro cada d\u00eda los rincones, playas y eventos. Estoy Especializada en gu\u00edas de turismo, ocio y gastronom\u00eda de Mazarr\u00f3n, comparto consejos pr\u00e1cticos y recomendaciones de primera mano para ayudar a vecinos y visitantes a disfrutar al m\u00e1ximo del municipio.","sameAs":["https:\/\/mazarrononline.com"],"url":"https:\/\/mazarrononline.com\/en\/author\/todalainformacionweb\/"}]}},"_links":{"self":[{"href":"https:\/\/mazarrononline.com\/en\/wp-json\/wp\/v2\/posts\/3841","targetHints":{"allow":["GET"]}}],"collection":[{"href":"https:\/\/mazarrononline.com\/en\/wp-json\/wp\/v2\/posts"}],"about":[{"href":"https:\/\/mazarrononline.com\/en\/wp-json\/wp\/v2\/types\/post"}],"author":[{"embeddable":true,"href":"https:\/\/mazarrononline.com\/en\/wp-json\/wp\/v2\/users\/1"}],"replies":[{"embeddable":true,"href":"https:\/\/mazarrononline.com\/en\/wp-json\/wp\/v2\/comments?post=3841"}],"version-history":[{"count":4,"href":"https:\/\/mazarrononline.com\/en\/wp-json\/wp\/v2\/posts\/3841\/revisions"}],"predecessor-version":[{"id":3928,"href":"https:\/\/mazarrononline.com\/en\/wp-json\/wp\/v2\/posts\/3841\/revisions\/3928"}],"wp:featuredmedia":[{"embeddable":true,"href":"https:\/\/mazarrononline.com\/en\/wp-json\/wp\/v2\/media\/3926"}],"wp:attachment":[{"href":"https:\/\/mazarrononline.com\/en\/wp-json\/wp\/v2\/media?parent=3841"}],"wp:term":[{"taxonomy":"category","embeddable":true,"href":"https:\/\/mazarrononline.com\/en\/wp-json\/wp\/v2\/categories?post=3841"},{"taxonomy":"post_tag","embeddable":true,"href":"https:\/\/mazarrononline.com\/en\/wp-json\/wp\/v2\/tags?post=3841"}],"curies":[{"name":"wp","href":"https:\/\/api.w.org\/{rel}","templated":true}]}}