{"id":2096,"date":"2026-07-28T19:20:43","date_gmt":"2026-07-28T19:20:43","guid":{"rendered":"https:\/\/mazarrononline.com\/?p=2096"},"modified":"2026-07-29T17:20:06","modified_gmt":"2026-07-29T17:20:06","slug":"mazarock","status":"publish","type":"post","link":"https:\/\/mazarrononline.com\/en\/mazarock\/","title":{"rendered":"Mazarock 2026: Cartel, Horarios y Entradas del Festival"},"content":{"rendered":"<p>El legendario <strong>Mazarock 2026<\/strong> regresa por todo lo alto. Tras 43 a\u00f1os desde su m\u00edtica \u00faltima edici\u00f3n a principios de los ochenta, Mazarr\u00f3n recupera uno de los festivales pioneros de la Regi\u00f3n de Murcia. El evento promete congregar a miles de amantes del rock y el heavy metal en un regreso hist\u00f3rico que une nostalgia, potencia nacional y talento local.<\/p>\n<p>En <strong>MazarronOnline.com<\/strong> te detallamos toda la informaci\u00f3n confirmada: fechas, el cartel completo de bandas por horarios, la ubicaci\u00f3n del recinto y c\u00f3mo conseguir tus entradas antes de que se agoten.<\/p>\n<table style=\"width: 100%; background-color: #f1f8ff; border-left: 5px solid #002855; border-collapse: collapse; margin: 20px 0;\">\n<tbody>\n<tr>\n<td style=\"padding: 15px; border: none;\">\n<h3 style=\"margin-top: 0; margin-bottom: 12px; color: #002855; font-family: sans-serif;\">\ud83c\udfb8 Ficha T\u00e9cnica: Mazarock Fest 2026<\/h3>\n<ul style=\"margin: 0; padding-left: 20px; color: #333; line-height: 1.6; font-family: sans-serif;\">\n<li style=\"margin-bottom: 8px;\"><strong>\ud83d\udcc5 Fecha oficial:<\/strong> Viernes, 31 de julio de 2026.<\/li>\n<li style=\"margin-bottom: 8px;\"><strong>\u23f3 Horario de apertura:<\/strong> Apertura de puertas a las 20:30 horas (Fin estimado sobre las 04:00 AM).<\/li>\n<li style=\"margin-bottom: 8px;\"><strong>\ud83d\udccd Lugar:<\/strong> Complejo Deportivo de Mazarr\u00f3n (Recinto Espacio Esc\u00e9nico Mares de Papel).<\/li>\n<li><strong>\ud83c\udf9f\ufe0f Acceso:<\/strong> Evento regulado mediante venta de entradas anticipadas.<\/li>\n<\/ul>\n<\/td>\n<\/tr>\n<\/tbody>\n<\/table>\n<h2 style=\"color: #333399; font-family: sans-serif;\">\ud83c\udfa4 Cartel Oficial y Horarios del Mazarock 2026<\/h2>\n<p>La organizaci\u00f3n ha apostado fuerte para este regreso reuniendo a cuatro leyendas vivas del rock y el heavy metal nacional, respaldadas por bandas de la tierra que abrir\u00e1n el escenario:<\/p>\n<table style=\"width: 100%; border-collapse: collapse; margin: 20px 0; font-family: sans-serif; font-size: 15px;\">\n<thead>\n<tr style=\"background-color: #002855; color: #ffffff; border-bottom: 2px solid #ddd;\">\n<th style=\"padding: 12px; text-align: left; width: 30%;\">\u23f0 Horario<\/th>\n<th style=\"padding: 12px; text-align: left; width: 45%;\">\ud83c\udfb8 Banda \/ Artista<\/th>\n<th style=\"padding: 12px; text-align: left; width: 25%;\">\u26a1 Estilo<\/th>\n<\/tr>\n<\/thead>\n<tbody>\n<tr style=\"border-bottom: 1px solid #eee;\">\n<td style=\"padding: 10px; font-weight: bold; color: #555;\">21:00 h<\/td>\n<td style=\"padding: 10px;\"><strong>Malagente<\/strong><\/td>\n<td style=\"padding: 10px; color: #666;\">Rock Alternativo<\/td>\n<\/tr>\n<tr style=\"border-bottom: 1px solid #eee; background-color: #fafafa;\">\n<td style=\"padding: 10px; font-weight: bold; color: #555;\">(Por confirmar)<\/td>\n<td style=\"padding: 10px;\"><strong>Turbina<\/strong><\/td>\n<td style=\"padding: 10px; color: #666;\">Banda Local<\/td>\n<\/tr>\n<tr style=\"border-bottom: 1px solid #eee;\">\n<td style=\"padding: 10px; font-weight: bold; color: #c62828;\">22:30 h<\/td>\n<td style=\"padding: 10px;\"><strong>Ob\u00fas<\/strong><\/td>\n<td style=\"padding: 10px; font-weight: bold; color: #c62828;\">Heavy Metal<\/td>\n<\/tr>\n<tr style=\"border-bottom: 1px solid #eee; background-color: #fafafa;\">\n<td style=\"padding: 10px; font-weight: bold; color: #e65100;\">23:15 h<\/td>\n<td style=\"padding: 10px;\"><strong>Medina Azahara<\/strong><\/td>\n<td style=\"padding: 10px; font-weight: bold; color: #e65100;\">Rock Andaluz<\/td>\n<\/tr>\n<tr style=\"border-bottom: 1px solid #eee;\">\n<td style=\"padding: 10px; font-weight: bold; color: #c62828;\">00:00 h<\/td>\n<td style=\"padding: 10px;\"><strong>Bar\u00f3n Rojo<\/strong><\/td>\n<td style=\"padding: 10px; font-weight: bold; color: #c62828;\">Heavy Metal<\/td>\n<\/tr>\n<tr style=\"border-bottom: 1px solid #eee; background-color: #fafafa;\">\n<td style=\"padding: 10px; font-weight: bold; color: #2e7d32;\">00:45 h<\/td>\n<td style=\"padding: 10px;\"><strong>M\u00e4go de Oz<\/strong><\/td>\n<td style=\"padding: 10px; font-weight: bold; color: #2e7d32;\">Folk Metal<\/td>\n<\/tr>\n<\/tbody>\n<\/table>\n<h2 style=\"color: #333399; font-family: sans-serif;\">\ud83d\udccd \u00bfD\u00f3nde se celebra el festival y c\u00f3mo llegar?<\/h2>\n<p>El festival se traslada al <strong>Complejo Deportivo de Mazarr\u00f3n<\/strong>, aprovechando las infraestructuras preparadas en el espacio esc\u00e9nico que alberga el ciclo cultural <em>Mares de Papel<\/em>. Se sit\u00faa estrat\u00e9gicamente en la carretera que conecta el n\u00facleo urbano de Mazarr\u00f3n con el Puerto de Mazarr\u00f3n.<\/p>\n<ul>\n<li><strong>Ubicaci\u00f3n exacta:<\/strong> Complejo Deportivo Municipal, Ctra. de Mazarr\u00f3n al Puerto, 30870 Mazarr\u00f3n, Murcia.<\/li>\n<li><strong>Aparcamiento y accesos:<\/strong> Al ubicarse junto al complejo deportivo, cuenta con explanadas de parking habituales en los alrededores, aunque debido a la afluencia de tr\u00e1fico esperada a partir de las 20:30h, se recomienda encarecidamente compartir veh\u00edculo o acudir con suficiente tiempo de antelaci\u00f3n.<\/li>\n<\/ul>\n<h2 data-path-to-node=\"2\"><span style=\"color: #333399;\">\ud83d\udccd C\u00f3mo llegar a Mazarock<\/span><\/h2>\n<p data-path-to-node=\"3\">Llegar a Mazarock\u00a0es muy sencillo, ya que se encuentra en un punto estrat\u00e9gico y bien comunicado entre el pueblo y la zona costera. El recinto est\u00e1 ubicado en el <b data-path-to-node=\"3\" data-index-in-node=\"189\">Complejo Deportivo de Mazarr\u00f3n (Media Legua)<\/b>, concretamente en la <b data-path-to-node=\"3\" data-index-in-node=\"255\">Carretera de Mazarr\u00f3n al Puerto, Km 5<\/b>.<\/p>\n<ul data-path-to-node=\"4\">\n<li>\n<p data-path-to-node=\"4,0,0\">\ud83d\ude97 <b data-path-to-node=\"4,0,0\" data-index-in-node=\"3\">En coche:<\/b> Si vienes desde Mazarr\u00f3n casco o desde el Puerto de Mazarr\u00f3n, solo debes seguir la carretera principal RM-332 que conecta ambos n\u00facleos urbanos. El complejo cuenta con zonas habilitadas para el estacionamiento en los alrededores.<\/p>\n<\/li>\n<li>\n<p data-path-to-node=\"4,1,0\">\ud83d\uddfa\ufe0f <b data-path-to-node=\"4,1,0\" data-index-in-node=\"4\">Direcci\u00f3n y Mapa:<\/b> Para no perderte, puedes ver la ubicaci\u00f3n exacta y abrir la ruta de navegaci\u00f3n interactiva a trav\u00e9s de este <a class=\"ng-star-inserted\" href=\"https:\/\/www.google.com\/search?q=https:\/\/maps.google.com\/maps%3Fq%3DComplejo%2BDeportivo%2BMazarron\" target=\"_blank\" rel=\"noopener\" data-hveid=\"0\" data-ved=\"0CAAQ_4QMahgKEwiB34-rhLuVAxUAAAAAHQAAAAAQ9AE\">Enlace de Google Maps<\/a>.<\/p>\n<\/li>\n<li>\n<p data-path-to-node=\"4,2,0\">\ud83d\ude8c <b data-path-to-node=\"4,2,0\" data-index-in-node=\"3\">Autob\u00fas Gratuito (La mejor opci\u00f3n):<\/b> El Ayuntamiento de Mazarr\u00f3n ofrece un servicio de autob\u00fas 100% gratuito para asistir a los eventos del festival, con viaje de vuelta garantizado al terminar la obra. Las paradas se realizan a partir de las 20:00 h en Mazarr\u00f3n casco, a las 20:15 h en Bolnuevo y a las 20:40 h en la Estaci\u00f3n del Puerto. Puedes consultar todas las paradas y los horarios detallados en esta <a class=\"ng-star-inserted\" href=\"https:\/\/mazarrononline.com\/en\/autobuses-gratuitos-mares-de-papel-mazarron\/\" target=\"_blank\" rel=\"noopener\" data-hveid=\"0\" data-ved=\"0CAAQ_4QMahgKEwiB34-rhLuVAxUAAAAAHQAAAAAQ9QE\">Gu\u00eda de autobuses gratuitos para Mares de Papel<\/a>.<\/p>\n<\/li>\n<\/ul>\n<p><iframe style=\"border: 0;\" src=\"https:\/\/www.google.com\/maps\/embed?pb=!1m18!1m12!1m3!1d12648.11866765059!2d-1.2989801604491957!3d37.577919099999995!2m3!1f0!2f0!3f0!3m2!1i1024!2i768!4f13.1!3m3!1m2!1s0xd64a17ad1cc700f%3A0xf35a9052ada4f661!2sComplejo%20Deportivo%20Mazarr%C3%B3n!5e0!3m2!1ses!2ses!4v1781022955782!5m2!1ses!2ses\" width=\"600\" height=\"450\" allowfullscreen=\"allowfullscreen\"><\/iframe><\/p>\n<h2 style=\"color: #333399; font-family: sans-serif; font-size: 24px; font-weight: bold; margin-top: 25px; margin-bottom: 15px;\">\ud83c\udf9f\ufe0f \u00bfCu\u00e1nto cuestan las entradas del Mazarock 2026?<\/h2>\n<p style=\"color: #333333; font-family: sans-serif; font-size: 16px; line-height: 1.6; margin-bottom: 20px;\">La oferta de lanzamiento especial tiene un precio conmemorativo de <strong>43 euros<\/strong> (gastos ya incluidos) en honor a los 43 a\u00f1os que el municipio lleva esperando el regreso del festival. Adem\u00e1s, las primeras 500 entradas adquiridas de forma anticipada incluyen una consumici\u00f3n gratuita dentro del recinto.<\/p>\n<table style=\"width: 100%; background-color: #fff9f1; border-left: 5px solid #e65100; border-collapse: collapse; margin: 20px 0;\">\n<tbody>\n<tr>\n<td style=\"padding: 15px; border: none;\">\n<h3 style=\"margin-top: 0; margin-bottom: 12px; color: #e65100; font-family: sans-serif;\">\ud83c\udf9f\ufe0f Informaci\u00f3n de Entradas y Puntos de Venta Mazarock 2026<\/h3>\n<p style=\"margin-top: 0; margin-bottom: 10px; color: #333; line-height: 1.6; font-family: sans-serif;\">A diferencia de otros conciertos estivales menores, el regreso oficial del Mazarock requiere de la compra de entradas anticipadas para controlar el aforo por motivos de seguridad.<\/p>\n<p style=\"margin: 0; color: #333; font-family: sans-serif; line-height: 1.6;\">Puedes adquirir tus pases de forma 100% segura por internet a trav\u00e9s de las plataformas autorizadas de venta locales como <a href=\"https:\/\/maresdepapel.compralaentrada.com\/eventos\/19055\/20121\/mazarock-mazarron-2026\" target=\"_blank\" rel=\"noopener\"><strong>Compralaentrada<\/strong><\/a> o directamente mediante los enlaces distribuidos en la p\u00e1gina web oficial del evento (<a style=\"color: #e65100; font-weight: bold;\" href=\"https:\/\/www.mazarock.com\/\" target=\"_blank\" rel=\"noopener noreferrer\">mazarock.com<\/a>).<\/p>\n<\/td>\n<\/tr>\n<\/tbody>\n<\/table>\n<p>&nbsp;<\/p>\n<h2 style=\"color: #333399; font-family: sans-serif;\">\u2753FAQ: Preguntas Frecuentes sobre el Mazarock Fest<\/h2>\n<h4><strong>\u00bfQu\u00e9 d\u00eda y a qu\u00e9 hora es el Mazarock 2026?<\/strong><\/h4>\n<p>Se celebra el viernes 31 de julio de 2026. Las puertas del recinto deportivo abrir\u00e1n a las 20:30 horas y las actuaciones de rock en directo se prolongar\u00e1n hasta aproximadamente las 04:00 de la madrugada.<\/p>\n<h4><strong>\u00bfEl festival es gratuito o de pago?<\/strong><\/h4>\n<p>Es un festival de pago con venta de entradas anticipadas. No se garantiza la venta en taquilla el mismo d\u00eda si se completa previamente el aforo estipulado por seguridad.<\/p>\n<p><strong>\u00bfD\u00f3nde est\u00e1 el recinto del festival?<\/strong><br \/>\nEst\u00e1 en el Recinto de Mares de Papel dentro del Complejo Deportivo de Mazarr\u00f3n, ubicado justo en la carretera que baja desde el casco urbano hacia el Puerto de Mazarr\u00f3n.<\/p>\n<h4><strong>\u00bfSe puede entrar y salir del recinto deportivo libremente?<\/strong><\/h4>\n<p>Por normativa de seguridad y control de accesos de grandes eventos musicales, el reingreso al recinto una vez validada la entrada est\u00e1 sujeto a las condiciones marcadas por los organizadores oficiales a la entrada de la instalaci\u00f3n.<\/p>\n<div style=\"background-color: #f4f6f8; border: 1px solid #ccd0d4; border-left: 4px solid #0073aa; padding: 15px; margin: 20px 0; border-radius: 4px;\">\n<p style=\"margin: 0; font-size: 16px; line-height: 1.5;\"><strong>\ud83c\udfad \u00bfQuieres ver m\u00e1s actuaciones?<\/strong><br \/>\nNo te quedes solo con esta obra. Descubre todos los conciertos, noches de comedia y teatro programados para este verano haciendo clic en nuestra gu\u00eda completa de <a style=\"color: #0073aa; text-decoration: underline; font-weight: bold;\" href=\"https:\/\/mazarrononline.com\/en\/mares-de-papel-mazarron\/\">Mares de Papel Mazarr\u00f3n 2026<\/a>.<\/p>\n<p>&nbsp;<\/p>\n<p><span style=\"color: #0d47a1; font-size: 18px; font-weight: bold; background-color: #e3f2fd; font-family: sans-serif; text-align: center;\">\ud83d\udcc5 \u00bfBuscas planificar tu verano en Mazarr\u00f3n?<\/span><\/p>\n<div style=\"background-color: #e3f2fd; border-left: 6px solid #2196f3; padding: 20px; margin: 25px 0; border-radius: 4px; text-align: center; font-family: sans-serif;\">\n<p style=\"color: #1565c0; font-size: 15px; margin-bottom: 15px;\">Echa un vistazo a nuestra agenda de eventos destacados, el ciclo cultural de Mares de Papel y las mejores playas de la costa.<\/p>\n<p><a style=\"background-color: #1e88e5; color: white; padding: 10px 20px; border-radius: 4px; text-decoration: none; font-weight: bold; font-size: 14px; display: inline-block; box-shadow: 0 2px 4px rgba(0,0,0,0.15);\" href=\"https:\/\/mazarrononline.com\/en\/contacto\/\"><br \/>\n\u2795 Ver Agenda Cultural de Mazarr\u00f3n<\/a><\/p>\n<\/div>\n<\/div>","protected":false},"excerpt":{"rendered":"<p>El legendario Mazarock 2026 regresa por todo lo alto. Tras 43 a\u00f1os desde su m\u00edtica \u00faltima edici\u00f3n a principios de los ochenta, Mazarr\u00f3n recupera uno de los festivales pioneros de [&hellip;]<\/p>\n","protected":false},"author":1,"featured_media":3894,"comment_status":"open","ping_status":"open","sticky":false,"template":"","format":"standard","meta":{"footnotes":""},"categories":[28],"tags":[],"class_list":["post-2096","post","type-post","status-publish","format-standard","has-post-thumbnail","hentry","category-eventos"],"blocksy_meta":[],"yoast_head":"<!-- This site is optimized with the Yoast SEO plugin v28.3 - https:\/\/yoast.com\/product\/yoast-seo-wordpress\/ -->\n<title>Mazarock 2026: Cartel, Horarios y Entradas del Festival<\/title>\n<meta name=\"description\" content=\"\u00a1Vuelve el m\u00edtico Mazarock Fest 2026 tras 43 a\u00f1os! Consulta el cartel oficial de bandas (M\u00e4go de Oz, Medina Azahara, Ob\u00fas, Bar\u00f3n Rojo), horarios y entradas.\" \/>\n<meta name=\"robots\" content=\"index, follow, max-snippet:-1, max-image-preview:large, max-video-preview:-1\" \/>\n<link rel=\"canonical\" href=\"https:\/\/mazarrononline.com\/en\/mazarock\/\" \/>\n<meta property=\"og:locale\" content=\"en_GB\" \/>\n<meta property=\"og:type\" content=\"article\" \/>\n<meta property=\"og:title\" content=\"Mazarock 2026: Cartel, Horarios y Entradas del Festival\" \/>\n<meta property=\"og:description\" content=\"\u00a1Vuelve el m\u00edtico Mazarock Fest 2026 tras 43 a\u00f1os! Consulta el cartel oficial de bandas (M\u00e4go de Oz, Medina Azahara, Ob\u00fas, Bar\u00f3n Rojo), horarios y entradas.\" \/>\n<meta property=\"og:url\" content=\"https:\/\/mazarrononline.com\/en\/mazarock\/\" \/>\n<meta property=\"og:site_name\" content=\"Mazarron Online\" \/>\n<meta property=\"article:published_time\" content=\"2026-07-28T19:20:43+00:00\" \/>\n<meta property=\"article:modified_time\" content=\"2026-07-29T17:20:06+00:00\" \/>\n<meta property=\"og:image\" content=\"https:\/\/mazarrononline.com\/wp-content\/uploads\/2026\/06\/mazarock-2026-e1781023301734.png\" \/>\n\t<meta property=\"og:image:width\" content=\"835\" \/>\n\t<meta property=\"og:image:height\" content=\"684\" \/>\n\t<meta property=\"og:image:type\" content=\"image\/png\" \/>\n<meta name=\"author\" content=\"Leyre\" \/>\n<meta name=\"twitter:card\" content=\"summary_large_image\" \/>\n<meta name=\"twitter:label1\" content=\"Written by\" \/>\n\t<meta name=\"twitter:data1\" content=\"Leyre\" \/>\n\t<meta name=\"twitter:label2\" content=\"Estimated reading time\" \/>\n\t<meta name=\"twitter:data2\" content=\"5 minutes\" \/>\n<script type=\"application\/ld+json\" class=\"yoast-schema-graph\">{\"@context\":\"https:\\\/\\\/schema.org\",\"@graph\":[{\"@type\":\"Article\",\"@id\":\"https:\\\/\\\/mazarrononline.com\\\/mazarock\\\/#article\",\"isPartOf\":{\"@id\":\"https:\\\/\\\/mazarrononline.com\\\/mazarock\\\/\"},\"author\":{\"name\":\"Leyre\",\"@id\":\"https:\\\/\\\/mazarrononline.com\\\/#\\\/schema\\\/person\\\/d9631cc872d8c011f835a190d882e76d\"},\"headline\":\"Mazarock 2026: Cartel, Horarios y Entradas del Festival\",\"datePublished\":\"2026-07-28T19:20:43+00:00\",\"dateModified\":\"2026-07-29T17:20:06+00:00\",\"mainEntityOfPage\":{\"@id\":\"https:\\\/\\\/mazarrononline.com\\\/mazarock\\\/\"},\"wordCount\":927,\"commentCount\":0,\"publisher\":{\"@id\":\"https:\\\/\\\/mazarrononline.com\\\/#organization\"},\"image\":{\"@id\":\"https:\\\/\\\/mazarrononline.com\\\/mazarock\\\/#primaryimage\"},\"thumbnailUrl\":\"https:\\\/\\\/mazarrononline.com\\\/wp-content\\\/uploads\\\/2026\\\/06\\\/mazarock-2026-e1781023301734.png\",\"articleSection\":[\"Eventos\"],\"inLanguage\":\"en-GB\",\"potentialAction\":[{\"@type\":\"CommentAction\",\"name\":\"Comment\",\"target\":[\"https:\\\/\\\/mazarrononline.com\\\/mazarock\\\/#respond\"]}]},{\"@type\":\"WebPage\",\"@id\":\"https:\\\/\\\/mazarrononline.com\\\/mazarock\\\/\",\"url\":\"https:\\\/\\\/mazarrononline.com\\\/mazarock\\\/\",\"name\":\"Mazarock 2026: Cartel, Horarios y Entradas del Festival\",\"isPartOf\":{\"@id\":\"https:\\\/\\\/mazarrononline.com\\\/#website\"},\"primaryImageOfPage\":{\"@id\":\"https:\\\/\\\/mazarrononline.com\\\/mazarock\\\/#primaryimage\"},\"image\":{\"@id\":\"https:\\\/\\\/mazarrononline.com\\\/mazarock\\\/#primaryimage\"},\"thumbnailUrl\":\"https:\\\/\\\/mazarrononline.com\\\/wp-content\\\/uploads\\\/2026\\\/06\\\/mazarock-2026-e1781023301734.png\",\"datePublished\":\"2026-07-28T19:20:43+00:00\",\"dateModified\":\"2026-07-29T17:20:06+00:00\",\"description\":\"\u00a1Vuelve el m\u00edtico Mazarock Fest 2026 tras 43 a\u00f1os! Consulta el cartel oficial de bandas (M\u00e4go de Oz, Medina Azahara, Ob\u00fas, Bar\u00f3n Rojo), horarios y entradas.\",\"breadcrumb\":{\"@id\":\"https:\\\/\\\/mazarrononline.com\\\/mazarock\\\/#breadcrumb\"},\"inLanguage\":\"en-GB\",\"potentialAction\":[{\"@type\":\"ReadAction\",\"target\":[\"https:\\\/\\\/mazarrononline.com\\\/mazarock\\\/\"]}]},{\"@type\":\"ImageObject\",\"inLanguage\":\"en-GB\",\"@id\":\"https:\\\/\\\/mazarrononline.com\\\/mazarock\\\/#primaryimage\",\"url\":\"https:\\\/\\\/mazarrononline.com\\\/wp-content\\\/uploads\\\/2026\\\/06\\\/mazarock-2026-e1781023301734.png\",\"contentUrl\":\"https:\\\/\\\/mazarrononline.com\\\/wp-content\\\/uploads\\\/2026\\\/06\\\/mazarock-2026-e1781023301734.png\",\"width\":835,\"height\":684,\"caption\":\"mazarock-2026\"},{\"@type\":\"BreadcrumbList\",\"@id\":\"https:\\\/\\\/mazarrononline.com\\\/mazarock\\\/#breadcrumb\",\"itemListElement\":[{\"@type\":\"ListItem\",\"position\":1,\"name\":\"Portada\",\"item\":\"https:\\\/\\\/mazarrononline.com\\\/\"},{\"@type\":\"ListItem\",\"position\":2,\"name\":\"Mazarock 2026: Cartel, Horarios y Entradas del Festival\"}]},{\"@type\":\"WebSite\",\"@id\":\"https:\\\/\\\/mazarrononline.com\\\/#website\",\"url\":\"https:\\\/\\\/mazarrononline.com\\\/\",\"name\":\"Mazarron Online\",\"description\":\"\",\"publisher\":{\"@id\":\"https:\\\/\\\/mazarrononline.com\\\/#organization\"},\"potentialAction\":[{\"@type\":\"SearchAction\",\"target\":{\"@type\":\"EntryPoint\",\"urlTemplate\":\"https:\\\/\\\/mazarrononline.com\\\/?s={search_term_string}\"},\"query-input\":{\"@type\":\"PropertyValueSpecification\",\"valueRequired\":true,\"valueName\":\"search_term_string\"}}],\"inLanguage\":\"en-GB\"},{\"@type\":\"Organization\",\"@id\":\"https:\\\/\\\/mazarrononline.com\\\/#organization\",\"name\":\"Mazarron Online\",\"url\":\"https:\\\/\\\/mazarrononline.com\\\/\",\"logo\":{\"@type\":\"ImageObject\",\"inLanguage\":\"en-GB\",\"@id\":\"https:\\\/\\\/mazarrononline.com\\\/#\\\/schema\\\/logo\\\/image\\\/\",\"url\":\"https:\\\/\\\/mazarrononline.com\\\/wp-content\\\/uploads\\\/2026\\\/03\\\/mazarrononline.com_.png\",\"contentUrl\":\"https:\\\/\\\/mazarrononline.com\\\/wp-content\\\/uploads\\\/2026\\\/03\\\/mazarrononline.com_.png\",\"width\":891,\"height\":340,\"caption\":\"Mazarron Online\"},\"image\":{\"@id\":\"https:\\\/\\\/mazarrononline.com\\\/#\\\/schema\\\/logo\\\/image\\\/\"}},{\"@type\":\"Person\",\"@id\":\"https:\\\/\\\/mazarrononline.com\\\/#\\\/schema\\\/person\\\/d9631cc872d8c011f835a190d882e76d\",\"name\":\"Leyre\",\"image\":{\"@type\":\"ImageObject\",\"inLanguage\":\"en-GB\",\"@id\":\"https:\\\/\\\/secure.gravatar.com\\\/avatar\\\/3c782ce00e025f94599c550917c21e50e8a575481f274333674068bc26c1b3ff?s=96&d=mm&r=g\",\"url\":\"https:\\\/\\\/secure.gravatar.com\\\/avatar\\\/3c782ce00e025f94599c550917c21e50e8a575481f274333674068bc26c1b3ff?s=96&d=mm&r=g\",\"contentUrl\":\"https:\\\/\\\/secure.gravatar.com\\\/avatar\\\/3c782ce00e025f94599c550917c21e50e8a575481f274333674068bc26c1b3ff?s=96&d=mm&r=g\",\"caption\":\"Leyre\"},\"description\":\"Apasionada del periodismo de viajes y la cultura local, de Mazarr\u00f3n, donde recorro cada d\u00eda los rincones, playas y eventos. Estoy Especializada en gu\u00edas de turismo, ocio y gastronom\u00eda de Mazarr\u00f3n, comparto consejos pr\u00e1cticos y recomendaciones de primera mano para ayudar a vecinos y visitantes a disfrutar al m\u00e1ximo del municipio.\",\"sameAs\":[\"https:\\\/\\\/mazarrononline.com\"],\"url\":\"https:\\\/\\\/mazarrononline.com\\\/en\\\/author\\\/todalainformacionweb\\\/\"}]}<\/script>\n<!-- \/ Yoast SEO plugin. -->","yoast_head_json":{"title":"Mazarock 2026: Cartel, Horarios y Entradas del Festival","description":"\u00a1Vuelve el m\u00edtico Mazarock Fest 2026 tras 43 a\u00f1os! Consulta el cartel oficial de bandas (M\u00e4go de Oz, Medina Azahara, Ob\u00fas, Bar\u00f3n Rojo), horarios y entradas.","robots":{"index":"index","follow":"follow","max-snippet":"max-snippet:-1","max-image-preview":"max-image-preview:large","max-video-preview":"max-video-preview:-1"},"canonical":"https:\/\/mazarrononline.com\/en\/mazarock\/","og_locale":"en_GB","og_type":"article","og_title":"Mazarock 2026: Cartel, Horarios y Entradas del Festival","og_description":"\u00a1Vuelve el m\u00edtico Mazarock Fest 2026 tras 43 a\u00f1os! Consulta el cartel oficial de bandas (M\u00e4go de Oz, Medina Azahara, Ob\u00fas, Bar\u00f3n Rojo), horarios y entradas.","og_url":"https:\/\/mazarrononline.com\/en\/mazarock\/","og_site_name":"Mazarron Online","article_published_time":"2026-07-28T19:20:43+00:00","article_modified_time":"2026-07-29T17:20:06+00:00","og_image":[{"width":835,"height":684,"url":"https:\/\/mazarrononline.com\/wp-content\/uploads\/2026\/06\/mazarock-2026-e1781023301734.png","type":"image\/png"}],"author":"Leyre","twitter_card":"summary_large_image","twitter_misc":{"Written by":"Leyre","Estimated reading time":"5 minutes"},"schema":{"@context":"https:\/\/schema.org","@graph":[{"@type":"Article","@id":"https:\/\/mazarrononline.com\/mazarock\/#article","isPartOf":{"@id":"https:\/\/mazarrononline.com\/mazarock\/"},"author":{"name":"Leyre","@id":"https:\/\/mazarrononline.com\/#\/schema\/person\/d9631cc872d8c011f835a190d882e76d"},"headline":"Mazarock 2026: Cartel, Horarios y Entradas del Festival","datePublished":"2026-07-28T19:20:43+00:00","dateModified":"2026-07-29T17:20:06+00:00","mainEntityOfPage":{"@id":"https:\/\/mazarrononline.com\/mazarock\/"},"wordCount":927,"commentCount":0,"publisher":{"@id":"https:\/\/mazarrononline.com\/#organization"},"image":{"@id":"https:\/\/mazarrononline.com\/mazarock\/#primaryimage"},"thumbnailUrl":"https:\/\/mazarrononline.com\/wp-content\/uploads\/2026\/06\/mazarock-2026-e1781023301734.png","articleSection":["Eventos"],"inLanguage":"en-GB","potentialAction":[{"@type":"CommentAction","name":"Comment","target":["https:\/\/mazarrononline.com\/mazarock\/#respond"]}]},{"@type":"WebPage","@id":"https:\/\/mazarrononline.com\/mazarock\/","url":"https:\/\/mazarrononline.com\/mazarock\/","name":"Mazarock 2026: Cartel, Horarios y Entradas del Festival","isPartOf":{"@id":"https:\/\/mazarrononline.com\/#website"},"primaryImageOfPage":{"@id":"https:\/\/mazarrononline.com\/mazarock\/#primaryimage"},"image":{"@id":"https:\/\/mazarrononline.com\/mazarock\/#primaryimage"},"thumbnailUrl":"https:\/\/mazarrononline.com\/wp-content\/uploads\/2026\/06\/mazarock-2026-e1781023301734.png","datePublished":"2026-07-28T19:20:43+00:00","dateModified":"2026-07-29T17:20:06+00:00","description":"\u00a1Vuelve el m\u00edtico Mazarock Fest 2026 tras 43 a\u00f1os! Consulta el cartel oficial de bandas (M\u00e4go de Oz, Medina Azahara, Ob\u00fas, Bar\u00f3n Rojo), horarios y entradas.","breadcrumb":{"@id":"https:\/\/mazarrononline.com\/mazarock\/#breadcrumb"},"inLanguage":"en-GB","potentialAction":[{"@type":"ReadAction","target":["https:\/\/mazarrononline.com\/mazarock\/"]}]},{"@type":"ImageObject","inLanguage":"en-GB","@id":"https:\/\/mazarrononline.com\/mazarock\/#primaryimage","url":"https:\/\/mazarrononline.com\/wp-content\/uploads\/2026\/06\/mazarock-2026-e1781023301734.png","contentUrl":"https:\/\/mazarrononline.com\/wp-content\/uploads\/2026\/06\/mazarock-2026-e1781023301734.png","width":835,"height":684,"caption":"mazarock-2026"},{"@type":"BreadcrumbList","@id":"https:\/\/mazarrononline.com\/mazarock\/#breadcrumb","itemListElement":[{"@type":"ListItem","position":1,"name":"Portada","item":"https:\/\/mazarrononline.com\/"},{"@type":"ListItem","position":2,"name":"Mazarock 2026: Cartel, Horarios y Entradas del Festival"}]},{"@type":"WebSite","@id":"https:\/\/mazarrononline.com\/#website","url":"https:\/\/mazarrononline.com\/","name":"Mazarron Online","description":"","publisher":{"@id":"https:\/\/mazarrononline.com\/#organization"},"potentialAction":[{"@type":"SearchAction","target":{"@type":"EntryPoint","urlTemplate":"https:\/\/mazarrononline.com\/?s={search_term_string}"},"query-input":{"@type":"PropertyValueSpecification","valueRequired":true,"valueName":"search_term_string"}}],"inLanguage":"en-GB"},{"@type":"Organization","@id":"https:\/\/mazarrononline.com\/#organization","name":"Mazarron Online","url":"https:\/\/mazarrononline.com\/","logo":{"@type":"ImageObject","inLanguage":"en-GB","@id":"https:\/\/mazarrononline.com\/#\/schema\/logo\/image\/","url":"https:\/\/mazarrononline.com\/wp-content\/uploads\/2026\/03\/mazarrononline.com_.png","contentUrl":"https:\/\/mazarrononline.com\/wp-content\/uploads\/2026\/03\/mazarrononline.com_.png","width":891,"height":340,"caption":"Mazarron Online"},"image":{"@id":"https:\/\/mazarrononline.com\/#\/schema\/logo\/image\/"}},{"@type":"Person","@id":"https:\/\/mazarrononline.com\/#\/schema\/person\/d9631cc872d8c011f835a190d882e76d","name":"Leyre","image":{"@type":"ImageObject","inLanguage":"en-GB","@id":"https:\/\/secure.gravatar.com\/avatar\/3c782ce00e025f94599c550917c21e50e8a575481f274333674068bc26c1b3ff?s=96&d=mm&r=g","url":"https:\/\/secure.gravatar.com\/avatar\/3c782ce00e025f94599c550917c21e50e8a575481f274333674068bc26c1b3ff?s=96&d=mm&r=g","contentUrl":"https:\/\/secure.gravatar.com\/avatar\/3c782ce00e025f94599c550917c21e50e8a575481f274333674068bc26c1b3ff?s=96&d=mm&r=g","caption":"Leyre"},"description":"Apasionada del periodismo de viajes y la cultura local, de Mazarr\u00f3n, donde recorro cada d\u00eda los rincones, playas y eventos. Estoy Especializada en gu\u00edas de turismo, ocio y gastronom\u00eda de Mazarr\u00f3n, comparto consejos pr\u00e1cticos y recomendaciones de primera mano para ayudar a vecinos y visitantes a disfrutar al m\u00e1ximo del municipio.","sameAs":["https:\/\/mazarrononline.com"],"url":"https:\/\/mazarrononline.com\/en\/author\/todalainformacionweb\/"}]}},"_links":{"self":[{"href":"https:\/\/mazarrononline.com\/en\/wp-json\/wp\/v2\/posts\/2096","targetHints":{"allow":["GET"]}}],"collection":[{"href":"https:\/\/mazarrononline.com\/en\/wp-json\/wp\/v2\/posts"}],"about":[{"href":"https:\/\/mazarrononline.com\/en\/wp-json\/wp\/v2\/types\/post"}],"author":[{"embeddable":true,"href":"https:\/\/mazarrononline.com\/en\/wp-json\/wp\/v2\/users\/1"}],"replies":[{"embeddable":true,"href":"https:\/\/mazarrononline.com\/en\/wp-json\/wp\/v2\/comments?post=2096"}],"version-history":[{"count":8,"href":"https:\/\/mazarrononline.com\/en\/wp-json\/wp\/v2\/posts\/2096\/revisions"}],"predecessor-version":[{"id":4173,"href":"https:\/\/mazarrononline.com\/en\/wp-json\/wp\/v2\/posts\/2096\/revisions\/4173"}],"wp:featuredmedia":[{"embeddable":true,"href":"https:\/\/mazarrononline.com\/en\/wp-json\/wp\/v2\/media\/3894"}],"wp:attachment":[{"href":"https:\/\/mazarrononline.com\/en\/wp-json\/wp\/v2\/media?parent=2096"}],"wp:term":[{"taxonomy":"category","embeddable":true,"href":"https:\/\/mazarrononline.com\/en\/wp-json\/wp\/v2\/categories?post=2096"},{"taxonomy":"post_tag","embeddable":true,"href":"https:\/\/mazarrononline.com\/en\/wp-json\/wp\/v2\/tags?post=2096"}],"curies":[{"name":"wp","href":"https:\/\/api.w.org\/{rel}","templated":true}]}}