{"id":2029,"date":"2026-08-03T12:40:50","date_gmt":"2026-08-03T12:40:50","guid":{"rendered":"https:\/\/mazarrononline.com\/?p=2029"},"modified":"2026-08-04T14:24:50","modified_gmt":"2026-08-04T14:24:50","slug":"mercadillo-artesanal-puerto-de-mazarron","status":"publish","type":"post","link":"https:\/\/mazarrononline.com\/en\/mercadillo-artesanal-puerto-de-mazarron\/","title":{"rendered":"Mercadillo artesanal Puerto de Mazarr\u00f3n: d\u00edas, horario y qu\u00e9 ver"},"content":{"rendered":"<h2><span style=\"color: #333399;\">Mercadillo artesanal del Puerto de Mazarr\u00f3n 2026: fechas, horario y ubicaci\u00f3n<\/span><\/h2>\n<p>El <strong>mercadillo artesanal del Puerto de Mazarr\u00f3n<\/strong> es una de las citas habituales para disfrutar de la artesan\u00eda de la Regi\u00f3n de Murcia junto al mar. Se celebra en la <strong>Plaza Campe\u00f3n Pedro Acosta<\/strong>, al comienzo del Paseo Mar\u00edtimo, y re\u00fane alrededor de una treintena de artesanos y artesanas que muestran, elaboran y venden sus creaciones.<\/p>\n<p>Si est\u00e1s buscando <strong>qu\u00e9 hacer en Puerto de Mazarr\u00f3n<\/strong>, especialmente durante el fin de semana, el mercadillo artesanal es una buena opci\u00f3n para combinar con un paseo por el litoral, una visita a la playa o una cena en la zona del Paseo Mar\u00edtimo.<\/p>\n<div style=\"background: #f3f5ff; padding: 20px; border-radius: 10px; margin: 25px 0;\">\n<p><strong>\ud83d\udccc En resumen<\/strong><\/p>\n<p>El <strong>mercadillo artesanal del Puerto de Mazarr\u00f3n<\/strong> se celebra en la <strong>Plaza Campe\u00f3n Pedro Acosta<\/strong>, normalmente el <strong>tercer s\u00e1bado de cada mes<\/strong>. Durante junio, julio y agosto tambi\u00e9n se instala el <strong>cuarto s\u00e1bado<\/strong>. La entrada es gratuita y el mercado re\u00fane a artesanos y artesanas que muestran y venden sus creaciones y realizan demostraciones de diferentes oficios artesanales.<\/p>\n<\/div>\n<p><strong>\ud83d\udcc5 Informaci\u00f3n actualizada en agosto de 2026.<\/strong> Las fechas y horarios pueden estar sujetos a cambios, por lo que recomendamos consultar la informaci\u00f3n oficial antes de desplazarse.<\/p>\n<h2 style=\"color: #333399;\">\ud83d\udccb Informaci\u00f3n r\u00e1pida del mercadillo artesanal del Puerto de Mazarr\u00f3n<\/h2>\n<table style=\"width: 100%; border-collapse: collapse; margin: 20px 0;\">\n<thead>\n<tr>\n<th style=\"padding: 10px; border: 1px solid #ddd; text-align: left;\">Informaci\u00f3n<\/th>\n<th style=\"padding: 10px; border: 1px solid #ddd; text-align: left;\">Datos<\/th>\n<\/tr>\n<\/thead>\n<tbody>\n<tr>\n<td style=\"padding: 10px; border: 1px solid #ddd;\"><strong>Nombre<\/strong><\/td>\n<td style=\"padding: 10px; border: 1px solid #ddd;\">Mercadillo artesanal del Puerto de Mazarr\u00f3n<\/td>\n<\/tr>\n<tr>\n<td style=\"padding: 10px; border: 1px solid #ddd;\"><strong>\ud83d\udccd Ubicaci\u00f3n<\/strong><\/td>\n<td style=\"padding: 10px; border: 1px solid #ddd;\">Plaza Campe\u00f3n Pedro Acosta<\/td>\n<\/tr>\n<tr>\n<td style=\"padding: 10px; border: 1px solid #ddd;\"><strong>\ud83d\udccc Municipio<\/strong><\/td>\n<td style=\"padding: 10px; border: 1px solid #ddd;\">Puerto de Mazarr\u00f3n, Mazarr\u00f3n (Murcia)<\/td>\n<\/tr>\n<tr>\n<td style=\"padding: 10px; border: 1px solid #ddd;\"><strong>\ud83d\udcc5 Frecuencia<\/strong><\/td>\n<td style=\"padding: 10px; border: 1px solid #ddd;\">Tercer s\u00e1bado de cada mes<\/td>\n<\/tr>\n<tr>\n<td style=\"padding: 10px; border: 1px solid #ddd;\"><strong>\u2600\ufe0f Verano<\/strong><\/td>\n<td style=\"padding: 10px; border: 1px solid #ddd;\">Tercer y cuarto s\u00e1bado de junio, julio y agosto<\/td>\n<\/tr>\n<tr>\n<td style=\"padding: 10px; border: 1px solid #ddd;\"><strong>\ud83d\udd50 Horario de verano<\/strong><\/td>\n<td style=\"padding: 10px; border: 1px solid #ddd;\">10:00 a 24:00 h<\/td>\n<\/tr>\n<tr>\n<td style=\"padding: 10px; border: 1px solid #ddd;\"><strong>\ud83d\udd50 Horario de invierno<\/strong><\/td>\n<td style=\"padding: 10px; border: 1px solid #ddd;\">10:00 a 14:00 h<\/td>\n<\/tr>\n<tr>\n<td style=\"padding: 10px; border: 1px solid #ddd;\"><strong>\ud83c\udf9f\ufe0f Entrada<\/strong><\/td>\n<td style=\"padding: 10px; border: 1px solid #ddd;\">Gratuita<\/td>\n<\/tr>\n<\/tbody>\n<\/table>\n<h2 style=\"color: #333399;\">\ud83d\udccd D\u00f3nde est\u00e1 el mercadillo artesanal de Mazarr\u00f3n<\/h2>\n<p>El <strong>mercadillo artesanal de Mazarr\u00f3n<\/strong> se instala en la conocida <strong>Plaza Campe\u00f3n Pedro Acosta<\/strong>, situada al comienzo del Paseo Mar\u00edtimo del Puerto de Mazarr\u00f3n.<\/p>\n<p>Se trata de una ubicaci\u00f3n junto al mar y en una de las zonas m\u00e1s transitadas del Puerto de Mazarr\u00f3n. En los alrededores hay restaurantes, helader\u00edas y otros establecimientos, por lo que es f\u00e1cil combinar la visita al mercado con un paseo por la costa o una cena.<\/p>\n<h3>\ud83d\uddfa\ufe0f Ubicaci\u00f3n exacta<\/h3>\n<ul>\n<li><strong>Direcci\u00f3n:<\/strong> Plaza Campe\u00f3n Pedro Acosta, Puerto de Mazarr\u00f3n (Murcia).<\/li>\n<li><strong>Situaci\u00f3n:<\/strong> al comienzo del Paseo Mar\u00edtimo.<\/li>\n<li><strong>Entorno:<\/strong> frente al mar Mediterr\u00e1neo y cerca de la principal zona de paseo del Puerto de Mazarr\u00f3n.<\/li>\n<\/ul>\n<div style=\"text-align: center; margin: 30px 0;\"><a style=\"display: inline-block; background: #1e73be; color: #fff; padding: 14px 28px; border-radius: 8px; text-decoration: none; font-weight: bold; font-size: 18px;\" href=\"https:\/\/maps.app.goo.gl\/L8FV56d2DUi2rxkP9\" target=\"_blank\" rel=\"noopener\">\ud83d\udccd C\u00f3mo llegar al Mercadillo Artesanal<\/a><\/div>\n<p>\ud83d\udc49 La ubicaci\u00f3n permite combinar f\u00e1cilmente la visita al mercadillo con un paseo por el litoral, una tarde de playa o una cena en el Puerto de Mazarr\u00f3n.<\/p>\n<h2 style=\"color: #333399;\">\ud83d\udcc5 D\u00edas y calendario 2026 del mercadillo artesanal del Puerto de Mazarr\u00f3n<\/h2>\n<p>El <strong>mercadillo artesanal del Puerto de Mazarr\u00f3n<\/strong> se celebra de forma habitual <strong>cada tercer s\u00e1bado de mes<\/strong>. Durante los meses de <strong>junio, julio y agosto<\/strong>, la programaci\u00f3n se ampl\u00eda y tambi\u00e9n se instala el <strong>cuarto s\u00e1bado del mes<\/strong>.<\/p>\n<h3>\ud83d\uddd3\ufe0f Fechas confirmadas para 2026: \u00bfcu\u00e1ndo es el Mercadillo Artesanal de Mazarr\u00f3n?<\/h3>\n<p>Estas son las fechas programadas para el <strong>mercadillo artesanal de Mazarr\u00f3n en 2026<\/strong>:<\/p>\n<table style=\"width: 100%; border-collapse: collapse; margin: 20px 0;\">\n<thead>\n<tr>\n<th style=\"padding: 10px; border: 1px solid #ddd;\">Mes<\/th>\n<th style=\"padding: 10px; border: 1px solid #ddd;\">Fecha<\/th>\n<th style=\"padding: 10px; border: 1px solid #ddd;\">D\u00eda<\/th>\n<\/tr>\n<\/thead>\n<tbody>\n<tr>\n<td style=\"padding: 10px; border: 1px solid #ddd;\">Enero<\/td>\n<td style=\"padding: 10px; border: 1px solid #ddd;\">17 de enero<\/td>\n<td style=\"padding: 10px; border: 1px solid #ddd;\">S\u00e1bado<\/td>\n<\/tr>\n<tr>\n<td style=\"padding: 10px; border: 1px solid #ddd;\">Febrero<\/td>\n<td style=\"padding: 10px; border: 1px solid #ddd;\">21 de febrero<\/td>\n<td style=\"padding: 10px; border: 1px solid #ddd;\">S\u00e1bado<\/td>\n<\/tr>\n<tr>\n<td style=\"padding: 10px; border: 1px solid #ddd;\">Marzo<\/td>\n<td style=\"padding: 10px; border: 1px solid #ddd;\">21 de marzo<\/td>\n<td style=\"padding: 10px; border: 1px solid #ddd;\">S\u00e1bado<\/td>\n<\/tr>\n<tr>\n<td style=\"padding: 10px; border: 1px solid #ddd;\">Abril<\/td>\n<td style=\"padding: 10px; border: 1px solid #ddd;\">18 de abril<\/td>\n<td style=\"padding: 10px; border: 1px solid #ddd;\">S\u00e1bado<\/td>\n<\/tr>\n<tr>\n<td style=\"padding: 10px; border: 1px solid #ddd;\">Mayo<\/td>\n<td style=\"padding: 10px; border: 1px solid #ddd;\">16 de mayo<\/td>\n<td style=\"padding: 10px; border: 1px solid #ddd;\">S\u00e1bado<\/td>\n<\/tr>\n<tr>\n<td style=\"padding: 10px; border: 1px solid #ddd;\"><strong>Junio<\/strong><\/td>\n<td style=\"padding: 10px; border: 1px solid #ddd;\"><strong>20 y 27 de junio<\/strong><\/td>\n<td style=\"padding: 10px; border: 1px solid #ddd;\">S\u00e1bados<\/td>\n<\/tr>\n<tr>\n<td style=\"padding: 10px; border: 1px solid #ddd;\"><strong>Julio<\/strong><\/td>\n<td style=\"padding: 10px; border: 1px solid #ddd;\"><strong>18 y 25 de julio<\/strong><\/td>\n<td style=\"padding: 10px; border: 1px solid #ddd;\">S\u00e1bados<\/td>\n<\/tr>\n<tr>\n<td style=\"padding: 10px; border: 1px solid #ddd;\"><strong>Agosto<\/strong><\/td>\n<td style=\"padding: 10px; border: 1px solid #ddd;\"><strong>15 y 22 de agosto<\/strong><\/td>\n<td style=\"padding: 10px; border: 1px solid #ddd;\">S\u00e1bados<\/td>\n<\/tr>\n<tr>\n<td style=\"padding: 10px; border: 1px solid #ddd;\">Septiembre<\/td>\n<td style=\"padding: 10px; border: 1px solid #ddd;\">19 de septiembre<\/td>\n<td style=\"padding: 10px; border: 1px solid #ddd;\">S\u00e1bado<\/td>\n<\/tr>\n<tr>\n<td style=\"padding: 10px; border: 1px solid #ddd;\">Octubre<\/td>\n<td style=\"padding: 10px; border: 1px solid #ddd;\">17 de octubre<\/td>\n<td style=\"padding: 10px; border: 1px solid #ddd;\">S\u00e1bado<\/td>\n<\/tr>\n<tr>\n<td style=\"padding: 10px; border: 1px solid #ddd;\">Noviembre<\/td>\n<td style=\"padding: 10px; border: 1px solid #ddd;\">21 de noviembre<\/td>\n<td style=\"padding: 10px; border: 1px solid #ddd;\">S\u00e1bado<\/td>\n<\/tr>\n<tr>\n<td style=\"padding: 10px; border: 1px solid #ddd;\">Diciembre<\/td>\n<td style=\"padding: 10px; border: 1px solid #ddd;\">19 de diciembre<\/td>\n<td style=\"padding: 10px; border: 1px solid #ddd;\">S\u00e1bado<\/td>\n<\/tr>\n<\/tbody>\n<\/table>\n<p><strong>\ud83d\udccc Importante:<\/strong> en junio, julio y agosto hay dos fechas programadas cada mes, correspondientes al tercer y cuarto s\u00e1bado.<\/p>\n<p>Las fechas pueden sufrir modificaciones. Si vas a desplazarte expresamente al mercadillo, es recomendable comprobar la informaci\u00f3n oficial antes de acudir.<\/p>\n<h2 style=\"color: #333399;\">\ud83d\udd50 Horario del mercadillo artesanal<\/h2>\n<p>El horario del <strong>mercadillo artesanal<\/strong> cambia dependiendo de la \u00e9poca del a\u00f1o:<\/p>\n<ul>\n<li><strong>\u2600\ufe0f Horario de verano:<\/strong> de 10:00 h a 24:00 h.<\/li>\n<li><strong>\u2744\ufe0f Horario de invierno:<\/strong> de 10:00 h a 14:00 h.<\/li>\n<\/ul>\n<p>El horario de verano permite visitar los puestos durante buena parte de la tarde y la noche, algo especialmente atractivo durante los meses de mayor afluencia tur\u00edstica en el Puerto de Mazarr\u00f3n.<\/p>\n<h2 style=\"color: #333399;\">\ud83d\udecd\ufe0f Qu\u00e9 puedes encontrar en el mercadillo artesanal de Mazarr\u00f3n<\/h2>\n<p>Uno de los principales atractivos del <strong>mercadillo artesanal de Mazarr\u00f3n<\/strong> es que permite conocer y comprar creaciones realizadas por artesanos y artesanas de la Regi\u00f3n de Murcia.<\/p>\n<p>El mercado re\u00fane alrededor de una <strong>treintena de artesanos y artesanas<\/strong> que muestran, elaboran y venden sus trabajos directamente al p\u00fablico.<\/p>\n<h3>\ud83c\udfa8 Artesan\u00eda y productos hechos a mano<\/h3>\n<p>La oferta puede variar dependiendo de los artesanos participantes en cada jornada, pero el mercado destaca especialmente por las <strong>creaciones artesanales y productos elaborados a mano<\/strong>.<\/p>\n<p>Adem\u00e1s de poder comprar las piezas, uno de los elementos que diferencia esta cita es la posibilidad de observar <strong>demostraciones en directo de diferentes oficios artesanales<\/strong>.<\/p>\n<h2 style=\"color: #333399;\">\ud83c\udf05 \u00bfPor qu\u00e9 visitar el mercadillo artesanal del Puerto de Mazarr\u00f3n?<\/h2>\n<p>El atractivo del <strong>mercadillo artesanal del Puerto de Mazarr\u00f3n<\/strong> no est\u00e1 \u00fanicamente en comprar productos. Su ubicaci\u00f3n junto al mar y las demostraciones de los artesanos convierten la visita en una actividad m\u00e1s dentro de un paseo por el Puerto de Mazarr\u00f3n.<\/p>\n<ul>\n<li>\ud83c\udf0a <strong>Est\u00e1 junto al mar:<\/strong> se encuentra al comienzo del Paseo Mar\u00edtimo.<\/li>\n<li>\ud83c\udfa8 <strong>Permite conocer la artesan\u00eda:<\/strong> algunos artesanos muestran c\u00f3mo elaboran sus trabajos.<\/li>\n<li>\ud83d\udc68\u200d\ud83d\udc69\u200d\ud83d\udc67 <strong>Es un plan para todas las edades:<\/strong> puede disfrutarse en familia, en pareja o con amigos.<\/li>\n<li>\ud83c\udf19 <strong>En verano tambi\u00e9n puedes visitarlo por la noche:<\/strong> el horario llega hasta las 24:00 h.<\/li>\n<li>\ud83d\udecd\ufe0f <strong>Puedes comprar directamente a los artesanos:<\/strong> la oferta cambia seg\u00fan los participantes de cada jornada.<\/li>\n<\/ul>\n<h2 style=\"color: #333399;\">\ud83e\udded Consejos pr\u00e1cticos para visitar el mercadillo artesanal<\/h2>\n<ul>\n<li><strong>\u23f0 Comprueba la fecha:<\/strong> aunque normalmente se celebra el tercer s\u00e1bado, en junio, julio y agosto tambi\u00e9n hay una segunda jornada el cuarto s\u00e1bado.<\/li>\n<li><strong>\ud83c\udf1e En verano:<\/strong> si quieres evitar las horas de mayor calor, puedes acudir a \u00faltima hora de la tarde.<\/li>\n<li><strong>\ud83d\ude97 Aparcamiento:<\/strong> durante los meses de verano la zona del Puerto de Mazarr\u00f3n registra una mayor afluencia, por lo que es recomendable acudir con tiempo.<\/li>\n<li><strong>\ud83d\udcb6 Compras:<\/strong> llevar algo de efectivo puede ser \u00fatil, aunque los medios de pago disponibles pueden variar seg\u00fan cada puesto.<\/li>\n<li><strong>\ud83c\udf9f\ufe0f Entrada:<\/strong> visitar el mercadillo artesanal es gratuito.<\/li>\n<\/ul>\n<h2 style=\"color: #333399;\">\u267f Accesibilidad y visita<\/h2>\n<p>El mercadillo se encuentra en una zona peatonal del Paseo Mar\u00edtimo del Puerto de Mazarr\u00f3n. Su ubicaci\u00f3n permite acceder f\u00e1cilmente desde la zona de paseo y recorrer los puestos sin necesidad de entrar en un recinto cerrado.<\/p>\n<p>Si visitas el mercado con carrito de beb\u00e9, personas mayores o personas con movilidad reducida, es recomendable tener en cuenta la afluencia de p\u00fablico, especialmente durante las noches de verano.<\/p>\n<h2 style=\"color: #333399;\">\ud83d\udccd Qu\u00e9 hacer cerca del mercadillo artesanal<\/h2>\n<p>La ubicaci\u00f3n del mercadillo permite aprovechar la visita para conocer otros lugares del <strong>Puerto de Mazarr\u00f3n<\/strong>. Despu\u00e9s de recorrer los puestos puedes continuar con un paseo por el litoral, visitar alguna de las playas de la zona, acercarte al puerto o buscar un restaurante para cenar.<\/p>\n<p>\ud83d\udc49 Si est\u00e1s preparando una visita a la localidad, puedes consultar tambi\u00e9n nuestras gu\u00edas sobre <strong>qu\u00e9 hacer en Mazarr\u00f3n<\/strong>, las <strong>mejores playas de Mazarr\u00f3n<\/strong> y <strong>d\u00f3nde comer en Puerto de Mazarr\u00f3n<\/strong>.<\/p>\n<h2 style=\"color: #333399;\">\u2753 FAQ: Preguntas frecuentes sobre el mercadillo artesanal del Puerto de Mazarr\u00f3n<\/h2>\n<h3>\u00bfQu\u00e9 d\u00edas se pone el mercadillo artesanal en el Puerto de Mazarr\u00f3n?<\/h3>\n<p>El <strong>mercadillo artesanal del Puerto de Mazarr\u00f3n<\/strong> se celebra normalmente el tercer s\u00e1bado de cada mes. Durante junio, julio y agosto tambi\u00e9n se instala el cuarto s\u00e1bado.<\/p>\n<h3>\u00bfCu\u00e1ndo es el mercadillo artesanal de Mazarr\u00f3n en 2026?<\/h3>\n<p>En 2026 est\u00e1 programado para los d\u00edas 17 de enero, 21 de febrero, 21 de marzo, 18 de abril, 16 de mayo, 20 y 27 de junio, 18 y 25 de julio, 15 y 22 de agosto, 19 de septiembre, 17 de octubre, 21 de noviembre y 19 de diciembre.<\/p>\n<h3>\u00bfA qu\u00e9 hora abre el mercadillo artesanal?<\/h3>\n<p>El horario de verano es de <strong>10:00 a 24:00 h<\/strong>. En invierno, el horario es de <strong>10:00 a 14:00 h<\/strong>.<\/p>\n<h3>\u00bfD\u00f3nde est\u00e1 el mercadillo artesanal del Puerto de Mazarr\u00f3n?<\/h3>\n<p>Se encuentra en la <strong>Plaza Campe\u00f3n Pedro Acosta<\/strong>, al comienzo del Paseo Mar\u00edtimo del Puerto de Mazarr\u00f3n, en el municipio de Mazarr\u00f3n (Murcia).<\/p>\n<h3>\u00bfC\u00f3mo llegar al mercadillo artesanal del Puerto de Mazarr\u00f3n?<\/h3>\n<p>El mercadillo se encuentra en la Plaza Campe\u00f3n Pedro Acosta, al comienzo del Paseo Mar\u00edtimo. Puedes consultar la ubicaci\u00f3n exacta y obtener indicaciones desde <a href=\"https:\/\/maps.app.goo.gl\/L8FV56d2DUi2rxkP9\" target=\"_blank\" rel=\"noopener\"><strong>Google Maps<\/strong><\/a>.<\/p>\n<h3>\u00bfQu\u00e9 se puede comprar en el mercadillo artesanal de Mazarr\u00f3n?<\/h3>\n<p>El mercado re\u00fane artesanos y artesanas que muestran y venden sus creaciones. La oferta puede variar seg\u00fan los participantes de cada jornada, por lo que es posible encontrar diferentes tipos de productos y trabajos artesanales.<\/p>\n<h3>\u00bfHay demostraciones de artesan\u00eda en directo?<\/h3>\n<p>S\u00ed. Uno de los atractivos del mercado es que los artesanos y artesanas muestran y elaboran sus creaciones, realizando tambi\u00e9n demostraciones de sus oficios.<\/p>\n<h3>\u00bfHay que pagar entrada para visitar el mercadillo?<\/h3>\n<p>No. El acceso al <strong>mercadillo artesanal del Puerto de Mazarr\u00f3n<\/strong> es gratuito.<\/p>\n<h3>\u00bfEs un mercadillo para visitar en familia?<\/h3>\n<p>S\u00ed. Su ubicaci\u00f3n junto al Paseo Mar\u00edtimo y la posibilidad de ver demostraciones de artesan\u00eda hacen que sea una actividad adecuada para disfrutar en familia, en pareja o con amigos.<\/p>\n<h3>\u00bfD\u00f3nde puedo consultar si ha habido cambios en las fechas?<\/h3>\n<p>Antes de desplazarte, especialmente si vas a acudir expresamente al mercadillo, es recomendable consultar la informaci\u00f3n actualizada de la <strong>Oficina de Turismo de la Regi\u00f3n de Murcia<\/strong> o de los canales oficiales de Turismo de Mazarr\u00f3n.<\/p>\n<h2 style=\"color: #333399;\">\ud83d\udccc Informaci\u00f3n oficial del mercadillo artesanal del Puerto de Mazarr\u00f3n<\/h2>\n<p>La programaci\u00f3n oficial de 2026 recoge la celebraci\u00f3n del mercadillo en la <strong>Plaza Campe\u00f3n Pedro Acosta<\/strong>, el calendario previsto, los horarios y la participaci\u00f3n de artesanos y artesanas.<\/p>\n<p>Para evitar desplazamientos innecesarios, recomendamos comprobar la informaci\u00f3n oficial antes de acudir por si se produce alg\u00fan cambio puntual en las fechas u horarios.<\/p>\n<div style=\"background: #f3f5ff; border-left: 5px solid #333399; padding: 20px; margin: 30px 0; border-radius: 8px;\">\n<p style=\"font-size: 20px;\"><strong>\ud83d\udecd\ufe0f \u00bfBuscas el mercadillo de los domingos?<\/strong><\/p>\n<p>El <strong>mercadillo artesanal del Puerto de Mazarr\u00f3n<\/strong> y el mercadillo semanal de los domingos son mercados diferentes. Si quieres conocer el mercado que se instala <strong>todos los domingos en la zona de La Cumbre<\/strong>, con puestos de alimentaci\u00f3n, ropa, calzado, artesan\u00eda y otros productos, tenemos una gu\u00eda completa con toda la informaci\u00f3n.<\/p>\n<p style=\"text-align: center; margin-top: 20px;\"><a style=\"display: inline-block; background: #333399; color: #ffffff; padding: 13px 24px; border-radius: 7px; text-decoration: none; font-weight: bold;\" href=\"https:\/\/mazarrononline.com\/en\/mercadillo-puerto-mazarron-domingo-horario\/\">\ud83d\uded2 Ver mercadillo del domingo: horario y ubicaci\u00f3n<\/a><\/p>\n<\/div>\n<h2 style=\"color: #333399;\">\ud83c\udfc1 Conclusi\u00f3n<\/h2>\n<p>El <strong>mercadillo artesanal del Puerto de Mazarr\u00f3n<\/strong> es una buena opci\u00f3n para quienes quieren conocer la artesan\u00eda de la Regi\u00f3n de Murcia y disfrutar al mismo tiempo de uno de los espacios m\u00e1s tur\u00edsticos del Puerto.<\/p>\n<p>Su ubicaci\u00f3n junto al Paseo Mar\u00edtimo, las demostraciones de los artesanos y el horario ampliado durante el verano hacen que sea especialmente interesante para quienes buscan <strong>qu\u00e9 hacer en Puerto de Mazarr\u00f3n<\/strong> durante su estancia.<\/p>\n<p>Si est\u00e1s preparando una visita, recuerda que el mercado se celebra el <strong>tercer s\u00e1bado de cada mes<\/strong> y en junio, julio y agosto a\u00f1ade tambi\u00e9n el <strong>cuarto s\u00e1bado<\/strong>.<\/p>","protected":false},"excerpt":{"rendered":"<p>Mercadillo artesanal del Puerto de Mazarr\u00f3n 2026: fechas, horario y ubicaci\u00f3n El mercadillo artesanal del Puerto de Mazarr\u00f3n es una de las citas habituales para disfrutar de la artesan\u00eda de [&hellip;]<\/p>\n","protected":false},"author":1,"featured_media":510,"comment_status":"open","ping_status":"open","sticky":false,"template":"","format":"standard","meta":{"footnotes":""},"categories":[72],"tags":[],"class_list":["post-2029","post","type-post","status-publish","format-standard","has-post-thumbnail","hentry","category-mercadillos"],"blocksy_meta":[],"yoast_head":"<!-- This site is optimized with the Yoast SEO plugin v28.4 - https:\/\/yoast.com\/product\/yoast-seo-wordpress\/ -->\n<title>Mercadillo Artesanal del Puerto de Mazarr\u00f3n 2026: fechas y horario<\/title>\n<meta name=\"description\" content=\"Consulta las fechas 2026 del mercadillo artesanal del Puerto de Mazarr\u00f3n, ubicaci\u00f3n, horario, productos y todo lo que necesitas saber antes de visitarlo.\" \/>\n<meta name=\"robots\" content=\"index, follow, max-snippet:-1, max-image-preview:large, max-video-preview:-1\" \/>\n<link rel=\"canonical\" href=\"https:\/\/mazarrononline.com\/en\/mercadillo-artesanal-puerto-de-mazarron\/\" \/>\n<meta property=\"og:locale\" content=\"en_GB\" \/>\n<meta property=\"og:type\" content=\"article\" \/>\n<meta property=\"og:title\" content=\"Mercadillo Artesanal del Puerto de Mazarr\u00f3n 2026: fechas y horario\" \/>\n<meta property=\"og:description\" content=\"Consulta las fechas 2026 del mercadillo artesanal del Puerto de Mazarr\u00f3n, ubicaci\u00f3n, horario, productos y todo lo que necesitas saber antes de visitarlo.\" \/>\n<meta property=\"og:url\" content=\"https:\/\/mazarrononline.com\/en\/mercadillo-artesanal-puerto-de-mazarron\/\" \/>\n<meta property=\"og:site_name\" content=\"Mazarron Online\" \/>\n<meta property=\"article:published_time\" content=\"2026-08-03T12:40:50+00:00\" \/>\n<meta property=\"article:modified_time\" content=\"2026-08-04T14:24:50+00:00\" \/>\n<meta property=\"og:image\" content=\"https:\/\/mazarrononline.com\/wp-content\/uploads\/2026\/03\/7219234.jpg\" \/>\n\t<meta property=\"og:image:width\" content=\"1280\" \/>\n\t<meta property=\"og:image:height\" content=\"866\" \/>\n\t<meta property=\"og:image:type\" content=\"image\/jpeg\" \/>\n<meta name=\"author\" content=\"Leyre\" \/>\n<meta name=\"twitter:card\" content=\"summary_large_image\" \/>\n<meta name=\"twitter:label1\" content=\"Written by\" \/>\n\t<meta name=\"twitter:data1\" content=\"Leyre\" \/>\n\t<meta name=\"twitter:label2\" content=\"Estimated reading time\" \/>\n\t<meta name=\"twitter:data2\" content=\"9 minutes\" \/>\n<script type=\"application\/ld+json\" class=\"yoast-schema-graph\">{\"@context\":\"https:\\\/\\\/schema.org\",\"@graph\":[{\"@type\":\"Article\",\"@id\":\"https:\\\/\\\/mazarrononline.com\\\/mercadillo-artesanal-puerto-de-mazarron\\\/#article\",\"isPartOf\":{\"@id\":\"https:\\\/\\\/mazarrononline.com\\\/mercadillo-artesanal-puerto-de-mazarron\\\/\"},\"author\":{\"name\":\"Leyre\",\"@id\":\"https:\\\/\\\/mazarrononline.com\\\/#\\\/schema\\\/person\\\/d9631cc872d8c011f835a190d882e76d\"},\"headline\":\"Mercadillo artesanal Puerto de Mazarr\u00f3n: d\u00edas, horario y qu\u00e9 ver\",\"datePublished\":\"2026-08-03T12:40:50+00:00\",\"dateModified\":\"2026-08-04T14:24:50+00:00\",\"mainEntityOfPage\":{\"@id\":\"https:\\\/\\\/mazarrononline.com\\\/mercadillo-artesanal-puerto-de-mazarron\\\/\"},\"wordCount\":1887,\"commentCount\":0,\"publisher\":{\"@id\":\"https:\\\/\\\/mazarrononline.com\\\/#organization\"},\"image\":{\"@id\":\"https:\\\/\\\/mazarrononline.com\\\/mercadillo-artesanal-puerto-de-mazarron\\\/#primaryimage\"},\"thumbnailUrl\":\"https:\\\/\\\/mazarrononline.com\\\/wp-content\\\/uploads\\\/2026\\\/03\\\/7219234.jpg\",\"articleSection\":[\"Mercadillos\"],\"inLanguage\":\"en-GB\",\"potentialAction\":[{\"@type\":\"CommentAction\",\"name\":\"Comment\",\"target\":[\"https:\\\/\\\/mazarrononline.com\\\/mercadillo-artesanal-puerto-de-mazarron\\\/#respond\"]}]},{\"@type\":\"WebPage\",\"@id\":\"https:\\\/\\\/mazarrononline.com\\\/mercadillo-artesanal-puerto-de-mazarron\\\/\",\"url\":\"https:\\\/\\\/mazarrononline.com\\\/mercadillo-artesanal-puerto-de-mazarron\\\/\",\"name\":\"Mercadillo Artesanal del Puerto de Mazarr\u00f3n 2026: fechas y horario\",\"isPartOf\":{\"@id\":\"https:\\\/\\\/mazarrononline.com\\\/#website\"},\"primaryImageOfPage\":{\"@id\":\"https:\\\/\\\/mazarrononline.com\\\/mercadillo-artesanal-puerto-de-mazarron\\\/#primaryimage\"},\"image\":{\"@id\":\"https:\\\/\\\/mazarrononline.com\\\/mercadillo-artesanal-puerto-de-mazarron\\\/#primaryimage\"},\"thumbnailUrl\":\"https:\\\/\\\/mazarrononline.com\\\/wp-content\\\/uploads\\\/2026\\\/03\\\/7219234.jpg\",\"datePublished\":\"2026-08-03T12:40:50+00:00\",\"dateModified\":\"2026-08-04T14:24:50+00:00\",\"description\":\"Consulta las fechas 2026 del mercadillo artesanal del Puerto de Mazarr\u00f3n, ubicaci\u00f3n, horario, productos y todo lo que necesitas saber antes de visitarlo.\",\"breadcrumb\":{\"@id\":\"https:\\\/\\\/mazarrononline.com\\\/mercadillo-artesanal-puerto-de-mazarron\\\/#breadcrumb\"},\"inLanguage\":\"en-GB\",\"potentialAction\":[{\"@type\":\"ReadAction\",\"target\":[\"https:\\\/\\\/mazarrononline.com\\\/mercadillo-artesanal-puerto-de-mazarron\\\/\"]}]},{\"@type\":\"ImageObject\",\"inLanguage\":\"en-GB\",\"@id\":\"https:\\\/\\\/mazarrononline.com\\\/mercadillo-artesanal-puerto-de-mazarron\\\/#primaryimage\",\"url\":\"https:\\\/\\\/mazarrononline.com\\\/wp-content\\\/uploads\\\/2026\\\/03\\\/7219234.jpg\",\"contentUrl\":\"https:\\\/\\\/mazarrononline.com\\\/wp-content\\\/uploads\\\/2026\\\/03\\\/7219234.jpg\",\"width\":1280,\"height\":866,\"caption\":\"mercadillo-artesanal-puerto-de-mazarron\"},{\"@type\":\"BreadcrumbList\",\"@id\":\"https:\\\/\\\/mazarrononline.com\\\/mercadillo-artesanal-puerto-de-mazarron\\\/#breadcrumb\",\"itemListElement\":[{\"@type\":\"ListItem\",\"position\":1,\"name\":\"Portada\",\"item\":\"https:\\\/\\\/mazarrononline.com\\\/\"},{\"@type\":\"ListItem\",\"position\":2,\"name\":\"Mercadillo artesanal Puerto de Mazarr\u00f3n: d\u00edas, horario y qu\u00e9 ver\"}]},{\"@type\":\"WebSite\",\"@id\":\"https:\\\/\\\/mazarrononline.com\\\/#website\",\"url\":\"https:\\\/\\\/mazarrononline.com\\\/\",\"name\":\"Mazarron Online\",\"description\":\"\",\"publisher\":{\"@id\":\"https:\\\/\\\/mazarrononline.com\\\/#organization\"},\"potentialAction\":[{\"@type\":\"SearchAction\",\"target\":{\"@type\":\"EntryPoint\",\"urlTemplate\":\"https:\\\/\\\/mazarrononline.com\\\/?s={search_term_string}\"},\"query-input\":{\"@type\":\"PropertyValueSpecification\",\"valueRequired\":true,\"valueName\":\"search_term_string\"}}],\"inLanguage\":\"en-GB\"},{\"@type\":\"Organization\",\"@id\":\"https:\\\/\\\/mazarrononline.com\\\/#organization\",\"name\":\"Mazarron Online\",\"url\":\"https:\\\/\\\/mazarrononline.com\\\/\",\"logo\":{\"@type\":\"ImageObject\",\"inLanguage\":\"en-GB\",\"@id\":\"https:\\\/\\\/mazarrononline.com\\\/#\\\/schema\\\/logo\\\/image\\\/\",\"url\":\"https:\\\/\\\/mazarrononline.com\\\/wp-content\\\/uploads\\\/2026\\\/03\\\/mazarrononline.com_.png\",\"contentUrl\":\"https:\\\/\\\/mazarrononline.com\\\/wp-content\\\/uploads\\\/2026\\\/03\\\/mazarrononline.com_.png\",\"width\":891,\"height\":340,\"caption\":\"Mazarron Online\"},\"image\":{\"@id\":\"https:\\\/\\\/mazarrononline.com\\\/#\\\/schema\\\/logo\\\/image\\\/\"}},{\"@type\":\"Person\",\"@id\":\"https:\\\/\\\/mazarrononline.com\\\/#\\\/schema\\\/person\\\/d9631cc872d8c011f835a190d882e76d\",\"name\":\"Leyre\",\"image\":{\"@type\":\"ImageObject\",\"inLanguage\":\"en-GB\",\"@id\":\"https:\\\/\\\/secure.gravatar.com\\\/avatar\\\/3c782ce00e025f94599c550917c21e50e8a575481f274333674068bc26c1b3ff?s=96&d=mm&r=g\",\"url\":\"https:\\\/\\\/secure.gravatar.com\\\/avatar\\\/3c782ce00e025f94599c550917c21e50e8a575481f274333674068bc26c1b3ff?s=96&d=mm&r=g\",\"contentUrl\":\"https:\\\/\\\/secure.gravatar.com\\\/avatar\\\/3c782ce00e025f94599c550917c21e50e8a575481f274333674068bc26c1b3ff?s=96&d=mm&r=g\",\"caption\":\"Leyre\"},\"description\":\"Apasionada del periodismo de viajes y la cultura local, de Mazarr\u00f3n, donde recorro cada d\u00eda los rincones, playas y eventos. Estoy Especializada en gu\u00edas de turismo, ocio y gastronom\u00eda de Mazarr\u00f3n, comparto consejos pr\u00e1cticos y recomendaciones de primera mano para ayudar a vecinos y visitantes a disfrutar al m\u00e1ximo del municipio.\",\"sameAs\":[\"https:\\\/\\\/mazarrononline.com\"],\"url\":\"https:\\\/\\\/mazarrononline.com\\\/en\\\/author\\\/todalainformacionweb\\\/\"}]}<\/script>\n<!-- \/ Yoast SEO plugin. -->","yoast_head_json":{"title":"Mercadillo Artesanal del Puerto de Mazarr\u00f3n 2026: fechas y horario","description":"Consulta las fechas 2026 del mercadillo artesanal del Puerto de Mazarr\u00f3n, ubicaci\u00f3n, horario, productos y todo lo que necesitas saber antes de visitarlo.","robots":{"index":"index","follow":"follow","max-snippet":"max-snippet:-1","max-image-preview":"max-image-preview:large","max-video-preview":"max-video-preview:-1"},"canonical":"https:\/\/mazarrononline.com\/en\/mercadillo-artesanal-puerto-de-mazarron\/","og_locale":"en_GB","og_type":"article","og_title":"Mercadillo Artesanal del Puerto de Mazarr\u00f3n 2026: fechas y horario","og_description":"Consulta las fechas 2026 del mercadillo artesanal del Puerto de Mazarr\u00f3n, ubicaci\u00f3n, horario, productos y todo lo que necesitas saber antes de visitarlo.","og_url":"https:\/\/mazarrononline.com\/en\/mercadillo-artesanal-puerto-de-mazarron\/","og_site_name":"Mazarron Online","article_published_time":"2026-08-03T12:40:50+00:00","article_modified_time":"2026-08-04T14:24:50+00:00","og_image":[{"width":1280,"height":866,"url":"https:\/\/mazarrononline.com\/wp-content\/uploads\/2026\/03\/7219234.jpg","type":"image\/jpeg"}],"author":"Leyre","twitter_card":"summary_large_image","twitter_misc":{"Written by":"Leyre","Estimated reading time":"9 minutes"},"schema":{"@context":"https:\/\/schema.org","@graph":[{"@type":"Article","@id":"https:\/\/mazarrononline.com\/mercadillo-artesanal-puerto-de-mazarron\/#article","isPartOf":{"@id":"https:\/\/mazarrononline.com\/mercadillo-artesanal-puerto-de-mazarron\/"},"author":{"name":"Leyre","@id":"https:\/\/mazarrononline.com\/#\/schema\/person\/d9631cc872d8c011f835a190d882e76d"},"headline":"Mercadillo artesanal Puerto de Mazarr\u00f3n: d\u00edas, horario y qu\u00e9 ver","datePublished":"2026-08-03T12:40:50+00:00","dateModified":"2026-08-04T14:24:50+00:00","mainEntityOfPage":{"@id":"https:\/\/mazarrononline.com\/mercadillo-artesanal-puerto-de-mazarron\/"},"wordCount":1887,"commentCount":0,"publisher":{"@id":"https:\/\/mazarrononline.com\/#organization"},"image":{"@id":"https:\/\/mazarrononline.com\/mercadillo-artesanal-puerto-de-mazarron\/#primaryimage"},"thumbnailUrl":"https:\/\/mazarrononline.com\/wp-content\/uploads\/2026\/03\/7219234.jpg","articleSection":["Mercadillos"],"inLanguage":"en-GB","potentialAction":[{"@type":"CommentAction","name":"Comment","target":["https:\/\/mazarrononline.com\/mercadillo-artesanal-puerto-de-mazarron\/#respond"]}]},{"@type":"WebPage","@id":"https:\/\/mazarrononline.com\/mercadillo-artesanal-puerto-de-mazarron\/","url":"https:\/\/mazarrononline.com\/mercadillo-artesanal-puerto-de-mazarron\/","name":"Mercadillo Artesanal del Puerto de Mazarr\u00f3n 2026: fechas y horario","isPartOf":{"@id":"https:\/\/mazarrononline.com\/#website"},"primaryImageOfPage":{"@id":"https:\/\/mazarrononline.com\/mercadillo-artesanal-puerto-de-mazarron\/#primaryimage"},"image":{"@id":"https:\/\/mazarrononline.com\/mercadillo-artesanal-puerto-de-mazarron\/#primaryimage"},"thumbnailUrl":"https:\/\/mazarrononline.com\/wp-content\/uploads\/2026\/03\/7219234.jpg","datePublished":"2026-08-03T12:40:50+00:00","dateModified":"2026-08-04T14:24:50+00:00","description":"Consulta las fechas 2026 del mercadillo artesanal del Puerto de Mazarr\u00f3n, ubicaci\u00f3n, horario, productos y todo lo que necesitas saber antes de visitarlo.","breadcrumb":{"@id":"https:\/\/mazarrononline.com\/mercadillo-artesanal-puerto-de-mazarron\/#breadcrumb"},"inLanguage":"en-GB","potentialAction":[{"@type":"ReadAction","target":["https:\/\/mazarrononline.com\/mercadillo-artesanal-puerto-de-mazarron\/"]}]},{"@type":"ImageObject","inLanguage":"en-GB","@id":"https:\/\/mazarrononline.com\/mercadillo-artesanal-puerto-de-mazarron\/#primaryimage","url":"https:\/\/mazarrononline.com\/wp-content\/uploads\/2026\/03\/7219234.jpg","contentUrl":"https:\/\/mazarrononline.com\/wp-content\/uploads\/2026\/03\/7219234.jpg","width":1280,"height":866,"caption":"mercadillo-artesanal-puerto-de-mazarron"},{"@type":"BreadcrumbList","@id":"https:\/\/mazarrononline.com\/mercadillo-artesanal-puerto-de-mazarron\/#breadcrumb","itemListElement":[{"@type":"ListItem","position":1,"name":"Portada","item":"https:\/\/mazarrononline.com\/"},{"@type":"ListItem","position":2,"name":"Mercadillo artesanal Puerto de Mazarr\u00f3n: d\u00edas, horario y qu\u00e9 ver"}]},{"@type":"WebSite","@id":"https:\/\/mazarrononline.com\/#website","url":"https:\/\/mazarrononline.com\/","name":"Mazarron Online","description":"","publisher":{"@id":"https:\/\/mazarrononline.com\/#organization"},"potentialAction":[{"@type":"SearchAction","target":{"@type":"EntryPoint","urlTemplate":"https:\/\/mazarrononline.com\/?s={search_term_string}"},"query-input":{"@type":"PropertyValueSpecification","valueRequired":true,"valueName":"search_term_string"}}],"inLanguage":"en-GB"},{"@type":"Organization","@id":"https:\/\/mazarrononline.com\/#organization","name":"Mazarron Online","url":"https:\/\/mazarrononline.com\/","logo":{"@type":"ImageObject","inLanguage":"en-GB","@id":"https:\/\/mazarrononline.com\/#\/schema\/logo\/image\/","url":"https:\/\/mazarrononline.com\/wp-content\/uploads\/2026\/03\/mazarrononline.com_.png","contentUrl":"https:\/\/mazarrononline.com\/wp-content\/uploads\/2026\/03\/mazarrononline.com_.png","width":891,"height":340,"caption":"Mazarron Online"},"image":{"@id":"https:\/\/mazarrononline.com\/#\/schema\/logo\/image\/"}},{"@type":"Person","@id":"https:\/\/mazarrononline.com\/#\/schema\/person\/d9631cc872d8c011f835a190d882e76d","name":"Leyre","image":{"@type":"ImageObject","inLanguage":"en-GB","@id":"https:\/\/secure.gravatar.com\/avatar\/3c782ce00e025f94599c550917c21e50e8a575481f274333674068bc26c1b3ff?s=96&d=mm&r=g","url":"https:\/\/secure.gravatar.com\/avatar\/3c782ce00e025f94599c550917c21e50e8a575481f274333674068bc26c1b3ff?s=96&d=mm&r=g","contentUrl":"https:\/\/secure.gravatar.com\/avatar\/3c782ce00e025f94599c550917c21e50e8a575481f274333674068bc26c1b3ff?s=96&d=mm&r=g","caption":"Leyre"},"description":"Apasionada del periodismo de viajes y la cultura local, de Mazarr\u00f3n, donde recorro cada d\u00eda los rincones, playas y eventos. Estoy Especializada en gu\u00edas de turismo, ocio y gastronom\u00eda de Mazarr\u00f3n, comparto consejos pr\u00e1cticos y recomendaciones de primera mano para ayudar a vecinos y visitantes a disfrutar al m\u00e1ximo del municipio.","sameAs":["https:\/\/mazarrononline.com"],"url":"https:\/\/mazarrononline.com\/en\/author\/todalainformacionweb\/"}]}},"_links":{"self":[{"href":"https:\/\/mazarrononline.com\/en\/wp-json\/wp\/v2\/posts\/2029","targetHints":{"allow":["GET"]}}],"collection":[{"href":"https:\/\/mazarrononline.com\/en\/wp-json\/wp\/v2\/posts"}],"about":[{"href":"https:\/\/mazarrononline.com\/en\/wp-json\/wp\/v2\/types\/post"}],"author":[{"embeddable":true,"href":"https:\/\/mazarrononline.com\/en\/wp-json\/wp\/v2\/users\/1"}],"replies":[{"embeddable":true,"href":"https:\/\/mazarrononline.com\/en\/wp-json\/wp\/v2\/comments?post=2029"}],"version-history":[{"count":6,"href":"https:\/\/mazarrononline.com\/en\/wp-json\/wp\/v2\/posts\/2029\/revisions"}],"predecessor-version":[{"id":4704,"href":"https:\/\/mazarrononline.com\/en\/wp-json\/wp\/v2\/posts\/2029\/revisions\/4704"}],"wp:featuredmedia":[{"embeddable":true,"href":"https:\/\/mazarrononline.com\/en\/wp-json\/wp\/v2\/media\/510"}],"wp:attachment":[{"href":"https:\/\/mazarrononline.com\/en\/wp-json\/wp\/v2\/media?parent=2029"}],"wp:term":[{"taxonomy":"category","embeddable":true,"href":"https:\/\/mazarrononline.com\/en\/wp-json\/wp\/v2\/categories?post=2029"},{"taxonomy":"post_tag","embeddable":true,"href":"https:\/\/mazarrononline.com\/en\/wp-json\/wp\/v2\/tags?post=2029"}],"curies":[{"name":"wp","href":"https:\/\/api.w.org\/{rel}","templated":true}]}}