{"id":2024,"date":"2026-08-28T10:37:37","date_gmt":"2026-08-28T10:37:37","guid":{"rendered":"https:\/\/mazarrononline.com\/?p=2024"},"modified":"2026-08-28T16:00:45","modified_gmt":"2026-08-28T16:00:45","slug":"mares-de-papel-mazarron","status":"publish","type":"post","link":"https:\/\/mazarrononline.com\/en\/mares-de-papel-mazarron\/","title":{"rendered":"Mares de Papel Mazarr\u00f3n 2026: programa, conciertos y fechas"},"content":{"rendered":"<p data-start=\"490\" data-end=\"758\">El <strong data-start=\"493\" data-end=\"537\">Festival Mares de Papel en Mazarr\u00f3n 2026<\/strong> se ha consolidado como uno de los eventos culturales m\u00e1s importantes del verano en la Regi\u00f3n de Murcia. Este ciclo combina <strong data-start=\"661\" data-end=\"715\">conciertos, humor, tributos y espect\u00e1culos en vivo<\/strong> en un entorno \u00fanico junto al Mediterr\u00e1neo.<\/p>\n<p data-start=\"760\" data-end=\"916\">Cada a\u00f1o, miles de personas disfrutan de una programaci\u00f3n que convierte a Mazarr\u00f3n en un referente cultural y tur\u00edstico durante los meses de julio y agosto.<\/p>\n<div style=\"background-color: #f0f4f8; border-left: 5px solid #333399; padding: 15px; margin: 20px 0; border-radius: 4px;\">\n<p style=\"margin: 0; color: #222; font-weight: bold;\">\ud83d\udce2 \u00a1Aviso Importante para Asistentes! \ud83d\udce2<\/p>\n<p style=\"margin: 5px 0 0 0; color: #444; font-size: 15px;\">La VII Edici\u00f3n de Mares de Papel 2026 llega con una cartelera completamente renovada. Para este a\u00f1o, la organizaci\u00f3n ha centralizado la gran mayor\u00eda de conciertos y espect\u00e1culos en el <strong>Complejo Deportivo Mazarr\u00f3n<\/strong>, trasladando otras actividades culturales y gastron\u00f3micas a ubicaciones junto al mar.<\/p>\n<\/div>\n<h2 data-section-id=\"3pak9b\" data-start=\"923\" data-end=\"950\"><span style=\"color: #333399;\">\ud83d\udccd Qu\u00e9 es Mares de Papel<\/span><\/h2>\n<p data-start=\"952\" data-end=\"1038\">Mares de Papel es un festival multidisciplinar que se celebra en Mazarr\u00f3n y que re\u00fane:<\/p>\n<ul data-start=\"1040\" data-end=\"1190\">\n<li data-section-id=\"svy6bm\" data-start=\"1040\" data-end=\"1080\">\n<p data-start=\"1042\" data-end=\"1080\">\ud83c\udfa4 Conciertos de artistas nacionales e internacionales<\/p>\n<\/li>\n<li data-section-id=\"210eiw\" data-start=\"1081\" data-end=\"1109\">\n<p data-start=\"1083\" data-end=\"1109\">\ud83d\ude02 Espect\u00e1culos de humor y mon\u00f3logos de primer nivel<\/p>\n<\/li>\n<li data-section-id=\"1p4i8ot\" data-start=\"1110\" data-end=\"1151\">\n<p data-start=\"1112\" data-end=\"1151\">\ud83c\udfb8 Grandes bandas tributo e iconograf\u00eda musical<\/p>\n<\/li>\n<li data-section-id=\"sg3gih\" data-start=\"1152\" data-end=\"1190\">\n<p data-start=\"1154\" data-end=\"1190\">\ud83c\udfad Veladas po\u00e9ticas, teatro, cine, danza y musicales infantiles<\/p>\n<\/li>\n<\/ul>\n<p data-start=\"1192\" data-end=\"1309\">\ud83d\udc49 El escenario principal de los grandes espect\u00e1culos est\u00e1 ubicado en el <strong data-start=\"1236\" data-end=\"1308\">Complejo Deportivo Mazarr\u00f3n<\/strong>, complementado con actividades culturales en el <strong data-start=\"1236\" data-end=\"1308\">Paseo Agust\u00edn Herrer\u00edn (Puerto de Mazarr\u00f3n)<\/strong> y exposiciones en el <strong data-start=\"1236\" data-end=\"1308\">Casino de Mazarr\u00f3n<\/strong>.<\/p>\n<h2 data-section-id=\"1vc90nf\" data-start=\"1316\" data-end=\"1360\"><span style=\"color: #333399;\">\ud83d\udcc5 Fechas de Mares de Papel Mazarr\u00f3n 2026<\/span><\/h2>\n<p data-start=\"1362\" data-end=\"1480\">El festival se celebra principalmente entre <strong data-start=\"1406\" data-end=\"1432\">julio y agosto de 2026<\/strong>, ofreciendo una programaci\u00f3n escalonada que arranca a finales de mayo y se extiende hasta los primeros d\u00edas de septiembre.<\/p>\n<p data-start=\"1482\" data-end=\"1667\">\ud83d\udc49 La VII Edici\u00f3n incluye espect\u00e1culos continuos dise\u00f1ados para todas las edades y gustos culturales.<\/p>\n<h2 data-section-id=\"1pepu8z\" data-start=\"1674\" data-end=\"1713\"><span style=\"color: #333399;\">\ud83c\udfa4 Conciertos y eventos de AGOSTO (Programaci\u00f3n Detallada)<\/span><\/h2>\n<p data-start=\"1715\" data-end=\"1798\">Durante el mes de agosto, Mares de Papel despliega su mayor oferta de actuaciones en directo. Descubre el desglose completo fecha a fecha:<\/p>\n<h3 data-section-id=\"aug-1\">\ud83c\udfb8 Duncan Dhu (1 de agosto)<\/h3>\n<ul>\n<li><strong>Gira 40 aniversario:<\/strong> Repaso por todos los grandes cl\u00e1sicos del pop-rock espa\u00f1ol de la m\u00edtica banda.<\/li>\n<li>Ubicaci\u00f3n: Complejo Deportivo Mazarr\u00f3n<\/li>\n<\/ul>\n<h3 data-section-id=\"aug-2\">\ud83c\udfb6 II Sonidos de Aqu\u00ed (2 de agosto)<\/h3>\n<ul>\n<li>Muestra de talento musical local y agrupaciones de la Regi\u00f3n de Murcia.<\/li>\n<li>Ubicaci\u00f3n: Complejo Deportivo Mazarr\u00f3n<\/li>\n<\/ul>\n<h3 data-section-id=\"aug-4\">\ud83d\udc83 Siempre As\u00ed (4 de agosto)<\/h3>\n<ul>\n<li>Fiesta, rumba y directo inconfundible con el afamado grupo sevillano.<\/li>\n<li>Ubicaci\u00f3n: Complejo Deportivo Mazarr\u00f3n<\/li>\n<\/ul>\n<h3 data-section-id=\"aug-6\">\ud83d\udc83 Los Vivancos &#8211; \u00abLive\u00bb (6 de agosto)<\/h3>\n<ul>\n<li>Espect\u00e1culo internacional de danza, flamenco fusi\u00f3n y virtuosismo esc\u00e9nico.<\/li>\n<li>Ubicaci\u00f3n: Complejo Deportivo Mazarr\u00f3n<\/li>\n<\/ul>\n<h3 data-section-id=\"aug-7\">\ud83c\udfa4 Totally Tina + A Taste of Robbie Williams (7 de agosto)<\/h3>\n<ul>\n<li>Gran noche tributo internacional rindiendo homenaje a dos gigantes del pop-rock mundial: Tina Turner y Robbie Williams.<\/li>\n<li>Ubicaci\u00f3n: Complejo Deportivo Mazarr\u00f3n<\/li>\n<\/ul>\n<h3 data-section-id=\"aug-8\">\ud83c\udfb8 Rev\u00f3lver (8 de agosto)<\/h3>\n<ul>\n<li>Carlos Go\u00f1i en directo con toda su banda repasando sus himnos esenciales del rock espa\u00f1ol.<\/li>\n<li>Ubicaci\u00f3n: Complejo Deportivo Mazarr\u00f3n<\/li>\n<\/ul>\n<div style=\"background-color: #fdf8f0; border-left: 5px solid #d97706; padding: 15px; margin: 25px 0; border-radius: 4px; font-family: sans-serif;\">\n<p style=\"margin: 0 0 8px 0; color: #d97706; font-weight: bold; font-size: 16px;\">\ud83c\udfb8 Concierto: Rev\u00f3lver en Directo<\/p>\n<p style=\"margin: 0 0 12px 0; color: #444; font-size: 14px; line-height: 1.5;\">Descubre toda la informaci\u00f3n sobre el concierto de Carlos Go\u00f1i y su banda: precios, puntos de venta de entradas online y f\u00edsicos, horarios y c\u00f3mo llegar.<\/p>\n<p style=\"margin: 0;\"><a style=\"display: inline-block; background-color: #d97706; color: #ffffff; font-weight: bold; font-size: 14px; padding: 8px 16px; text-decoration: none; border-radius: 4px;\" href=\"https:\/\/mazarrononline.com\/en\/eventos\/concierto-revolver-mazarron-2026\/\" target=\"_blank\" rel=\"noopener\">\ud83d\udc49 M\u00e1s informaci\u00f3n sobre el concierto de Rev\u00f3lver<\/a><span style=\"background-color: #ffffff; font-family: Georgia, 'Times New Roman', 'Bitstream Charter', Times, serif;\">\u00a0<\/span><\/p>\n<\/div>\n<h3 data-section-id=\"aug-9\">\ud83d\udc83 Mazarumba: La Corredera + U\u00f1a y Carne (9 de agosto)<\/h3>\n<ul>\n<li>Noche de rumba, flamenquito y ritmo fusi\u00f3n con dos actuaciones con mucho arte.<\/li>\n<li>Ubicaci\u00f3n: Complejo Deportivo Mazarr\u00f3n<\/li>\n<\/ul>\n<h3 data-section-id=\"aug-11\">\ud83c\udfad Teatro: \u00abAy, Carmela!\u00bb (11 de agosto)<\/h3>\n<ul>\n<li>Representaci\u00f3n teatral de la c\u00e9lebre obra de Jos\u00e9 Sanchis Sinisterra en el marco del XI Festival de Teatro Rafael Garc\u00eda Castillo.<\/li>\n<li>Ubicaci\u00f3n: Complejo Deportivo Mazarr\u00f3n<\/li>\n<\/ul>\n<h3 data-section-id=\"aug-12\">\ud83c\udfa4 Las Guerreras K-Pop &#8211; Tribute Show (12 de agosto)<\/h3>\n<ul>\n<li>Espect\u00e1culo juvenil tributo al fen\u00f3meno global de la m\u00fasica coreana y del K-Pop.<\/li>\n<li>Ubicaci\u00f3n: Complejo Deportivo Mazarr\u00f3n<\/li>\n<\/ul>\n<div style=\"background-color: #fcf0f7; border-left: 5px solid #d63384; padding: 15px; margin: 25px 0; border-radius: 4px; font-family: sans-serif;\">\n<p style=\"margin: 0 0 8px 0; color: #d63384; font-weight: bold; font-size: 16px;\">\ud83c\udfa4 Concierto: Las Guerreras K-Pop<\/p>\n<p style=\"margin: 0 0 12px 0; color: #444; font-size: 14px; line-height: 1.5;\">Consulta los detalles completos, horarios y sorpresas que trae este gran tributo al fen\u00f3meno del K-Pop internacional dentro de la programaci\u00f3n de Mares de Papel.<\/p>\n<p style=\"margin: 0;\"><a style=\"display: inline-block; background-color: #d63384; color: #ffffff; font-weight: bold; font-size: 14px; padding: 8px 16px; text-decoration: none; border-radius: 4px;\" href=\"https:\/\/mazarrononline.com\/en\/eventos\/concierto-las-guerreras-k-pop-mazarron\/\" target=\"_blank\" rel=\"noopener\">\ud83d\udc49 M\u00e1s informaci\u00f3n sobre Las Guerreras K-Pop<\/a><span style=\"background-color: #ffffff; font-family: Georgia, 'Times New Roman', 'Bitstream Charter', Times, serif;\">\u00a0<\/span><\/p>\n<\/div>\n<h3 data-section-id=\"aug-13\">\ud83d\ude02 Los Morancos (13 de agosto)<\/h3>\n<ul>\n<li>El humor m\u00e1s c\u00e9lebre y popular del panorama nacional con los hermanos Cadaval.<\/li>\n<li>Ubicaci\u00f3n: Complejo Deportivo Mazarr\u00f3n<\/li>\n<\/ul>\n<div style=\"background-color: #fefce8; border-left: 5px solid #eab308; padding: 15px; margin: 25px 0; border-radius: 4px; font-family: sans-serif;\">\n<p style=\"margin: 0 0 8px 0; color: #ca8a04; font-weight: bold; font-size: 16px;\">\ud83d\ude02 Espect\u00e1culo: Los Morancos en Directo<\/p>\n<p style=\"margin: 0 0 12px 0; color: #444; font-size: 14px; line-height: 1.5;\">Descubre toda la informaci\u00f3n sobre el show de humor de los hermanos Cadaval en Mazarr\u00f3n: precios, puntos de venta de entradas, horarios y c\u00f3mo llegar.<\/p>\n<p style=\"margin: 0;\"><a style=\"display: inline-block; background-color: #eab308; color: #ffffff; font-weight: bold; font-size: 14px; padding: 8px 16px; text-decoration: none; border-radius: 4px;\" href=\"https:\/\/mazarrononline.com\/en\/eventos\/los-morancos-mazarron-2026\/\" target=\"_blank\" rel=\"noopener\">\ud83d\udc49 M\u00e1s informaci\u00f3n sobre Los Morancos en Mazarr\u00f3n<\/a><span style=\"background-color: #ffffff; font-family: Georgia, 'Times New Roman', 'Bitstream Charter', Times, serif;\">\u00a0<\/span><\/p>\n<\/div>\n<h3 data-section-id=\"aug-14\">\ud83c\udfad Aguilera y Meni (14 de agosto)<\/h3>\n<ul>\n<li>Humor gaditano, improvisaci\u00f3n y risas aseguradas en una noche de comedia en vivo.<\/li>\n<li>Ubicaci\u00f3n: Complejo Deportivo Mazarr\u00f3n<\/li>\n<\/ul>\n<h3 data-section-id=\"aug-15\">\ud83c\udfb8 Orquesta Mondrag\u00f3n + Burning + Apache (15 de agosto)<\/h3>\n<ul>\n<li>Una velada hist\u00f3rica con el mejor rock en espa\u00f1ol de las \u00faltimas d\u00e9cadas en un triple concierto estelar.<\/li>\n<li>Ubicaci\u00f3n: Complejo Deportivo Mazarr\u00f3n<\/li>\n<\/ul>\n<h3 data-section-id=\"aug-16\">\ud83c\udfb8 Iberia Sumergida + La Esencia del Loco (16 de agosto)<\/h3>\n<ul>\n<li>Tributos oficiales a H\u00e9roes del Silencio y El Canto del Loco.<\/li>\n<li>Ubicaci\u00f3n: Complejo Deportivo Mazarr\u00f3n<\/li>\n<\/ul>\n<h3 data-section-id=\"aug-18\">\ud83d\udcd6 Velada Po\u00e9tica: Magdalena S\u00e1nchez Blesa (18 de agosto)<\/h3>\n<ul>\n<li>Recital l\u00edrico de la po\u00e9tica de Magdalena S\u00e1nchez Blesa acompa\u00f1ada por la m\u00fasica al piano del Maestro Eugenio Calder\u00f3n.<\/li>\n<li>Ubicaci\u00f3n: Mirador del Cabezo de la Cuesta \/ Paseo Agust\u00edn Herrer\u00edn<\/li>\n<\/ul>\n<h3 data-section-id=\"aug-19\">\ud83c\udfb6 Voces Eternas: \u00abUn beso y una Flor\u00bb &#8211; Nino Bravo (19 de agosto)<\/h3>\n<ul>\n<li>Homenaje a Nino Bravo con la prodigiosa voz de Manu Rodr\u00edguez y el grupo Los Superson.<\/li>\n<li>Ubicaci\u00f3n: Complejo Deportivo Mazarr\u00f3n<\/li>\n<\/ul>\n<h3 data-section-id=\"aug-20-fuera\">\ud83c\udfad Obra de Teatro \u00abLa Boda\u00bb (20 de agosto)<\/h3>\n<ul>\n<li>Representaci\u00f3n teatral a cargo de la compa\u00f1\u00eda local de Mazarr\u00f3n.<\/li>\n<li>Ubicaci\u00f3n: Complejo Deportivo Mazarr\u00f3n<\/li>\n<\/ul>\n<h3 data-section-id=\"aug-21\">\ud83c\udfa4 El Canijo de Jerez + Los Estanques (21 de agosto)<\/h3>\n<ul>\n<li>Doble concierto repleto de rumba garrapatera, psicodelia pop y ritmo al aire libre.<\/li>\n<li>Ubicaci\u00f3n: Complejo Deportivo Mazarr\u00f3n<\/li>\n<\/ul>\n<h3 data-section-id=\"aug-22\">\ud83c\udfb6 Concierto Fuera de Ciclo (22 de agosto)<\/h3>\n<ul>\n<li>Actuaci\u00f3n musical especial integrada dentro de la programaci\u00f3n estival.<\/li>\n<li>Ubicaci\u00f3n: Complejo Deportivo Mazarr\u00f3n<\/li>\n<\/ul>\n<h3 data-section-id=\"aug-23-infantil\">\ud83c\udfad Musical Infantil: \u00abLos tres cerditos\u00bb (23 de agosto)<\/h3>\n<ul>\n<li>Funci\u00f3n de teatro musical adaptada para toda la familia y los m\u00e1s peque\u00f1os.<\/li>\n<li>Ubicaci\u00f3n: Complejo Deportivo Mazarr\u00f3n<\/li>\n<\/ul>\n<div style=\"background-color: #fff5f5; border-left: 5px solid #e53e3e; padding: 15px; margin: 25px 0; border-radius: 4px; font-family: sans-serif;\">\n<p style=\"margin: 0 0 8px 0; color: #e53e3e; font-weight: bold; font-size: 16px;\">\ud83d\udc37 Teatro Infantil: Los Tres Cerditos<\/p>\n<p style=\"margin: 0 0 12px 0; color: #444; font-size: 14px; line-height: 1.5;\">Consulta todos los detalles, horarios y recomendaciones sobre esta divertida obra infantil pensada para disfrutar en familia durante la programaci\u00f3n del festival.<\/p>\n<p style=\"margin: 0;\"><a style=\"display: inline-block; background-color: #e53e3e; color: #ffffff; font-weight: bold; font-size: 14px; padding: 8px 16px; text-decoration: none; border-radius: 4px;\" href=\"https:\/\/mazarrononline.com\/en\/eventos\/teatro-infantil-mazarron-los-tres-cerditos\/\" target=\"_blank\" rel=\"noopener\">\ud83d\udc49 M\u00e1s informaci\u00f3n sobre Los Tres Cerditos<\/a><\/p>\n<\/div>\n<div style=\"background-color: #f3f9f4; border-left: 5px solid #2e7d32; padding: 15px; margin: 25px 0; border-radius: 4px; font-family: sans-serif;\">\n<p style=\"margin: 0 0 8px 0; color: #2e7d32; font-weight: bold; font-size: 16px;\">\ud83e\udd81 Teatro Infantil: El Libro de la Selva<\/p>\n<p style=\"margin: 0 0 12px 0; color: #444; font-size: 14px; line-height: 1.5;\">Descubre todos los detalles, horarios y recomendaciones sobre la adaptaci\u00f3n musical de este gran cl\u00e1sico pensado para disfrutar en familia dentro de la programaci\u00f3n del festival.<\/p>\n<p style=\"margin: 0;\"><a style=\"display: inline-block; background-color: #2e7d32; color: #ffffff; font-weight: bold; font-size: 14px; padding: 8px 16px; text-decoration: none; border-radius: 4px;\" href=\"https:\/\/mazarrononline.com\/en\/eventos\/teatro-infantil-mazarron-libro-de-la-selva\/\" target=\"_blank\" rel=\"noopener\">\ud83d\udc49 M\u00e1s informaci\u00f3n sobre El Libro de la Selva<\/a><\/p>\n<\/div>\n<h3 data-section-id=\"aug-23-velada\">\ud83d\udcd6 Veladas Po\u00e9ticas (23 de agosto)<\/h3>\n<ul>\n<li>Encuentro po\u00e9tico-literario junto al mar dentro de la programaci\u00f3n cultural del festival.<\/li>\n<li>Ubicaci\u00f3n: Paseo Agust\u00edn Herrer\u00edn<\/li>\n<\/ul>\n<h3 data-section-id=\"aug-25-28-jazz\">\ud83c\udfb7 V Festival de Jazz de Mazarr\u00f3n (25 al 28 de agosto)<\/h3>\n<ul>\n<li><strong>25 de agosto:<\/strong> Alex Conde &amp; Nino de los Reyes presentan <em>\u00abRitmo y Comp\u00e1s\u00bb<\/em><\/li>\n<li><strong>26 de agosto:<\/strong> Sheila Blanco &amp; Federico Lechner Tango Jazz Tr\u00edo<\/li>\n<li><strong>27 de agosto:<\/strong> Trouper&#8217;s Swing Band<\/li>\n<li><strong>28 de agosto:<\/strong> P\u00eda Tedesco Quintet presenta <em>\u00abLas Pioneras del Swing en Espa\u00f1a\u00bb<\/em><\/li>\n<li>Ubicaci\u00f3n: Complejo Deportivo Mazarr\u00f3n<\/li>\n<\/ul>\n<h3 data-section-id=\"aug-29\">\ud83c\udfa4 Taylormania: Taylor Swift Eras Tribute (29 de agosto)<\/h3>\n<ul>\n<li>El galardonado show tributo a Taylor Swift con Katy Ellis, directo desde el Reino Unido.<\/li>\n<li>Ubicaci\u00f3n: Complejo Deportivo Mazarr\u00f3n<\/li>\n<\/ul>\n<h3 data-section-id=\"aug-30-cierre\">\ud83d\udcd6 Velada Po\u00e9tica y Cierre Literario de Agosto (30 de agosto)<\/h3>\n<ul>\n<li>Encuentro cultural nocturno para despedir la agenda literaria de agosto.<\/li>\n<li>Ubicaci\u00f3n: Paseo Agust\u00edn Herrer\u00edn<\/li>\n<\/ul>\n<h2 data-section-id=\"11ng546\" data-start=\"2399\" data-end=\"2447\"><span style=\"color: #333399;\">\ud83c\udf1f Resumen del Calendario Completo del Festival<\/span><\/h2>\n<h3 data-section-id=\"f-mayo-junio\">\ud83d\udcc5 Eventos de Mayo, Junio y Exposiciones<\/h3>\n<div style=\"overflow-x: auto; margin: 20px 0; border-radius: 8px; box-shadow: 0 4px 6px rgba(0,0,0,0.05);\">\n<table style=\"width: 100%; border-collapse: collapse; font-family: sans-serif; font-size: 15px; text-align: left;\">\n<thead>\n<tr style=\"background-color: #008b8b; color: #ffffff;\">\n<th style=\"padding: 12px 15px; border-top-left-radius: 8px;\">\ud83d\udcc5 Fecha<\/th>\n<th style=\"padding: 12px 15px;\">\ud83c\udfa4 Espect\u00e1culo \/ Evento<\/th>\n<th style=\"padding: 12px 15px; border-top-right-radius: 8px;\">\ud83d\udccd Ubicaci\u00f3n<\/th>\n<\/tr>\n<\/thead>\n<tbody>\n<tr style=\"border-bottom: 1px solid #dddddd; background-color: #f2fdfd;\">\n<td style=\"padding: 12px 15px; font-weight: bold; color: #008b8b; white-space: nowrap;\">31 de mayo<\/td>\n<td style=\"padding: 12px 15px; color: #333;\">Orquesta Panorama<\/td>\n<td style=\"padding: 12px 15px; color: #555; font-size: 14px;\">Plaza del Convento, Mazarr\u00f3n<\/td>\n<\/tr>\n<tr style=\"border-bottom: 1px solid #dddddd; background-color: #ffffff;\">\n<td style=\"padding: 12px 15px; font-weight: bold; color: #008b8b; white-space: nowrap;\">5 al 9 de junio<\/td>\n<td style=\"padding: 12px 15px; color: #333; font-weight: bold;\">Jornadas Gastron\u00f3micas Rojo &amp; Red<\/td>\n<td style=\"padding: 12px 15px; color: #555; font-size: 14px;\">Paseo Agust\u00edn Herrer\u00edn (Puerto)<\/td>\n<\/tr>\n<tr style=\"border-bottom: 1px solid #dddddd; background-color: #f2fdfd;\">\n<td style=\"padding: 12px 15px; font-weight: bold; color: #008b8b; white-space: nowrap;\">20 de junio<\/td>\n<td style=\"padding: 12px 15px; color: #333;\">Concentraci\u00f3n Motera \u00abPatente de Corso\u00bb + Mojinos Escocios<\/td>\n<td style=\"padding: 12px 15px; color: #555; font-size: 14px;\">Complejo Deportivo Mazarr\u00f3n<\/td>\n<\/tr>\n<tr style=\"border-bottom: 1px solid #dddddd; background-color: #ffffff;\">\n<td style=\"padding: 12px 15px; font-weight: bold; color: #008b8b; border-bottom-left-radius: 8px; white-space: nowrap;\">1 jul &#8211; 31 ago<\/td>\n<td style=\"padding: 12px 15px; color: #333;\">II Mares de Colores &#8211; Exposici\u00f3n Rock Museum (El Pirata)<\/td>\n<td style=\"padding: 12px 15px; color: #555; font-size: 14px; border-bottom-right-radius: 8px;\">Casino de Mazarr\u00f3n<\/td>\n<\/tr>\n<\/tbody>\n<\/table>\n<\/div>\n<h3 data-section-id=\"1bwsl9f\">\ud83c\udfb8 Espect\u00e1culos de Julio y Agosto (Complejo Deportivo)<\/h3>\n<div style=\"overflow-x: auto; margin: 20px 0; border-radius: 8px; box-shadow: 0 4px 6px rgba(0,0,0,0.05);\">\n<table style=\"width: 100%; border-collapse: collapse; font-family: sans-serif; font-size: 15px; text-align: left;\">\n<thead>\n<tr style=\"background-color: #333399; color: #ffffff;\">\n<th style=\"padding: 12px 15px; border-top-left-radius: 8px;\">\ud83d\udcc5 Fecha<\/th>\n<th style=\"padding: 12px 15px; border-top-right-radius: 8px;\">\ud83c\udfa4 Espect\u00e1culo \/ Artistas<\/th>\n<\/tr>\n<\/thead>\n<tbody>\n<tr style=\"border-bottom: 1px solid #dddddd; background-color: #f8f9fa;\">\n<td style=\"padding: 12px 15px; font-weight: bold; color: #333399; white-space: nowrap;\">6 a 9 de julio<\/td>\n<td style=\"padding: 12px 15px; color: #333;\">VI FIMM &#8211; Festival Internacional de M\u00fasica de C\u00e1mara<\/td>\n<\/tr>\n<tr style=\"border-bottom: 1px solid #dddddd; background-color: #ffffff;\">\n<td style=\"padding: 12px 15px; font-weight: bold; color: #333399; white-space: nowrap;\">10 de julio<\/td>\n<td style=\"padding: 12px 15px; color: #333;\">Generation Abba International Tribute Show<\/td>\n<\/tr>\n<tr style=\"border-bottom: 1px solid #dddddd; background-color: #f8f9fa;\">\n<td style=\"padding: 12px 15px; font-weight: bold; color: #333399; white-space: nowrap;\">12 de julio<\/td>\n<td style=\"padding: 12px 15px; color: #333;\">Queen Revolution<\/td>\n<\/tr>\n<tr style=\"border-bottom: 1px solid #dddddd; background-color: #ffffff;\">\n<td style=\"padding: 12px 15px; font-weight: bold; color: #333399; white-space: nowrap;\">15 de julio<\/td>\n<td style=\"padding: 12px 15px; color: #333;\">Voces Eternas: Tamara Jerez (Homenaje a Roc\u00edo Jurado)<\/td>\n<\/tr>\n<tr style=\"border-bottom: 1px solid #dddddd; background-color: #f8f9fa;\">\n<td style=\"padding: 12px 15px; font-weight: bold; color: #333399; white-space: nowrap;\">18 de julio<\/td>\n<td style=\"padding: 12px 15px; color: #333;\">Diana Navarro + Asociaci\u00f3n Maestro Eugenio Calder\u00f3n<\/td>\n<\/tr>\n<tr style=\"border-bottom: 1px solid #dddddd; background-color: #ffffff;\">\n<td style=\"padding: 12px 15px; font-weight: bold; color: #333399; white-space: nowrap;\">24 de julio<\/td>\n<td style=\"padding: 12px 15px; color: #333;\">Brothers in Band (Dire Straits Tribute)<\/td>\n<\/tr>\n<tr style=\"border-bottom: 1px solid #dddddd; background-color: #f8f9fa;\">\n<td style=\"padding: 12px 15px; font-weight: bold; color: #333399; white-space: nowrap;\">30 de julio<\/td>\n<td style=\"padding: 12px 15px; color: #333;\">Goyo Jim\u00e9nez (Mon\u00f3logo)<\/td>\n<\/tr>\n<tr style=\"border-bottom: 1px solid #dddddd; background-color: #ffffff;\">\n<td style=\"padding: 12px 15px; font-weight: bold; color: #333399; white-space: nowrap;\">31 de julio<\/td>\n<td style=\"padding: 12px 15px; color: #333;\">Mazarock (M\u00e4go de Oz + Medina Azahara + Bar\u00f3n Rojo + Ob\u00fas)<\/td>\n<\/tr>\n<tr style=\"border-bottom: 1px solid #dddddd; background-color: #f8f9fa;\">\n<td style=\"padding: 12px 15px; font-weight: bold; color: #333399; white-space: nowrap;\">1 de agosto<\/td>\n<td style=\"padding: 12px 15px; color: #333;\">Duncan Dhu (Gira 40 Aniversario)<\/td>\n<\/tr>\n<tr style=\"border-bottom: 1px solid #dddddd; background-color: #ffffff;\">\n<td style=\"padding: 12px 15px; font-weight: bold; color: #333399; white-space: nowrap;\">2 de agosto<\/td>\n<td style=\"padding: 12px 15px; color: #333;\">II Sonidos de Aqu\u00ed<\/td>\n<\/tr>\n<tr style=\"border-bottom: 1px solid #dddddd; background-color: #f8f9fa;\">\n<td style=\"padding: 12px 15px; font-weight: bold; color: #333399; white-space: nowrap;\">4 de agosto<\/td>\n<td style=\"padding: 12px 15px; color: #333;\">Siempre As\u00ed<\/td>\n<\/tr>\n<tr style=\"border-bottom: 1px solid #dddddd; background-color: #ffffff;\">\n<td style=\"padding: 12px 15px; font-weight: bold; color: #333399; white-space: nowrap;\">6 de agosto<\/td>\n<td style=\"padding: 12px 15px; color: #333;\">Los Vivancos<\/td>\n<\/tr>\n<tr style=\"border-bottom: 1px solid #dddddd; background-color: #f8f9fa;\">\n<td style=\"padding: 12px 15px; font-weight: bold; color: #333399; white-space: nowrap;\">7 de agosto<\/td>\n<td style=\"padding: 12px 15px; color: #333;\">Totally Tina + A Taste of Robbie Williams<\/td>\n<\/tr>\n<tr style=\"border-bottom: 1px solid #dddddd; background-color: #ffffff;\">\n<td style=\"padding: 12px 15px; font-weight: bold; color: #333399; white-space: nowrap;\">8 de agosto<\/td>\n<td style=\"padding: 12px 15px; color: #333;\">Rev\u00f3lver en directo<\/td>\n<\/tr>\n<tr style=\"border-bottom: 1px solid #dddddd; background-color: #f8f9fa;\">\n<td style=\"padding: 12px 15px; font-weight: bold; color: #333399; white-space: nowrap;\">9 de agosto<\/td>\n<td style=\"padding: 12px 15px; color: #333;\">Mazarumba (La Corredera + U\u00f1a y Carne)<\/td>\n<\/tr>\n<tr style=\"border-bottom: 1px solid #dddddd; background-color: #ffffff;\">\n<td style=\"padding: 12px 15px; font-weight: bold; color: #333399; white-space: nowrap;\">11 de agosto<\/td>\n<td style=\"padding: 12px 15px; color: #333;\">Teatro: \u00abAy, Carmela!\u00bb<\/td>\n<\/tr>\n<tr style=\"border-bottom: 1px solid #dddddd; background-color: #f8f9fa;\">\n<td style=\"padding: 12px 15px; font-weight: bold; color: #333399; white-space: nowrap;\">12 de agosto<\/td>\n<td style=\"padding: 12px 15px; color: #333;\">Las Guerreras K-Pop (Tribute Show)<\/td>\n<\/tr>\n<tr style=\"border-bottom: 1px solid #dddddd; background-color: #ffffff;\">\n<td style=\"padding: 12px 15px; font-weight: bold; color: #333399; white-space: nowrap;\">13 de agosto<\/td>\n<td style=\"padding: 12px 15px; color: #333;\">Los Morancos (Humor)<\/td>\n<\/tr>\n<tr style=\"border-bottom: 1px solid #dddddd; background-color: #f8f9fa;\">\n<td style=\"padding: 12px 15px; font-weight: bold; color: #333399; white-space: nowrap;\">14 de agosto<\/td>\n<td style=\"padding: 12px 15px; color: #333;\">Aguilera y Meni (Mon\u00f3logos)<\/td>\n<\/tr>\n<tr style=\"border-bottom: 1px solid #dddddd; background-color: #ffffff;\">\n<td style=\"padding: 12px 15px; font-weight: bold; color: #333399; white-space: nowrap;\">15 de agosto<\/td>\n<td style=\"padding: 12px 15px; color: #333;\">Orquesta Mondrag\u00f3n + Burning + Apache<\/td>\n<\/tr>\n<tr style=\"border-bottom: 1px solid #dddddd; background-color: #f8f9fa;\">\n<td style=\"padding: 12px 15px; font-weight: bold; color: #333399; white-space: nowrap;\">16 de agosto<\/td>\n<td style=\"padding: 12px 15px; color: #333;\">Iberia Sumergida + La Esencia del Loco<\/td>\n<\/tr>\n<tr style=\"border-bottom: 1px solid #dddddd; background-color: #ffffff;\">\n<td style=\"padding: 12px 15px; font-weight: bold; color: #333399; white-space: nowrap;\">19 de agosto<\/td>\n<td style=\"padding: 12px 15px; color: #333;\">Voces Eternas: Homenaje a Nino Bravo (Manu Rodr\u00edguez)<\/td>\n<\/tr>\n<tr style=\"border-bottom: 1px solid #dddddd; background-color: #f8f9fa;\">\n<td style=\"padding: 12px 15px; font-weight: bold; color: #333399; white-space: nowrap;\">20 de agosto<\/td>\n<td style=\"padding: 12px 15px; color: #333;\">Teatro: \u00abLa Boda\u00bb<\/td>\n<\/tr>\n<tr style=\"border-bottom: 1px solid #dddddd; background-color: #ffffff;\">\n<td style=\"padding: 12px 15px; font-weight: bold; color: #333399; white-space: nowrap;\">21 de agosto<\/td>\n<td style=\"padding: 12px 15px; color: #333;\">El Canijo de Jerez + Los Estanques<\/td>\n<\/tr>\n<tr style=\"border-bottom: 1px solid #dddddd; background-color: #f8f9fa;\">\n<td style=\"padding: 12px 15px; font-weight: bold; color: #333399; white-space: nowrap;\">23 de agosto<\/td>\n<td style=\"padding: 12px 15px; color: #333;\">Musical Infantil: Los Tres Cerditos<\/td>\n<\/tr>\n<tr style=\"border-bottom: 1px solid #dddddd; background-color: #ffffff;\">\n<td style=\"padding: 12px 15px; font-weight: bold; color: #333399; white-space: nowrap;\">25 a 28 de agosto<\/td>\n<td style=\"padding: 12px 15px; color: #333;\">V Festival de Jazz de Mazarr\u00f3n<\/td>\n<\/tr>\n<tr style=\"border-bottom: 1px solid #dddddd; background-color: #f8f9fa;\">\n<td style=\"padding: 12px 15px; font-weight: bold; color: #333399; border-bottom-left-radius: 8px; white-space: nowrap;\">29 de agosto<\/td>\n<td style=\"padding: 12px 15px; color: #333; border-bottom-right-radius: 8px;\">Taylormania (Katy Ellis &#8211; Taylor Swift Eras Tribute)<\/td>\n<\/tr>\n<\/tbody>\n<\/table>\n<\/div>\n<h2 data-section-id=\"15vo69x\" data-start=\"2934\" data-end=\"2956\"><span style=\"color: #333399;\">\ud83d\udccd D\u00f3nde se celebra<\/span><\/h2>\n<p data-start=\"2958\" data-end=\"3000\">La rica programaci\u00f3n de Mares de Papel se distribuye de manera estrat\u00e9gica en tres grandes espacios:<\/p>\n<ul data-start=\"3002\" data-end=\"3139\">\n<li data-section-id=\"1q1u8nj\" data-start=\"3060\" data-end=\"3098\">\n<p data-start=\"3062\" data-end=\"3098\">\ud83c\udfdf\ufe0f <strong>Complejo Deportivo Mazarr\u00f3n:<\/strong> El gran epicentro musical. Este espacio alberga conciertos multitudinarios, espect\u00e1culos de comedia, obras teatrales y festivales de rock o jazz.<\/p>\n<\/li>\n<li data-section-id=\"hmypbm\" data-start=\"3002\" data-end=\"3059\">\n<p data-start=\"3004\" data-end=\"3059\">\ud83c\udf05 <strong>Paseo Agust\u00edn Herrer\u00edn (Puerto de Mazarr\u00f3n):<\/strong> El rinc\u00f3n costero reservado para foros de opini\u00f3n, cert\u00e1menes literarios, veladas po\u00e9ticas, ferias gastron\u00f3micas y cert\u00e1menes de cine.<\/p>\n<\/li>\n<li data-section-id=\"10tnhv4\" data-start=\"3099\" data-end=\"3139\">\n<p data-start=\"3101\" data-end=\"3139\">\ud83c\udfdb\ufe0f <strong>Plaza del Convento y Casino de Mazarr\u00f3n:<\/strong> Escenarios hist\u00f3ricos del municipio que acogen la inauguraci\u00f3n del festival y exposiciones temporales.<\/p>\n<\/li>\n<\/ul>\n<h2 data-section-id=\"xprfiz\" data-start=\"3222\" data-end=\"3247\"><span style=\"color: #333399;\">\ud83c\udf9f\ufe0f Entradas y reservas<\/span><\/h2>\n<p>La inmensa mayor\u00eda de las actuaciones de <strong>Mares de Papel Mazarr\u00f3n 2026<\/strong> son de <strong>acceso libre y gratuito<\/strong> hasta completar aforo. Para determinados shows de gran afluencia, puede solicitarse reserva o invitaci\u00f3n previa en el portal oficial:<\/p>\n<div style=\"text-align: center; margin: 25px 0;\"><a style=\"display: inline-block; background-color: #333399; color: #ffffff; font-weight: bold; font-size: 16px; padding: 12px 30px; text-decoration: none; border-radius: 5px; box-shadow: 0 4px 6px rgba(51,51,153,0.3);\" href=\"https:\/\/compralaentrada.com\/festival-mares-de-papel-mazarron\/eventos\" target=\"_blank\" rel=\"noopener\"><br \/>\n\ud83c\udf10 Acceder a la Web Oficial y Reservas<br \/>\n<\/a><\/div>\n<div style=\"background-color: #eef6fc; border-left: 5px solid #008b8b; padding: 15px; margin: 25px 0; border-radius: 4px; font-family: sans-serif;\">\n<p style=\"margin: 0 0 8px 0; color: #008b8b; font-weight: bold; font-size: 16px;\">\ud83d\ude8c \u00bfC\u00f3mo desplazarte hasta el festival?<\/p>\n<p style=\"margin: 0 0 12px 0; color: #444; font-size: 14px; line-height: 1.5;\">Para facilitar la asistencia a los conciertos y eventos, el Ayuntamiento habilita l\u00edneas de transporte adaptadas. Consulta todas las rutas, paradas y horarios actualizados del servicio especial.<\/p>\n<p style=\"margin: 0;\"><a style=\"display: inline-block; background-color: #008b8b; color: #ffffff; font-weight: bold; font-size: 14px; padding: 8px 16px; text-decoration: none; border-radius: 4px;\" href=\"https:\/\/mazarrononline.com\/en\/autobuses-gratuitos-mares-de-papel-mazarron\/\" target=\"_blank\" rel=\"noopener\">\ud83d\udc49 Consulta los Autobuses Gratuitos para Mares de Papel<\/a><\/p>\n<\/div>\n<h2 data-section-id=\"20ng4n\" data-start=\"4823\" data-end=\"4839\"><span style=\"color: #333399;\">\ud83c\udfc1 Conclusi\u00f3n<\/span><\/h2>\n<p data-start=\"4841\" data-end=\"5084\">Mares de Papel Mazarr\u00f3n 2026 es el aut\u00e9ntico motor cultural del verano en la costa murciana. Su equilibrada combinaci\u00f3n de m\u00fasica internacional, humor nacional, foros period\u00edsticos y actividades familiares lo convierte en una cita imprescindible frente al mar.<\/p>","protected":false},"excerpt":{"rendered":"<p>El Festival Mares de Papel en Mazarr\u00f3n 2026 se ha consolidado como uno de los eventos culturales m\u00e1s importantes del verano en la Regi\u00f3n de Murcia. Este ciclo combina conciertos, [&hellip;]<\/p>\n","protected":false},"author":1,"featured_media":509,"comment_status":"open","ping_status":"open","sticky":false,"template":"","format":"standard","meta":{"footnotes":""},"categories":[28],"tags":[],"class_list":["post-2024","post","type-post","status-publish","format-standard","has-post-thumbnail","hentry","category-eventos"],"blocksy_meta":[],"yoast_head":"<!-- This site is optimized with the Yoast SEO plugin v28.3 - https:\/\/yoast.com\/product\/yoast-seo-wordpress\/ -->\n<title>Mares de Papel Mazarr\u00f3n 2026: programa, conciertos y fechas<\/title>\n<meta name=\"description\" content=\"Descubre Mares de Papel Mazarr\u00f3n 2026: conciertos, humor, fechas y programa completo del festival de verano m\u00e1s importante de Mazarr\u00f3n.\" \/>\n<meta name=\"robots\" content=\"index, follow, max-snippet:-1, max-image-preview:large, max-video-preview:-1\" \/>\n<link rel=\"canonical\" href=\"https:\/\/mazarrononline.com\/en\/mares-de-papel-mazarron\/\" \/>\n<meta property=\"og:locale\" content=\"en_GB\" \/>\n<meta property=\"og:type\" content=\"article\" \/>\n<meta property=\"og:title\" content=\"Mares de Papel Mazarr\u00f3n 2026: programa, conciertos y fechas\" \/>\n<meta property=\"og:description\" content=\"Descubre Mares de Papel Mazarr\u00f3n 2026: conciertos, humor, fechas y programa completo del festival de verano m\u00e1s importante de Mazarr\u00f3n.\" \/>\n<meta property=\"og:url\" content=\"https:\/\/mazarrononline.com\/en\/mares-de-papel-mazarron\/\" \/>\n<meta property=\"og:site_name\" content=\"Mazarron Online\" \/>\n<meta property=\"article:published_time\" content=\"2026-08-28T10:37:37+00:00\" \/>\n<meta property=\"article:modified_time\" content=\"2026-08-28T16:00:45+00:00\" \/>\n<meta property=\"og:image\" content=\"https:\/\/mazarrononline.com\/wp-content\/uploads\/2026\/03\/e0babfb1-e045-41c4-9be2-0201eb4724a7.jpg\" \/>\n\t<meta property=\"og:image:width\" content=\"1024\" \/>\n\t<meta property=\"og:image:height\" content=\"377\" \/>\n\t<meta property=\"og:image:type\" content=\"image\/jpeg\" \/>\n<meta name=\"author\" content=\"Leyre\" \/>\n<meta name=\"twitter:card\" content=\"summary_large_image\" \/>\n<meta name=\"twitter:label1\" content=\"Written by\" \/>\n\t<meta name=\"twitter:data1\" content=\"Leyre\" \/>\n\t<meta name=\"twitter:label2\" content=\"Estimated reading time\" \/>\n\t<meta name=\"twitter:data2\" content=\"8 minutes\" \/>\n<script type=\"application\/ld+json\" class=\"yoast-schema-graph\">{\"@context\":\"https:\\\/\\\/schema.org\",\"@graph\":[{\"@type\":\"Article\",\"@id\":\"https:\\\/\\\/mazarrononline.com\\\/mares-de-papel-mazarron\\\/#article\",\"isPartOf\":{\"@id\":\"https:\\\/\\\/mazarrononline.com\\\/mares-de-papel-mazarron\\\/\"},\"author\":{\"name\":\"Leyre\",\"@id\":\"https:\\\/\\\/mazarrononline.com\\\/#\\\/schema\\\/person\\\/d9631cc872d8c011f835a190d882e76d\"},\"headline\":\"Mares de Papel Mazarr\u00f3n 2026: programa, conciertos y fechas\",\"datePublished\":\"2026-08-28T10:37:37+00:00\",\"dateModified\":\"2026-08-28T16:00:45+00:00\",\"mainEntityOfPage\":{\"@id\":\"https:\\\/\\\/mazarrononline.com\\\/mares-de-papel-mazarron\\\/\"},\"wordCount\":1751,\"commentCount\":7,\"publisher\":{\"@id\":\"https:\\\/\\\/mazarrononline.com\\\/#organization\"},\"image\":{\"@id\":\"https:\\\/\\\/mazarrononline.com\\\/mares-de-papel-mazarron\\\/#primaryimage\"},\"thumbnailUrl\":\"https:\\\/\\\/mazarrononline.com\\\/wp-content\\\/uploads\\\/2026\\\/03\\\/e0babfb1-e045-41c4-9be2-0201eb4724a7.jpg\",\"articleSection\":[\"Eventos\"],\"inLanguage\":\"en-GB\",\"potentialAction\":[{\"@type\":\"CommentAction\",\"name\":\"Comment\",\"target\":[\"https:\\\/\\\/mazarrononline.com\\\/mares-de-papel-mazarron\\\/#respond\"]}]},{\"@type\":\"WebPage\",\"@id\":\"https:\\\/\\\/mazarrononline.com\\\/mares-de-papel-mazarron\\\/\",\"url\":\"https:\\\/\\\/mazarrononline.com\\\/mares-de-papel-mazarron\\\/\",\"name\":\"Mares de Papel Mazarr\u00f3n 2026: programa, conciertos y fechas\",\"isPartOf\":{\"@id\":\"https:\\\/\\\/mazarrononline.com\\\/#website\"},\"primaryImageOfPage\":{\"@id\":\"https:\\\/\\\/mazarrononline.com\\\/mares-de-papel-mazarron\\\/#primaryimage\"},\"image\":{\"@id\":\"https:\\\/\\\/mazarrononline.com\\\/mares-de-papel-mazarron\\\/#primaryimage\"},\"thumbnailUrl\":\"https:\\\/\\\/mazarrononline.com\\\/wp-content\\\/uploads\\\/2026\\\/03\\\/e0babfb1-e045-41c4-9be2-0201eb4724a7.jpg\",\"datePublished\":\"2026-08-28T10:37:37+00:00\",\"dateModified\":\"2026-08-28T16:00:45+00:00\",\"description\":\"Descubre Mares de Papel Mazarr\u00f3n 2026: conciertos, humor, fechas y programa completo del festival de verano m\u00e1s importante de Mazarr\u00f3n.\",\"breadcrumb\":{\"@id\":\"https:\\\/\\\/mazarrononline.com\\\/mares-de-papel-mazarron\\\/#breadcrumb\"},\"inLanguage\":\"en-GB\",\"potentialAction\":[{\"@type\":\"ReadAction\",\"target\":[\"https:\\\/\\\/mazarrononline.com\\\/mares-de-papel-mazarron\\\/\"]}]},{\"@type\":\"ImageObject\",\"inLanguage\":\"en-GB\",\"@id\":\"https:\\\/\\\/mazarrononline.com\\\/mares-de-papel-mazarron\\\/#primaryimage\",\"url\":\"https:\\\/\\\/mazarrononline.com\\\/wp-content\\\/uploads\\\/2026\\\/03\\\/e0babfb1-e045-41c4-9be2-0201eb4724a7.jpg\",\"contentUrl\":\"https:\\\/\\\/mazarrononline.com\\\/wp-content\\\/uploads\\\/2026\\\/03\\\/e0babfb1-e045-41c4-9be2-0201eb4724a7.jpg\",\"width\":1024,\"height\":377,\"caption\":\"mares-de-papel-2026\"},{\"@type\":\"BreadcrumbList\",\"@id\":\"https:\\\/\\\/mazarrononline.com\\\/mares-de-papel-mazarron\\\/#breadcrumb\",\"itemListElement\":[{\"@type\":\"ListItem\",\"position\":1,\"name\":\"Portada\",\"item\":\"https:\\\/\\\/mazarrononline.com\\\/\"},{\"@type\":\"ListItem\",\"position\":2,\"name\":\"Mares de Papel Mazarr\u00f3n 2026: programa, conciertos y fechas\"}]},{\"@type\":\"WebSite\",\"@id\":\"https:\\\/\\\/mazarrononline.com\\\/#website\",\"url\":\"https:\\\/\\\/mazarrononline.com\\\/\",\"name\":\"Mazarron Online\",\"description\":\"\",\"publisher\":{\"@id\":\"https:\\\/\\\/mazarrononline.com\\\/#organization\"},\"potentialAction\":[{\"@type\":\"SearchAction\",\"target\":{\"@type\":\"EntryPoint\",\"urlTemplate\":\"https:\\\/\\\/mazarrononline.com\\\/?s={search_term_string}\"},\"query-input\":{\"@type\":\"PropertyValueSpecification\",\"valueRequired\":true,\"valueName\":\"search_term_string\"}}],\"inLanguage\":\"en-GB\"},{\"@type\":\"Organization\",\"@id\":\"https:\\\/\\\/mazarrononline.com\\\/#organization\",\"name\":\"Mazarron Online\",\"url\":\"https:\\\/\\\/mazarrononline.com\\\/\",\"logo\":{\"@type\":\"ImageObject\",\"inLanguage\":\"en-GB\",\"@id\":\"https:\\\/\\\/mazarrononline.com\\\/#\\\/schema\\\/logo\\\/image\\\/\",\"url\":\"https:\\\/\\\/mazarrononline.com\\\/wp-content\\\/uploads\\\/2026\\\/03\\\/mazarrononline.com_.png\",\"contentUrl\":\"https:\\\/\\\/mazarrononline.com\\\/wp-content\\\/uploads\\\/2026\\\/03\\\/mazarrononline.com_.png\",\"width\":891,\"height\":340,\"caption\":\"Mazarron Online\"},\"image\":{\"@id\":\"https:\\\/\\\/mazarrononline.com\\\/#\\\/schema\\\/logo\\\/image\\\/\"}},{\"@type\":\"Person\",\"@id\":\"https:\\\/\\\/mazarrononline.com\\\/#\\\/schema\\\/person\\\/d9631cc872d8c011f835a190d882e76d\",\"name\":\"Leyre\",\"image\":{\"@type\":\"ImageObject\",\"inLanguage\":\"en-GB\",\"@id\":\"https:\\\/\\\/secure.gravatar.com\\\/avatar\\\/3c782ce00e025f94599c550917c21e50e8a575481f274333674068bc26c1b3ff?s=96&d=mm&r=g\",\"url\":\"https:\\\/\\\/secure.gravatar.com\\\/avatar\\\/3c782ce00e025f94599c550917c21e50e8a575481f274333674068bc26c1b3ff?s=96&d=mm&r=g\",\"contentUrl\":\"https:\\\/\\\/secure.gravatar.com\\\/avatar\\\/3c782ce00e025f94599c550917c21e50e8a575481f274333674068bc26c1b3ff?s=96&d=mm&r=g\",\"caption\":\"Leyre\"},\"description\":\"Apasionada del periodismo de viajes y la cultura local, de Mazarr\u00f3n, donde recorro cada d\u00eda los rincones, playas y eventos. Estoy Especializada en gu\u00edas de turismo, ocio y gastronom\u00eda de Mazarr\u00f3n, comparto consejos pr\u00e1cticos y recomendaciones de primera mano para ayudar a vecinos y visitantes a disfrutar al m\u00e1ximo del municipio.\",\"sameAs\":[\"https:\\\/\\\/mazarrononline.com\"],\"url\":\"https:\\\/\\\/mazarrononline.com\\\/en\\\/author\\\/todalainformacionweb\\\/\"}]}<\/script>\n<!-- \/ Yoast SEO plugin. -->","yoast_head_json":{"title":"Mares de Papel Mazarr\u00f3n 2026: programa, conciertos y fechas","description":"Descubre Mares de Papel Mazarr\u00f3n 2026: conciertos, humor, fechas y programa completo del festival de verano m\u00e1s importante de Mazarr\u00f3n.","robots":{"index":"index","follow":"follow","max-snippet":"max-snippet:-1","max-image-preview":"max-image-preview:large","max-video-preview":"max-video-preview:-1"},"canonical":"https:\/\/mazarrononline.com\/en\/mares-de-papel-mazarron\/","og_locale":"en_GB","og_type":"article","og_title":"Mares de Papel Mazarr\u00f3n 2026: programa, conciertos y fechas","og_description":"Descubre Mares de Papel Mazarr\u00f3n 2026: conciertos, humor, fechas y programa completo del festival de verano m\u00e1s importante de Mazarr\u00f3n.","og_url":"https:\/\/mazarrononline.com\/en\/mares-de-papel-mazarron\/","og_site_name":"Mazarron Online","article_published_time":"2026-08-28T10:37:37+00:00","article_modified_time":"2026-08-28T16:00:45+00:00","og_image":[{"width":1024,"height":377,"url":"https:\/\/mazarrononline.com\/wp-content\/uploads\/2026\/03\/e0babfb1-e045-41c4-9be2-0201eb4724a7.jpg","type":"image\/jpeg"}],"author":"Leyre","twitter_card":"summary_large_image","twitter_misc":{"Written by":"Leyre","Estimated reading time":"8 minutes"},"schema":{"@context":"https:\/\/schema.org","@graph":[{"@type":"Article","@id":"https:\/\/mazarrononline.com\/mares-de-papel-mazarron\/#article","isPartOf":{"@id":"https:\/\/mazarrononline.com\/mares-de-papel-mazarron\/"},"author":{"name":"Leyre","@id":"https:\/\/mazarrononline.com\/#\/schema\/person\/d9631cc872d8c011f835a190d882e76d"},"headline":"Mares de Papel Mazarr\u00f3n 2026: programa, conciertos y fechas","datePublished":"2026-08-28T10:37:37+00:00","dateModified":"2026-08-28T16:00:45+00:00","mainEntityOfPage":{"@id":"https:\/\/mazarrononline.com\/mares-de-papel-mazarron\/"},"wordCount":1751,"commentCount":7,"publisher":{"@id":"https:\/\/mazarrononline.com\/#organization"},"image":{"@id":"https:\/\/mazarrononline.com\/mares-de-papel-mazarron\/#primaryimage"},"thumbnailUrl":"https:\/\/mazarrononline.com\/wp-content\/uploads\/2026\/03\/e0babfb1-e045-41c4-9be2-0201eb4724a7.jpg","articleSection":["Eventos"],"inLanguage":"en-GB","potentialAction":[{"@type":"CommentAction","name":"Comment","target":["https:\/\/mazarrononline.com\/mares-de-papel-mazarron\/#respond"]}]},{"@type":"WebPage","@id":"https:\/\/mazarrononline.com\/mares-de-papel-mazarron\/","url":"https:\/\/mazarrononline.com\/mares-de-papel-mazarron\/","name":"Mares de Papel Mazarr\u00f3n 2026: programa, conciertos y fechas","isPartOf":{"@id":"https:\/\/mazarrononline.com\/#website"},"primaryImageOfPage":{"@id":"https:\/\/mazarrononline.com\/mares-de-papel-mazarron\/#primaryimage"},"image":{"@id":"https:\/\/mazarrononline.com\/mares-de-papel-mazarron\/#primaryimage"},"thumbnailUrl":"https:\/\/mazarrononline.com\/wp-content\/uploads\/2026\/03\/e0babfb1-e045-41c4-9be2-0201eb4724a7.jpg","datePublished":"2026-08-28T10:37:37+00:00","dateModified":"2026-08-28T16:00:45+00:00","description":"Descubre Mares de Papel Mazarr\u00f3n 2026: conciertos, humor, fechas y programa completo del festival de verano m\u00e1s importante de Mazarr\u00f3n.","breadcrumb":{"@id":"https:\/\/mazarrononline.com\/mares-de-papel-mazarron\/#breadcrumb"},"inLanguage":"en-GB","potentialAction":[{"@type":"ReadAction","target":["https:\/\/mazarrononline.com\/mares-de-papel-mazarron\/"]}]},{"@type":"ImageObject","inLanguage":"en-GB","@id":"https:\/\/mazarrononline.com\/mares-de-papel-mazarron\/#primaryimage","url":"https:\/\/mazarrononline.com\/wp-content\/uploads\/2026\/03\/e0babfb1-e045-41c4-9be2-0201eb4724a7.jpg","contentUrl":"https:\/\/mazarrononline.com\/wp-content\/uploads\/2026\/03\/e0babfb1-e045-41c4-9be2-0201eb4724a7.jpg","width":1024,"height":377,"caption":"mares-de-papel-2026"},{"@type":"BreadcrumbList","@id":"https:\/\/mazarrononline.com\/mares-de-papel-mazarron\/#breadcrumb","itemListElement":[{"@type":"ListItem","position":1,"name":"Portada","item":"https:\/\/mazarrononline.com\/"},{"@type":"ListItem","position":2,"name":"Mares de Papel Mazarr\u00f3n 2026: programa, conciertos y fechas"}]},{"@type":"WebSite","@id":"https:\/\/mazarrononline.com\/#website","url":"https:\/\/mazarrononline.com\/","name":"Mazarron Online","description":"","publisher":{"@id":"https:\/\/mazarrononline.com\/#organization"},"potentialAction":[{"@type":"SearchAction","target":{"@type":"EntryPoint","urlTemplate":"https:\/\/mazarrononline.com\/?s={search_term_string}"},"query-input":{"@type":"PropertyValueSpecification","valueRequired":true,"valueName":"search_term_string"}}],"inLanguage":"en-GB"},{"@type":"Organization","@id":"https:\/\/mazarrononline.com\/#organization","name":"Mazarron Online","url":"https:\/\/mazarrononline.com\/","logo":{"@type":"ImageObject","inLanguage":"en-GB","@id":"https:\/\/mazarrononline.com\/#\/schema\/logo\/image\/","url":"https:\/\/mazarrononline.com\/wp-content\/uploads\/2026\/03\/mazarrononline.com_.png","contentUrl":"https:\/\/mazarrononline.com\/wp-content\/uploads\/2026\/03\/mazarrononline.com_.png","width":891,"height":340,"caption":"Mazarron Online"},"image":{"@id":"https:\/\/mazarrononline.com\/#\/schema\/logo\/image\/"}},{"@type":"Person","@id":"https:\/\/mazarrononline.com\/#\/schema\/person\/d9631cc872d8c011f835a190d882e76d","name":"Leyre","image":{"@type":"ImageObject","inLanguage":"en-GB","@id":"https:\/\/secure.gravatar.com\/avatar\/3c782ce00e025f94599c550917c21e50e8a575481f274333674068bc26c1b3ff?s=96&d=mm&r=g","url":"https:\/\/secure.gravatar.com\/avatar\/3c782ce00e025f94599c550917c21e50e8a575481f274333674068bc26c1b3ff?s=96&d=mm&r=g","contentUrl":"https:\/\/secure.gravatar.com\/avatar\/3c782ce00e025f94599c550917c21e50e8a575481f274333674068bc26c1b3ff?s=96&d=mm&r=g","caption":"Leyre"},"description":"Apasionada del periodismo de viajes y la cultura local, de Mazarr\u00f3n, donde recorro cada d\u00eda los rincones, playas y eventos. Estoy Especializada en gu\u00edas de turismo, ocio y gastronom\u00eda de Mazarr\u00f3n, comparto consejos pr\u00e1cticos y recomendaciones de primera mano para ayudar a vecinos y visitantes a disfrutar al m\u00e1ximo del municipio.","sameAs":["https:\/\/mazarrononline.com"],"url":"https:\/\/mazarrononline.com\/en\/author\/todalainformacionweb\/"}]}},"_links":{"self":[{"href":"https:\/\/mazarrononline.com\/en\/wp-json\/wp\/v2\/posts\/2024","targetHints":{"allow":["GET"]}}],"collection":[{"href":"https:\/\/mazarrononline.com\/en\/wp-json\/wp\/v2\/posts"}],"about":[{"href":"https:\/\/mazarrononline.com\/en\/wp-json\/wp\/v2\/types\/post"}],"author":[{"embeddable":true,"href":"https:\/\/mazarrononline.com\/en\/wp-json\/wp\/v2\/users\/1"}],"replies":[{"embeddable":true,"href":"https:\/\/mazarrononline.com\/en\/wp-json\/wp\/v2\/comments?post=2024"}],"version-history":[{"count":15,"href":"https:\/\/mazarrononline.com\/en\/wp-json\/wp\/v2\/posts\/2024\/revisions"}],"predecessor-version":[{"id":4743,"href":"https:\/\/mazarrononline.com\/en\/wp-json\/wp\/v2\/posts\/2024\/revisions\/4743"}],"wp:featuredmedia":[{"embeddable":true,"href":"https:\/\/mazarrononline.com\/en\/wp-json\/wp\/v2\/media\/509"}],"wp:attachment":[{"href":"https:\/\/mazarrononline.com\/en\/wp-json\/wp\/v2\/media?parent=2024"}],"wp:term":[{"taxonomy":"category","embeddable":true,"href":"https:\/\/mazarrononline.com\/en\/wp-json\/wp\/v2\/categories?post=2024"},{"taxonomy":"post_tag","embeddable":true,"href":"https:\/\/mazarrononline.com\/en\/wp-json\/wp\/v2\/tags?post=2024"}],"curies":[{"name":"wp","href":"https:\/\/api.w.org\/{rel}","templated":true}]}}