{"id":134,"date":"2020-08-28T14:15:21","date_gmt":"2020-08-28T14:15:21","guid":{"rendered":"https:\/\/startersites.io\/blocksy\/travel\/?p=134"},"modified":"2026-08-28T16:03:45","modified_gmt":"2026-08-28T16:03:45","slug":"horario-misas-puerto-mazarron","status":"publish","type":"post","link":"https:\/\/mazarrononline.com\/en\/horario-misas-puerto-mazarron\/","title":{"rendered":"Horario de Misas en Mazarr\u00f3n Agosto 2026 | Verano y Playas"},"content":{"rendered":"<p><script type=\"application\/ld+json\">\n{\n  \"@context\": \"https:\/\/schema.org\",\n  \"@type\": \"CatholicChurch\",\n  \"name\": \"Parroquia de Mazarr\u00f3n\",\n  \"url\": \"https:\/\/www.parroquiamazarron.es\",\n  \"address\": {\n    \"@type\": \"PostalAddress\",\n    \"addressLocality\": \"Mazarr\u00f3n\",\n    \"addressRegion\": \"Murcia\",\n    \"addressCountry\": \"ES\"\n  },\n  \"openingHoursSpecification\": [\n    {\n      \"@type\": \"OpeningHoursSpecification\",\n      \"dayOfWeek\": [\"Tuesday\", \"Wednesday\"],\n      \"opens\": \"20:00\",\n      \"closes\": \"21:00\",\n      \"description\": \"Misa en Iglesia de San Antonio\"\n    },\n    {\n      \"@type\": \"OpeningHoursSpecification\",\n      \"dayOfWeek\": [\"Thursday\", \"Friday\"],\n      \"opens\": \"20:00\",\n      \"closes\": \"21:00\",\n      \"description\": \"Misa en Parroquia de San Andr\u00e9s\"\n    },\n    {\n      \"@type\": \"OpeningHoursSpecification\",\n      \"dayOfWeek\": [\"Saturday\"],\n      \"opens\": \"20:00\",\n      \"closes\": \"22:30\",\n      \"description\": \"Misas en Santuario de la Pur\u00edsima, Ermita Bah\u00eda y Bolnuevo\"\n    },\n    {\n      \"@type\": \"OpeningHoursSpecification\",\n      \"dayOfWeek\": [\"Sunday\"],\n      \"opens\": \"10:00\",\n      \"closes\": \"22:30\",\n      \"description\": \"Misas dominicales en San Andr\u00e9s, San Antonio, Ermita Bah\u00eda y Bolnuevo\"\n    }\n  ]\n}\n<\/script><\/p>\n<h2>Horario de Misas en Mazarr\u00f3n: Agosto 2026<\/h2>\n<p>Asistir a la Eucarist\u00eda en el municipio de Mazarr\u00f3n es una experiencia que une fe y tradici\u00f3n, especialmente durante los meses de verano. Tanto si eres residente habitual como si te encuentras disfrutando de tus vacaciones en nuestra costa, disponer de la informaci\u00f3n actualizada es fundamental para organizar tu jornada espiritual.<\/p>\n<p>En esta gu\u00eda detallada, hemos recopilado los <strong>horarios oficiales vigentes para la temporada estival (desde el 6 de julio hasta el 31 de agosto de 2026)<\/strong>, con enlaces directos para llegar en Google Maps a cada templo.<\/p>\n<div style=\"background-color: #f8f9fa; border: 1px solid #e9ecef; padding: 15px 20px; margin: 25px 0; border-radius: 6px;\">\n<p style=\"margin: 0 0 10px 0; font-weight: bold; font-size: 1.1em; color: #2c3e50;\">\ud83d\udccb \u00cdndice de templos y horarios<\/p>\n<ul style=\"margin: 0; padding-left: 20px; line-height: 1.6;\">\n<li><a style=\"color: #333399; text-decoration: underline;\" href=\"#tabla-resumen\">Resumen r\u00e1pido de horarios de verano<\/a><\/li>\n<li><a style=\"color: #333399; text-decoration: underline;\" href=\"#san-antonio\">Iglesia de San Antonio de Padua (Mazarr\u00f3n)<\/a><\/li>\n<li><a style=\"color: #333399; text-decoration: underline;\" href=\"#san-andres\">Parroquia de San Andr\u00e9s Ap\u00f3stol (Mazarr\u00f3n)<\/a><\/li>\n<li><a style=\"color: #333399; text-decoration: underline;\" href=\"#ermita-bahia\">Ermita de Bah\u00eda (Puerto de Mazarr\u00f3n)<\/a><\/li>\n<li><a style=\"color: #333399; text-decoration: underline;\" href=\"#santuario-purisima\">Santuario de La Pur\u00edsima (Mazarr\u00f3n)<\/a><\/li>\n<li><a style=\"color: #333399; text-decoration: underline;\" href=\"#ermita-bolnuevo\">Ermita de Bolnuevo<\/a><\/li>\n<li><a style=\"color: #333399; text-decoration: underline;\" href=\"#faq-misas\">Preguntas Frecuentes (FAQ)<\/a><\/li>\n<\/ul>\n<\/div>\n<h2 id=\"tabla-resumen\"><span style=\"color: #333399;\">Resumen R\u00e1pido de Misas en Mazarr\u00f3n (Agosto 2026)<\/span><\/h2>\n<table style=\"border-collapse: collapse; width: 100%; text-align: left; margin: 20px 0;\" border=\"1\" cellspacing=\"0\" cellpadding=\"10\">\n<thead>\n<tr style=\"background-color: #2c3e50; color: #ffffff;\">\n<th>Templo \/ Ubicaci\u00f3n<\/th>\n<th>Lunes a Viernes<\/th>\n<th>S\u00e1bados<\/th>\n<th>Domingos<\/th>\n<\/tr>\n<\/thead>\n<tbody>\n<tr>\n<td><strong>San Antonio de Padua<\/strong><\/td>\n<td>20:00 h (Mar y Mi\u00e9)<\/td>\n<td>\u2014<\/td>\n<td>20:00 h<\/td>\n<\/tr>\n<tr style=\"background-color: #f9f9f9;\">\n<td><strong>San Andr\u00e9s Ap\u00f3stol<\/strong><\/td>\n<td>20:00 h (Jue y Vie)<\/td>\n<td>\u2014<\/td>\n<td>11:00 h<\/td>\n<\/tr>\n<tr>\n<td><strong>Ermita de Bah\u00eda<\/strong><\/td>\n<td>09:30 h* \/ 21:00 h<\/td>\n<td>20:30 h \/ 21:30 h<\/td>\n<td>10:00 h \/ 20:30 h \/ 21:30 h<\/td>\n<\/tr>\n<tr style=\"background-color: #f9f9f9;\">\n<td><strong>Santuario de la Pur\u00edsima<\/strong><\/td>\n<td>\u2014<\/td>\n<td>20:00 h<\/td>\n<td>\u2014<\/td>\n<\/tr>\n<tr>\n<td><strong>Ermita de Bolnuevo<\/strong><\/td>\n<td>\u2014<\/td>\n<td>21:00 h<\/td>\n<td>21:00 h<\/td>\n<\/tr>\n<\/tbody>\n<\/table>\n<p style=\"font-size: 0.9em; color: #666;\"><em>* Nota: La misa de las 09:30 h en Ermita Bah\u00eda se aplica a partir del 20 de julio.<\/em><\/p>\n<h2><span style=\"color: #333399;\">Detalle por Templo y Ubicaciones<\/span><\/h2>\n<div id=\"san-antonio\" style=\"border: 1px solid #ddd; border-radius: 10px; padding: 20px; margin-bottom: 30px; background-color: #fcf8e3;\">\n<h3 style=\"color: #b7950b; margin-top: 0;\">\ud83d\udccd Iglesia de San Antonio de Padua<\/h3>\n<p><strong>Direcci\u00f3n:<\/strong><\/p>\n<address style=\"display: inline;\">Plaza Ram\u00f3n y Cajal, 1, 30870 Mazarr\u00f3n (Murcia)<\/address>\n<p><strong>Horario de Misas (Hasta el 31 de agosto):<\/strong><\/p>\n<ul>\n<li><strong>Martes y Mi\u00e9rcoles:<\/strong> 20:00 h<\/li>\n<li><strong>Domingos:<\/strong> 20:00 h<\/li>\n<\/ul>\n<div style=\"margin-top: 15px;\"><a style=\"display: inline-block; background-color: #b7950b; color: #ffffff; padding: 10px 20px; text-decoration: none; border-radius: 5px; font-weight: bold;\" href=\"https:\/\/maps.google.com\/?q=Iglesia+de+San+Antonio+de+Padua+Mazarron\" target=\"_blank\" rel=\"noopener\">\ud83d\uddfa\ufe0f C\u00f3mo llegar en Google Maps<\/a><\/div>\n<\/div>\n<div id=\"san-andres\" style=\"border: 1px solid #ddd; border-radius: 10px; padding: 20px; margin-bottom: 30px; background-color: #f9f9f9;\">\n<h3 style=\"color: #2e86c1; margin-top: 0;\">\ud83d\udccd Parroquia de San Andr\u00e9s Ap\u00f3stol<\/h3>\n<p><strong>Direcci\u00f3n:<\/strong><\/p>\n<address style=\"display: inline;\">Calle San Andr\u00e9s, 1, 30870 Mazarr\u00f3n Pueblo<\/address>\n<p><strong>Horario de Misas (Hasta el 31 de agosto):<\/strong><\/p>\n<ul>\n<li><strong>Jueves y Viernes:<\/strong> 20:00 h<\/li>\n<li><strong>Domingos:<\/strong> 11:00 h<\/li>\n<\/ul>\n<div style=\"margin-top: 15px;\"><a style=\"display: inline-block; background-color: #2e86c1; color: #ffffff; padding: 10px 20px; text-decoration: none; border-radius: 5px; font-weight: bold;\" href=\"https:\/\/maps.google.com\/?q=Parroquia+San+Andres+Apostol+Mazarron\" target=\"_blank\" rel=\"noopener\">\ud83d\uddfa\ufe0f C\u00f3mo llegar en Google Maps<\/a><\/div>\n<\/div>\n<div id=\"ermita-bahia\" style=\"border: 1px solid #ddd; border-radius: 10px; padding: 20px; margin-bottom: 30px; background-color: #f4fcf0;\">\n<h3 style=\"color: #27ae60; margin-top: 0;\">\ud83d\udccd Ermita de Bah\u00eda (Puerto de Mazarr\u00f3n)<\/h3>\n<p><strong>Direcci\u00f3n:<\/strong><\/p>\n<address style=\"display: inline;\">Zona de La Isla &#8211; Bah\u00eda, Puerto de Mazarr\u00f3n<\/address>\n<p><strong>Horario de Misas (Hasta el 31 de agosto):<\/strong><\/p>\n<ul>\n<li><strong>De Lunes a Viernes:<\/strong> 09:30 h (desde el 20 de julio) y 21:00 h<\/li>\n<li><strong>S\u00e1bados:<\/strong> 20:30 h y 21:30 h<\/li>\n<li><strong>Domingos:<\/strong> 10:00 h, 20:30 h y 21:30 h<\/li>\n<\/ul>\n<div style=\"margin-top: 15px;\"><a style=\"display: inline-block; background-color: #27ae60; color: #ffffff; padding: 10px 20px; text-decoration: none; border-radius: 5px; font-weight: bold;\" href=\"https:\/\/maps.google.com\/?q=Ermita+de+Bahia+Puerto+de+Mazarron\" target=\"_blank\" rel=\"noopener\">\ud83d\uddfa\ufe0f C\u00f3mo llegar en Google Maps<\/a><\/div>\n<\/div>\n<div id=\"santuario-purisima\" style=\"border: 1px solid #ddd; border-radius: 10px; padding: 20px; margin-bottom: 30px; background-color: #f2f7f9;\">\n<h3 style=\"color: #2980b9; margin-top: 0;\">\ud83d\udccd Santuario de La Pur\u00edsima<\/h3>\n<p><strong>Direcci\u00f3n:<\/strong><\/p>\n<address style=\"display: inline;\">Plaza del Convento, s\/n, 30870 Mazarr\u00f3n Pueblo<\/address>\n<p><strong>Horario de Misas (Hasta el 31 de agosto):<\/strong><\/p>\n<ul>\n<li><strong>S\u00e1bados:<\/strong> 20:00 h<\/li>\n<\/ul>\n<div style=\"margin-top: 15px;\"><a style=\"display: inline-block; background-color: #2980b9; color: #ffffff; padding: 10px 20px; text-decoration: none; border-radius: 5px; font-weight: bold;\" href=\"https:\/\/maps.google.com\/?q=Santuario+de+la+Purisima+Mazarron\" target=\"_blank\" rel=\"noopener\">\ud83d\uddfa\ufe0f C\u00f3mo llegar en Google Maps<\/a><\/div>\n<\/div>\n<div id=\"ermita-bolnuevo\" style=\"border: 1px solid #ddd; border-radius: 10px; padding: 20px; margin-bottom: 30px; background-color: #fdf2e9;\">\n<h3 style=\"color: #e67e22; margin-top: 0;\">\ud83d\udccd Ermita de Bolnuevo<\/h3>\n<p><strong>Direcci\u00f3n:<\/strong><\/p>\n<address style=\"display: inline;\">Plaza de la Ermita, s\/n, Bolnuevo<\/address>\n<p><strong>Horario de Misas (Hasta el 31 de agosto):<\/strong><\/p>\n<ul>\n<li><strong>S\u00e1bados:<\/strong> 21:00 h<\/li>\n<li><strong>Domingos:<\/strong> 21:00 h<\/li>\n<\/ul>\n<div style=\"margin-top: 15px;\"><a style=\"display: inline-block; background-color: #e67e22; color: #ffffff; padding: 10px 20px; text-decoration: none; border-radius: 5px; font-weight: bold;\" href=\"https:\/\/maps.google.com\/?q=Ermita+de+Bolnuevo\" target=\"_blank\" rel=\"noopener\">\ud83d\uddfa\ufe0f C\u00f3mo llegar en Google Maps<\/a><\/div>\n<\/div>\n<div id=\"faq-misas\" style=\"margin-top: 40px; padding: 20px; background-color: #f8f9fa; border-radius: 10px;\">\n<h2 style=\"color: #333399; margin-top: 0;\">Preguntas Frecuentes sobre las Misas en Mazarr\u00f3n (FAQ)<\/h2>\n<h3>\u00bfCu\u00e1ndo est\u00e1n vigentes estos horarios de verano?<\/h3>\n<p>Estos horarios lit\u00fargicos de verano se aplican de forma oficial desde el <strong>6 de julio hasta el 31 de agosto de 2026<\/strong> en todos los templos de la parroquia de Mazarr\u00f3n.<\/p>\n<h3>\u00bfD\u00f3nde puedo consultar posibles cambios de \u00faltima hora?<\/h3>\n<p>Para variaciones puntuales por festividades locales o imprevistos, puedes verificar la informaci\u00f3n directamente en el portal oficial de la parroquia: <a href=\"http:\/\/www.parroquiamazarron.es\" target=\"_blank\" rel=\"noopener\">www.parroquiamazarron.es<\/a>.<\/p>\n<h3>\u00bfHay misas cerca de la playa en Puerto de Mazarr\u00f3n?<\/h3>\n<p>S\u00ed, la <strong>Ermita de Bah\u00eda<\/strong> ofrece m\u00faltiples horarios diarios de ma\u00f1ana y noche (09:30 h, 20:30 h, 21:00 h y 21:30 h seg\u00fan el d\u00eda), ideal para residentes y veraneantes en la zona de las playas.<\/p>\n<\/div>\n<div style=\"text-align: center; margin-top: 40px; padding: 20px; border-top: 1px solid #eee;\">\n<h3 style=\"color: #333399;\">Un punto de encuentro espiritual en la Bah\u00eda<\/h3>\n<p>Esperamos que esta gu\u00eda te sirva para organizar tu asistencia durante todo el mes de agosto. \u00a1Disfruta del verano en Mazarr\u00f3n!<\/p>\n<\/div>\n","protected":false},"excerpt":{"rendered":"<p>Horario de Misas en Mazarr\u00f3n: Agosto 2026 Asistir a la Eucarist\u00eda en el municipio de Mazarr\u00f3n es una experiencia que une fe y tradici\u00f3n, especialmente durante los meses de verano. [&hellip;]<\/p>\n","protected":false},"author":1,"featured_media":1274,"comment_status":"open","ping_status":"open","sticky":false,"template":"","format":"standard","meta":{"footnotes":""},"categories":[30],"tags":[],"class_list":["post-134","post","type-post","status-publish","format-standard","has-post-thumbnail","hentry","category-horarios"],"blocksy_meta":{"styles_descriptor":{"styles":{"desktop":"","tablet":"","mobile":""},"google_fonts":[],"version":6}},"yoast_head":"<!-- This site is optimized with the Yoast SEO plugin v28.3 - https:\/\/yoast.com\/product\/yoast-seo-wordpress\/ -->\n<title>Horario de Misas en Mazarr\u00f3n Agosto 2026 | Verano<\/title>\n<meta name=\"description\" content=\"Consulta el horario actualizado de misas en Mazarr\u00f3n, Puerto, Ermita Bah\u00eda, Bolnuevo, San Antonio y San Andr\u00e9s para agosto y verano de 2026.\" \/>\n<meta name=\"robots\" content=\"index, follow, max-snippet:-1, max-image-preview:large, max-video-preview:-1\" \/>\n<link rel=\"canonical\" href=\"https:\/\/mazarrononline.com\/en\/horario-misas-puerto-mazarron\/\" \/>\n<meta property=\"og:locale\" content=\"en_GB\" \/>\n<meta property=\"og:type\" content=\"article\" \/>\n<meta property=\"og:title\" content=\"Horario de Misas en Mazarr\u00f3n Agosto 2026 | Verano\" \/>\n<meta property=\"og:description\" content=\"Consulta el horario actualizado de misas en Mazarr\u00f3n, Puerto, Ermita Bah\u00eda, Bolnuevo, San Antonio y San Andr\u00e9s para agosto y verano de 2026.\" \/>\n<meta property=\"og:url\" content=\"https:\/\/mazarrononline.com\/en\/horario-misas-puerto-mazarron\/\" \/>\n<meta property=\"og:site_name\" content=\"Mazarron Online\" \/>\n<meta property=\"article:published_time\" content=\"2020-08-28T14:15:21+00:00\" \/>\n<meta property=\"article:modified_time\" content=\"2026-08-28T16:03:45+00:00\" \/>\n<meta property=\"og:image\" content=\"https:\/\/mazarrononline.com\/wp-content\/uploads\/2026\/03\/parroquia-san-jose-mazarron-horarios-misas-e1773566820337.jpg\" \/>\n\t<meta property=\"og:image:width\" content=\"640\" \/>\n\t<meta property=\"og:image:height\" content=\"427\" \/>\n\t<meta property=\"og:image:type\" content=\"image\/jpeg\" \/>\n<meta name=\"author\" content=\"Leyre\" \/>\n<meta name=\"twitter:card\" content=\"summary_large_image\" \/>\n<meta name=\"twitter:label1\" content=\"Written by\" \/>\n\t<meta name=\"twitter:data1\" content=\"Leyre\" \/>\n\t<meta name=\"twitter:label2\" content=\"Estimated reading time\" \/>\n\t<meta name=\"twitter:data2\" content=\"3 minutes\" \/>\n<script type=\"application\/ld+json\" class=\"yoast-schema-graph\">{\"@context\":\"https:\\\/\\\/schema.org\",\"@graph\":[{\"@type\":\"Article\",\"@id\":\"https:\\\/\\\/mazarrononline.com\\\/horario-misas-puerto-mazarron\\\/#article\",\"isPartOf\":{\"@id\":\"https:\\\/\\\/mazarrononline.com\\\/horario-misas-puerto-mazarron\\\/\"},\"author\":{\"name\":\"Leyre\",\"@id\":\"https:\\\/\\\/mazarrononline.com\\\/#\\\/schema\\\/person\\\/d9631cc872d8c011f835a190d882e76d\"},\"headline\":\"Horario de Misas en Mazarr\u00f3n Agosto 2026 | Verano y Playas\",\"datePublished\":\"2020-08-28T14:15:21+00:00\",\"dateModified\":\"2026-08-28T16:03:45+00:00\",\"mainEntityOfPage\":{\"@id\":\"https:\\\/\\\/mazarrononline.com\\\/horario-misas-puerto-mazarron\\\/\"},\"wordCount\":586,\"commentCount\":0,\"publisher\":{\"@id\":\"https:\\\/\\\/mazarrononline.com\\\/#organization\"},\"image\":{\"@id\":\"https:\\\/\\\/mazarrononline.com\\\/horario-misas-puerto-mazarron\\\/#primaryimage\"},\"thumbnailUrl\":\"https:\\\/\\\/mazarrononline.com\\\/wp-content\\\/uploads\\\/2026\\\/03\\\/parroquia-san-jose-mazarron-horarios-misas-e1773566820337.jpg\",\"articleSection\":[\"Horarios\"],\"inLanguage\":\"en-GB\",\"potentialAction\":[{\"@type\":\"CommentAction\",\"name\":\"Comment\",\"target\":[\"https:\\\/\\\/mazarrononline.com\\\/horario-misas-puerto-mazarron\\\/#respond\"]}]},{\"@type\":\"WebPage\",\"@id\":\"https:\\\/\\\/mazarrononline.com\\\/horario-misas-puerto-mazarron\\\/\",\"url\":\"https:\\\/\\\/mazarrononline.com\\\/horario-misas-puerto-mazarron\\\/\",\"name\":\"Horario de Misas en Mazarr\u00f3n Agosto 2026 | Verano\",\"isPartOf\":{\"@id\":\"https:\\\/\\\/mazarrononline.com\\\/#website\"},\"primaryImageOfPage\":{\"@id\":\"https:\\\/\\\/mazarrononline.com\\\/horario-misas-puerto-mazarron\\\/#primaryimage\"},\"image\":{\"@id\":\"https:\\\/\\\/mazarrononline.com\\\/horario-misas-puerto-mazarron\\\/#primaryimage\"},\"thumbnailUrl\":\"https:\\\/\\\/mazarrononline.com\\\/wp-content\\\/uploads\\\/2026\\\/03\\\/parroquia-san-jose-mazarron-horarios-misas-e1773566820337.jpg\",\"datePublished\":\"2020-08-28T14:15:21+00:00\",\"dateModified\":\"2026-08-28T16:03:45+00:00\",\"description\":\"Consulta el horario actualizado de misas en Mazarr\u00f3n, Puerto, Ermita Bah\u00eda, Bolnuevo, San Antonio y San Andr\u00e9s para agosto y verano de 2026.\",\"breadcrumb\":{\"@id\":\"https:\\\/\\\/mazarrononline.com\\\/horario-misas-puerto-mazarron\\\/#breadcrumb\"},\"inLanguage\":\"en-GB\",\"potentialAction\":[{\"@type\":\"ReadAction\",\"target\":[\"https:\\\/\\\/mazarrononline.com\\\/horario-misas-puerto-mazarron\\\/\"]}]},{\"@type\":\"ImageObject\",\"inLanguage\":\"en-GB\",\"@id\":\"https:\\\/\\\/mazarrononline.com\\\/horario-misas-puerto-mazarron\\\/#primaryimage\",\"url\":\"https:\\\/\\\/mazarrononline.com\\\/wp-content\\\/uploads\\\/2026\\\/03\\\/parroquia-san-jose-mazarron-horarios-misas-e1773566820337.jpg\",\"contentUrl\":\"https:\\\/\\\/mazarrononline.com\\\/wp-content\\\/uploads\\\/2026\\\/03\\\/parroquia-san-jose-mazarron-horarios-misas-e1773566820337.jpg\",\"width\":640,\"height\":427,\"caption\":\"parroquia-san-jose-mazarron-horarios-misas\"},{\"@type\":\"BreadcrumbList\",\"@id\":\"https:\\\/\\\/mazarrononline.com\\\/horario-misas-puerto-mazarron\\\/#breadcrumb\",\"itemListElement\":[{\"@type\":\"ListItem\",\"position\":1,\"name\":\"Portada\",\"item\":\"https:\\\/\\\/mazarrononline.com\\\/\"},{\"@type\":\"ListItem\",\"position\":2,\"name\":\"Horario de Misas en Mazarr\u00f3n Agosto 2026 | Verano y Playas\"}]},{\"@type\":\"WebSite\",\"@id\":\"https:\\\/\\\/mazarrononline.com\\\/#website\",\"url\":\"https:\\\/\\\/mazarrononline.com\\\/\",\"name\":\"Mazarron Online\",\"description\":\"\",\"publisher\":{\"@id\":\"https:\\\/\\\/mazarrononline.com\\\/#organization\"},\"potentialAction\":[{\"@type\":\"SearchAction\",\"target\":{\"@type\":\"EntryPoint\",\"urlTemplate\":\"https:\\\/\\\/mazarrononline.com\\\/?s={search_term_string}\"},\"query-input\":{\"@type\":\"PropertyValueSpecification\",\"valueRequired\":true,\"valueName\":\"search_term_string\"}}],\"inLanguage\":\"en-GB\"},{\"@type\":\"Organization\",\"@id\":\"https:\\\/\\\/mazarrononline.com\\\/#organization\",\"name\":\"Mazarron Online\",\"url\":\"https:\\\/\\\/mazarrononline.com\\\/\",\"logo\":{\"@type\":\"ImageObject\",\"inLanguage\":\"en-GB\",\"@id\":\"https:\\\/\\\/mazarrononline.com\\\/#\\\/schema\\\/logo\\\/image\\\/\",\"url\":\"https:\\\/\\\/mazarrononline.com\\\/wp-content\\\/uploads\\\/2026\\\/03\\\/mazarrononline.com_.png\",\"contentUrl\":\"https:\\\/\\\/mazarrononline.com\\\/wp-content\\\/uploads\\\/2026\\\/03\\\/mazarrononline.com_.png\",\"width\":891,\"height\":340,\"caption\":\"Mazarron Online\"},\"image\":{\"@id\":\"https:\\\/\\\/mazarrononline.com\\\/#\\\/schema\\\/logo\\\/image\\\/\"}},{\"@type\":\"Person\",\"@id\":\"https:\\\/\\\/mazarrononline.com\\\/#\\\/schema\\\/person\\\/d9631cc872d8c011f835a190d882e76d\",\"name\":\"Leyre\",\"image\":{\"@type\":\"ImageObject\",\"inLanguage\":\"en-GB\",\"@id\":\"https:\\\/\\\/secure.gravatar.com\\\/avatar\\\/3c782ce00e025f94599c550917c21e50e8a575481f274333674068bc26c1b3ff?s=96&d=mm&r=g\",\"url\":\"https:\\\/\\\/secure.gravatar.com\\\/avatar\\\/3c782ce00e025f94599c550917c21e50e8a575481f274333674068bc26c1b3ff?s=96&d=mm&r=g\",\"contentUrl\":\"https:\\\/\\\/secure.gravatar.com\\\/avatar\\\/3c782ce00e025f94599c550917c21e50e8a575481f274333674068bc26c1b3ff?s=96&d=mm&r=g\",\"caption\":\"Leyre\"},\"description\":\"Apasionada del periodismo de viajes y la cultura local, de Mazarr\u00f3n, donde recorro cada d\u00eda los rincones, playas y eventos. Estoy Especializada en gu\u00edas de turismo, ocio y gastronom\u00eda de Mazarr\u00f3n, comparto consejos pr\u00e1cticos y recomendaciones de primera mano para ayudar a vecinos y visitantes a disfrutar al m\u00e1ximo del municipio.\",\"sameAs\":[\"https:\\\/\\\/mazarrononline.com\"],\"url\":\"https:\\\/\\\/mazarrononline.com\\\/en\\\/author\\\/todalainformacionweb\\\/\"}]}<\/script>\n<!-- \/ Yoast SEO plugin. -->","yoast_head_json":{"title":"Horario de Misas en Mazarr\u00f3n Agosto 2026 | Verano","description":"Consulta el horario actualizado de misas en Mazarr\u00f3n, Puerto, Ermita Bah\u00eda, Bolnuevo, San Antonio y San Andr\u00e9s para agosto y verano de 2026.","robots":{"index":"index","follow":"follow","max-snippet":"max-snippet:-1","max-image-preview":"max-image-preview:large","max-video-preview":"max-video-preview:-1"},"canonical":"https:\/\/mazarrononline.com\/en\/horario-misas-puerto-mazarron\/","og_locale":"en_GB","og_type":"article","og_title":"Horario de Misas en Mazarr\u00f3n Agosto 2026 | Verano","og_description":"Consulta el horario actualizado de misas en Mazarr\u00f3n, Puerto, Ermita Bah\u00eda, Bolnuevo, San Antonio y San Andr\u00e9s para agosto y verano de 2026.","og_url":"https:\/\/mazarrononline.com\/en\/horario-misas-puerto-mazarron\/","og_site_name":"Mazarron Online","article_published_time":"2020-08-28T14:15:21+00:00","article_modified_time":"2026-08-28T16:03:45+00:00","og_image":[{"width":640,"height":427,"url":"https:\/\/mazarrononline.com\/wp-content\/uploads\/2026\/03\/parroquia-san-jose-mazarron-horarios-misas-e1773566820337.jpg","type":"image\/jpeg"}],"author":"Leyre","twitter_card":"summary_large_image","twitter_misc":{"Written by":"Leyre","Estimated reading time":"3 minutes"},"schema":{"@context":"https:\/\/schema.org","@graph":[{"@type":"Article","@id":"https:\/\/mazarrononline.com\/horario-misas-puerto-mazarron\/#article","isPartOf":{"@id":"https:\/\/mazarrononline.com\/horario-misas-puerto-mazarron\/"},"author":{"name":"Leyre","@id":"https:\/\/mazarrononline.com\/#\/schema\/person\/d9631cc872d8c011f835a190d882e76d"},"headline":"Horario de Misas en Mazarr\u00f3n Agosto 2026 | Verano y Playas","datePublished":"2020-08-28T14:15:21+00:00","dateModified":"2026-08-28T16:03:45+00:00","mainEntityOfPage":{"@id":"https:\/\/mazarrononline.com\/horario-misas-puerto-mazarron\/"},"wordCount":586,"commentCount":0,"publisher":{"@id":"https:\/\/mazarrononline.com\/#organization"},"image":{"@id":"https:\/\/mazarrononline.com\/horario-misas-puerto-mazarron\/#primaryimage"},"thumbnailUrl":"https:\/\/mazarrononline.com\/wp-content\/uploads\/2026\/03\/parroquia-san-jose-mazarron-horarios-misas-e1773566820337.jpg","articleSection":["Horarios"],"inLanguage":"en-GB","potentialAction":[{"@type":"CommentAction","name":"Comment","target":["https:\/\/mazarrononline.com\/horario-misas-puerto-mazarron\/#respond"]}]},{"@type":"WebPage","@id":"https:\/\/mazarrononline.com\/horario-misas-puerto-mazarron\/","url":"https:\/\/mazarrononline.com\/horario-misas-puerto-mazarron\/","name":"Horario de Misas en Mazarr\u00f3n Agosto 2026 | Verano","isPartOf":{"@id":"https:\/\/mazarrononline.com\/#website"},"primaryImageOfPage":{"@id":"https:\/\/mazarrononline.com\/horario-misas-puerto-mazarron\/#primaryimage"},"image":{"@id":"https:\/\/mazarrononline.com\/horario-misas-puerto-mazarron\/#primaryimage"},"thumbnailUrl":"https:\/\/mazarrononline.com\/wp-content\/uploads\/2026\/03\/parroquia-san-jose-mazarron-horarios-misas-e1773566820337.jpg","datePublished":"2020-08-28T14:15:21+00:00","dateModified":"2026-08-28T16:03:45+00:00","description":"Consulta el horario actualizado de misas en Mazarr\u00f3n, Puerto, Ermita Bah\u00eda, Bolnuevo, San Antonio y San Andr\u00e9s para agosto y verano de 2026.","breadcrumb":{"@id":"https:\/\/mazarrononline.com\/horario-misas-puerto-mazarron\/#breadcrumb"},"inLanguage":"en-GB","potentialAction":[{"@type":"ReadAction","target":["https:\/\/mazarrononline.com\/horario-misas-puerto-mazarron\/"]}]},{"@type":"ImageObject","inLanguage":"en-GB","@id":"https:\/\/mazarrononline.com\/horario-misas-puerto-mazarron\/#primaryimage","url":"https:\/\/mazarrononline.com\/wp-content\/uploads\/2026\/03\/parroquia-san-jose-mazarron-horarios-misas-e1773566820337.jpg","contentUrl":"https:\/\/mazarrononline.com\/wp-content\/uploads\/2026\/03\/parroquia-san-jose-mazarron-horarios-misas-e1773566820337.jpg","width":640,"height":427,"caption":"parroquia-san-jose-mazarron-horarios-misas"},{"@type":"BreadcrumbList","@id":"https:\/\/mazarrononline.com\/horario-misas-puerto-mazarron\/#breadcrumb","itemListElement":[{"@type":"ListItem","position":1,"name":"Portada","item":"https:\/\/mazarrononline.com\/"},{"@type":"ListItem","position":2,"name":"Horario de Misas en Mazarr\u00f3n Agosto 2026 | Verano y Playas"}]},{"@type":"WebSite","@id":"https:\/\/mazarrononline.com\/#website","url":"https:\/\/mazarrononline.com\/","name":"Mazarron Online","description":"","publisher":{"@id":"https:\/\/mazarrononline.com\/#organization"},"potentialAction":[{"@type":"SearchAction","target":{"@type":"EntryPoint","urlTemplate":"https:\/\/mazarrononline.com\/?s={search_term_string}"},"query-input":{"@type":"PropertyValueSpecification","valueRequired":true,"valueName":"search_term_string"}}],"inLanguage":"en-GB"},{"@type":"Organization","@id":"https:\/\/mazarrononline.com\/#organization","name":"Mazarron Online","url":"https:\/\/mazarrononline.com\/","logo":{"@type":"ImageObject","inLanguage":"en-GB","@id":"https:\/\/mazarrononline.com\/#\/schema\/logo\/image\/","url":"https:\/\/mazarrononline.com\/wp-content\/uploads\/2026\/03\/mazarrononline.com_.png","contentUrl":"https:\/\/mazarrononline.com\/wp-content\/uploads\/2026\/03\/mazarrononline.com_.png","width":891,"height":340,"caption":"Mazarron Online"},"image":{"@id":"https:\/\/mazarrononline.com\/#\/schema\/logo\/image\/"}},{"@type":"Person","@id":"https:\/\/mazarrononline.com\/#\/schema\/person\/d9631cc872d8c011f835a190d882e76d","name":"Leyre","image":{"@type":"ImageObject","inLanguage":"en-GB","@id":"https:\/\/secure.gravatar.com\/avatar\/3c782ce00e025f94599c550917c21e50e8a575481f274333674068bc26c1b3ff?s=96&d=mm&r=g","url":"https:\/\/secure.gravatar.com\/avatar\/3c782ce00e025f94599c550917c21e50e8a575481f274333674068bc26c1b3ff?s=96&d=mm&r=g","contentUrl":"https:\/\/secure.gravatar.com\/avatar\/3c782ce00e025f94599c550917c21e50e8a575481f274333674068bc26c1b3ff?s=96&d=mm&r=g","caption":"Leyre"},"description":"Apasionada del periodismo de viajes y la cultura local, de Mazarr\u00f3n, donde recorro cada d\u00eda los rincones, playas y eventos. Estoy Especializada en gu\u00edas de turismo, ocio y gastronom\u00eda de Mazarr\u00f3n, comparto consejos pr\u00e1cticos y recomendaciones de primera mano para ayudar a vecinos y visitantes a disfrutar al m\u00e1ximo del municipio.","sameAs":["https:\/\/mazarrononline.com"],"url":"https:\/\/mazarrononline.com\/en\/author\/todalainformacionweb\/"}]}},"_links":{"self":[{"href":"https:\/\/mazarrononline.com\/en\/wp-json\/wp\/v2\/posts\/134","targetHints":{"allow":["GET"]}}],"collection":[{"href":"https:\/\/mazarrononline.com\/en\/wp-json\/wp\/v2\/posts"}],"about":[{"href":"https:\/\/mazarrononline.com\/en\/wp-json\/wp\/v2\/types\/post"}],"author":[{"embeddable":true,"href":"https:\/\/mazarrononline.com\/en\/wp-json\/wp\/v2\/users\/1"}],"replies":[{"embeddable":true,"href":"https:\/\/mazarrononline.com\/en\/wp-json\/wp\/v2\/comments?post=134"}],"version-history":[{"count":7,"href":"https:\/\/mazarrononline.com\/en\/wp-json\/wp\/v2\/posts\/134\/revisions"}],"predecessor-version":[{"id":4663,"href":"https:\/\/mazarrononline.com\/en\/wp-json\/wp\/v2\/posts\/134\/revisions\/4663"}],"wp:featuredmedia":[{"embeddable":true,"href":"https:\/\/mazarrononline.com\/en\/wp-json\/wp\/v2\/media\/1274"}],"wp:attachment":[{"href":"https:\/\/mazarrononline.com\/en\/wp-json\/wp\/v2\/media?parent=134"}],"wp:term":[{"taxonomy":"category","embeddable":true,"href":"https:\/\/mazarrononline.com\/en\/wp-json\/wp\/v2\/categories?post=134"},{"taxonomy":"post_tag","embeddable":true,"href":"https:\/\/mazarrononline.com\/en\/wp-json\/wp\/v2\/tags?post=134"}],"curies":[{"name":"wp","href":"https:\/\/api.w.org\/{rel}","templated":true}]}}